{"id":6124,"date":"2021-05-05T22:07:59","date_gmt":"2021-05-05T21:07:59","guid":{"rendered":"http:\/\/csepelfc.hu\/?p=6124"},"modified":"2021-05-05T22:14:05","modified_gmt":"2021-05-05T21:14:05","slug":"a-szurkolast-igen-a-kupat-sajnos-nem-mi-nyertuk","status":"publish","type":"post","link":"http:\/\/csepelfc.hu\/index.php\/2021\/05\/05\/a-szurkolast-igen-a-kupat-sajnos-nem-mi-nyertuk\/","title":{"rendered":"A szurkol\u00e1st igen, a kup\u00e1t sajnos nem mi nyert\u00fck"},"content":{"rendered":"<p>A 45. alkalommal ki\u00edrt Budapest Kupa fin\u00e1l\u00e9j\u00e1ban metsz\u0151 hidegben \u00e9s szakad\u00f3 es\u0151ben l\u00e9pt\u00fcnk p\u00e1ly\u00e1ra a Kelen SC ellen, ahol 120 percnyi j\u00e1t\u00e9kot k\u00f6vet\u0151en maradtunk alul.<!--more--><\/p>\n<p>A m\u00e9rk\u0151z\u00e9s kezdete el\u0151tt a d\u00e9lel\u0151ttihez k\u00e9pest hatalmasat v\u00e1ltozott az id\u0151j\u00e1r\u00e1s: leh\u0171lt a leveg\u0151, ork\u00e1nszer\u0171 sz\u00e9l kerekedett \u00e9s s\u0171r\u0171 z\u00e1pores\u0151 kezdett esni a Budafoki MTE stadionj\u00e1ban. Ez nem csak a j\u00e1t\u00e9kosoknak, a meccset v\u00e9gre \u00e9l\u0151ben \u00e9lvezhet\u0151 szurkol\u00f3knak sem volt kedv\u00e9re, r\u00e1ad\u00e1sul egyetlen hely sem akadt a sporttelepen, ahol legal\u00e1bb egy forr\u00f3 italt vagy n\u00e9h\u00e1ny szendvicset magukhoz tudtak volna venni a fogvacogtat\u00f3 hidegben csapataikat buzd\u00edt\u00f3 n\u00e9z\u0151k, akik k\u00f6z\u00fcl a csepeliek fel- felt\u00f6r\u0151 hangork\u00e1nja eg\u00e9sz meccsen jelent\u0151sen t\u00falsz\u00e1rnyalta a Kelen szurkol\u00f3i\u00e9t.<\/p>\n<p>A tal\u00e1lkoz\u00f3 \u00f6sszess\u00e9g\u00e9ben kiegyenl\u00edtett j\u00e1t\u00e9kot hozott a 90 perc sor\u00e1n, az utols\u00f3 m\u00e1sodpercekben ak\u00e1r a gy\u0151ztes tal\u00e1latot is megszerezhett\u00fck volna, de sajnos nem \u00edgy t\u00f6rt\u00e9nt&#8230; A r\u00e1ad\u00e1sra azt\u00e1n sz\u00e9pen lassan &#8220;elfogytunk&#8221;, hiszen a f\u00e1radts\u00e1g mellett a s\u00e9r\u00fcl\u00e9sek is tizedelt\u00e9k egy\u00fcttes\u00fcnket, amelyben a kiv\u00e1l\u00f3 napot kifog\u00f3 Sz\u0171cs kapus is v\u00e9gig derekasan helyt\u00e1llt, \u00e1m a 117. percben m\u00e1r \u0151 is tehetetlennek bizonyult egy j\u00f3l eltal\u00e1lt l\u00f6v\u00e9ssel szemben. A kup\u00e1t \u00edgy a r\u00e1ad\u00e1st picivel jobban b\u00edr\u00f3 Kelen SC nyerte el.<\/p>\n<p>Felt\u00e9tlen eml\u00edt\u00e9st kell tenni az \u00f6sszecsap\u00e1s alatt v\u00e9gig \u00e1z\u00f3- f\u00e1z\u00f3, \u00e1m zoksz\u00f3 n\u00e9lk\u00fcl kitart\u00f3 labdaszed\u0151 gyerekekr\u0151l, akiknek fel\u00e9t a Csepel FC, m\u00e1sik fel\u00e9t a Kelen adta, \u0151ket is maxim\u00e1lis elismer\u00e9s illeti.<\/p>\n<p>Csapatunkat az elvesz\u00edtett d\u00f6nt\u0151 ellen\u00e9re is percekig \u00e9ltette lelkes k\u00f6z\u00f6ns\u00e9g\u00fcnk, akik v\u00e9gig p\u00e9ldamutat\u00f3 m\u00f3don, szinte meg\u00e1ll\u00e1s n\u00e9lk\u00fcl biztatt\u00e1k a mieinket, \u00edgy nekik m\u00e9lt\u00e1n j\u00e1r a k\u00e9pzeletbeli &#8220;<em>M\u00e9rk\u0151z\u00e9s leglelkesebb szurkol\u00f3t\u00e1bora<\/em>&#8221; d\u00edj!<\/p>\n<p><strong>45. Budapest Kupa D\u00f6nt\u0151<\/strong><\/p>\n<p><strong>Csepel FC &#8211; Kelen SC 0:1 (0:0, 0:0 h.u.: 0:0, 0:1)<\/strong><\/p>\n<p>Budafoki MTE Stadion,<strong> Jv.:<\/strong> Horv\u00e1th J\u00e1nos ( Bencze Andr\u00e1s, Sudiczky B\u00e1lint)<\/p>\n<p><strong>Csepel FC:<\/strong> Sz\u0171cs Kriszti\u00e1n &#8211; Bencze M\u00e1rton, Bende J\u00e1nos (Lencs\u00e9s Attila &#8216;101), M\u00e9sz\u00e1ros Roland, M\u00e9sz\u00e1ros L\u00e1szl\u00f3, V\u00f6r\u00f6s Bence (Mank\u00f3 D\u00e1vid &#8217;63), Torda Bence, Tepl\u00e1n J\u00e1nos (Zai Krist\u00f3f &#8217;86), Tak\u00e1cs L\u00e1szl\u00f3, Gauzer Levente, Tolnay Rokk\u00f3 (N\u00e9meth Zolt\u00e1n &#8217;46, Urbin Martin &#8216;101) <strong>Szakmai vezet\u0151:<\/strong> Tak\u00e1cs Kriszti\u00e1n, <strong>J\u00e1t\u00e9kos- edz\u0151:<\/strong> Tak\u00e1cs L\u00e1szl\u00f3, <strong>Asszisztens edz\u0151:<\/strong> Zsivoczky P\u00e9ter<\/p>\n<p><strong>Kelen SC:<\/strong> Zima \u00c1. &#8211; Egyed B., M\u00f3dly M., R\u0151thy M., Balogh B. (Gy\u00f6rgy K. &#8216;120), K\u00e1d\u00e1r M., Wild T., Pint\u00e9r B., T\u00edm\u00e1ri N., So\u00f3s D. (Ko\u00f3s B. &#8217;70), Erdei A. (Ayrton D, &#8216;119) <strong>Vezet\u0151edz\u0151:<\/strong> Harmati Tam\u00e1s<\/p>\n<p><strong>Gsz.:<\/strong>K\u00e1d\u00e1r M. &#8216;117<\/p>\n","protected":false},"excerpt":{"rendered":"<div class=\"mh-excerpt\"><p>A 45. alkalommal ki\u00edrt Budapest Kupa fin\u00e1l\u00e9j\u00e1ban metsz\u0151 hidegben \u00e9s szakad\u00f3 es\u0151ben l\u00e9pt\u00fcnk p\u00e1ly\u00e1ra a Kelen SC ellen, ahol 120 percnyi j\u00e1t\u00e9kot k\u00f6vet\u0151en maradtunk alul.<\/p>\n<\/div>","protected":false},"author":4,"featured_media":6125,"comment_status":"closed","ping_status":"open","sticky":false,"template":"","format":"standard","meta":{"jetpack_publicize_message":"","jetpack_is_tweetstorm":false,"jetpack_publicize_feature_enabled":true},"categories":[1,7],"tags":[],"jetpack_publicize_connections":[],"jetpack_featured_media_url":"http:\/\/csepelfc.hu\/wp-content\/uploads\/2021\/05\/Csepel-KelenKupa.jpg","jetpack_sharing_enabled":true,"jetpack_shortlink":"https:\/\/wp.me\/p83FEU-1AM","_links":{"self":[{"href":"http:\/\/csepelfc.hu\/index.php\/wp-json\/wp\/v2\/posts\/6124"}],"collection":[{"href":"http:\/\/csepelfc.hu\/index.php\/wp-json\/wp\/v2\/posts"}],"about":[{"href":"http:\/\/csepelfc.hu\/index.php\/wp-json\/wp\/v2\/types\/post"}],"author":[{"embeddable":true,"href":"http:\/\/csepelfc.hu\/index.php\/wp-json\/wp\/v2\/users\/4"}],"replies":[{"embeddable":true,"href":"http:\/\/csepelfc.hu\/index.php\/wp-json\/wp\/v2\/comments?post=6124"}],"version-history":[{"count":3,"href":"http:\/\/csepelfc.hu\/index.php\/wp-json\/wp\/v2\/posts\/6124\/revisions"}],"predecessor-version":[{"id":6129,"href":"http:\/\/csepelfc.hu\/index.php\/wp-json\/wp\/v2\/posts\/6124\/revisions\/6129"}],"wp:featuredmedia":[{"embeddable":true,"href":"http:\/\/csepelfc.hu\/index.php\/wp-json\/wp\/v2\/media\/6125"}],"wp:attachment":[{"href":"http:\/\/csepelfc.hu\/index.php\/wp-json\/wp\/v2\/media?parent=6124"}],"wp:term":[{"taxonomy":"category","embeddable":true,"href":"http:\/\/csepelfc.hu\/index.php\/wp-json\/wp\/v2\/categories?post=6124"},{"taxonomy":"post_tag","embeddable":true,"href":"http:\/\/csepelfc.hu\/index.php\/wp-json\/wp\/v2\/tags?post=6124"}],"curies":[{"name":"wp","href":"https:\/\/api.w.org\/{rel}","templated":true}]}}