{"id":610,"date":"2017-03-15T16:14:15","date_gmt":"2017-03-15T15:14:15","guid":{"rendered":"http:\/\/csepelfc.hu\/?p=610"},"modified":"2017-03-15T16:19:46","modified_gmt":"2017-03-15T15:19:46","slug":"up-pozitiv-merleggel-zartuk-a-fordulot","status":"publish","type":"post","link":"http:\/\/csepelfc.hu\/index.php\/2017\/03\/15\/up-pozitiv-merleggel-zartuk-a-fordulot\/","title":{"rendered":"UP: pozit\u00edv m\u00e9rleggel z\u00e1rtuk a fordul\u00f3t"},"content":{"rendered":"<p>A Csepel FC ut\u00e1np\u00f3tl\u00e1s csapatai (a l\u00e1nyok kiv\u00e9tel\u00e9vel) \u00fajabb fordul\u00f3n\u00a0estek t\u00fal a tavaszi szezonban, ahol a legjobban a nagyobbaknak siker\u00fclt a h\u00e9tv\u00e9ge: az U17 \u00e9s U19 magabiztosan nyert Taksonyban, az U15 is rev\u00e1nsot vett a P\u00e9nz\u00fcgy\u0151r\u00f6n, a t\u00f6bbiek sajnos nem j\u00e1rtak ekkora szerencs\u00e9vel&#8230;<!--more--><\/p>\n<p>U-15 II. oszt\u00e1ly K\u00f6z\u00e9p- B<\/p>\n<p><strong>Csepel FC SE \u2013\u00a0<\/strong>P\u00e9nz\u00fcgy\u0151r SE <strong>5\u20131 (3\u20130)<\/strong><\/p>\n<p>M\u00e1rcius 12. vas\u00e1rnap, 12 \u00f3ra Csepel Stadion, 2. edz\u0151p\u00e1lya<\/p>\n<p><strong>Vezette:<\/strong> Pet\u0151 Nimr\u00f3d (Sz\u00e9kely Andr\u00e1s, B\u00e1csi Iv\u00e1n)<\/p>\n<p><strong>G.:<\/strong> Lipl N. (4) \u20192,\u201932,\u201960,\u201965, M\u00e1t\u00e9 G. (\u201922)<\/p>\n<p><strong>Csepel FC:<\/strong> T\u00f3th Zolt\u00e1n (Kov\u00e1cs Rich\u00e1rd) \u2013 Hegyes M\u00e1rton, Varga Zolt\u00e1n (Kaposv\u00e1ri M\u00e1t\u00e9), Cz\u00e9km\u00e1ny \u00c1d\u00e1m (Jakab Andr\u00e1s), Kerner Tam\u00e1s, M\u00e1t\u00e9 Gerg\u0151, Strum Gerg\u0151, Lipl Noel, Lencs\u00e9s Attila (Szikszai Attila), Varga Istv\u00e1n, Horv\u00e1th \u00c1kos<\/p>\n<p><strong>Kispad:<\/strong> &#8211;<\/p>\n<p><strong>J\u00f3k:<\/strong> Lipl N., Horv\u00e1th \u00c1., M\u00e1t\u00e9 G.<\/p>\n<p><strong>N\u00e9meth G\u00e1bor:<\/strong> &#8211; J\u00f3 felfog\u00e1sban kezdt\u00fck a tal\u00e1lkoz\u00f3t, \u00edgy a l\u00e9nyegi k\u00e9rd\u00e9sek hamar eld\u0151ltek. Az \u0151szi m\u00e9rk\u0151z\u00e9s\u00fcnk t\u00fckr\u00e9ben volt mit jav\u00edtanunk ebben a &#8221; p\u00e1rharcban&#8221; is, ami az eredm\u00e9nyt tekintve siker\u00fclt. K\u00f6vetkez\u0151 ilyen ellenfel\u00fcnkkel vas\u00e1rnap tal\u00e1lkozunk, ahol a listavezet\u0151 elleni \u00f6sszecsap\u00e1s nem \u00edg\u00e9rkezik k\u00f6nny\u0171 feladatnak&#8230;<\/p>\n<p>&nbsp;<\/p>\n<p>U-14 II. oszt\u00e1ly K\u00f6z\u00e9p- B<\/p>\n<p><strong>Csepel FC SE \u2013\u00a0<\/strong>P\u00e9nz\u00fcgy\u0151r SE<strong>\u00a03\u20137 (1\u20135)<\/strong><\/p>\n<p>M\u00e1rcius 12. vas\u00e1rnap, 10 \u00f3ra Csepel Stadion, 2. edz\u0151p\u00e1lya<\/p>\n<p><strong>Vezette:<\/strong> Pet\u0151 Nimr\u00f3d (Sz\u00e9kely Andr\u00e1s, B\u00e1csi Iv\u00e1n)<\/p>\n<p><strong>G.:<\/strong> Tornyos B. (\u201938), P\u00e1sztor P. (\u201962) , N\u00e1di R. (\u201972), ill. Schmidt K. (4), Szogulovszkij (2), Kasz\u00e1s<\/p>\n<p><strong>Csepel FC:<\/strong> Gregus Gerg\u0151 \u2013 Varga Krisztofer, N\u00e1di Roland (D\u00e1niel Gerg\u0151), Tan\u00e1cs Patrik (Bacskay Roland), V\u00e9gh Patrik, S\u00fck\u00f6sd Kriszti\u00e1n, P\u00e1sztor P\u00e9ter, Fazekas \u00c1d\u00e1m, Kardos \u00c1d\u00e1m, Kiss Marcell, Tornyos Benedek (Kmetz J\u00f3zsef)<\/p>\n<p><strong>Kispad:<\/strong> Oszter M\u00e1rk,<\/p>\n<p><strong>J\u00f3k:<\/strong> Gregus G., Kiss M., N\u00e1di R., Tornyos B.<\/p>\n<p><strong>Elekes Zsolt:<\/strong> &#8211; Ez a m\u00e9rk\u0151z\u00e9s sokkal jobban tetszett, mint a m\u00falt heti, mert sokkal jobban k\u00fczd\u00f6tt\u00fcnk egy rendk\u00edv\u00fcl er\u0151s riv\u00e1lissal szemben. Az els\u0151 f\u00e9lid\u0151ben g\u00f3ljainkat szinte csak egy\u00e9ni hib\u00e1k ut\u00e1n kaptuk, melyek m\u00e1r j\u00f6v\u0151re kik\u00fcsz\u00f6b\u00f6lhet\u0151k. Labdabirtokl\u00e1sban mindenk\u00e9ppen szeretn\u00e9nk el\u0151re l\u00e9pni, b\u00e1r a jelent\u0151s fizikai h\u00e1tr\u00e1nyunk miatt j\u00e1t\u00e9kosaimnak neh\u00e9z dolga van \u2013e tekintetben. Mindenk\u00e9pen figyelemrem\u00e9lt\u00f3, hogy a m\u00e1sodik f\u00e9lid\u0151t d\u00f6ntetlenre hoztuk, \u00e9s ism\u00e9t k\u00e9t j\u00e1t\u00e9kosunk deb\u00fct\u00e1lt a nagyp\u00e1ly\u00e1s bajnoks\u00e1gban! Abban, hogy j\u00f3 \u00faton j\u00e1runk, tov\u00e1bbra is biztos vagyok.<\/p>\n<p>U-19 III. oszt\u00e1ly K\u00f6z\u00e9p- Nyugat<\/p>\n<p>Taksony SE<strong>\u2013<\/strong> <strong>Csepel FC SE 0\u20132 (0\u20131)<\/strong><\/p>\n<p>M\u00e1rcius 11. szombat, 09:00 Taksony SE Sporttelep<\/p>\n<p><strong>Vezette:<\/strong> Harmath Zsolt (K\u00e1ny\u00e1si Istv\u00e1n, Szalai Zolt\u00e1n)<\/p>\n<p><strong>G.:<\/strong> Torda B. (2), \u201939, \u201988<\/p>\n<p><strong>Csepel FC:<\/strong> Szab\u00f3 B\u00e9la \u2013 Vit\u00e1rius Gerg\u0151, Bodn\u00e1r D\u00e1niel, Busai Tam\u00e1s (Szab\u00f3 Viktor), Garami D\u00e1niel, Garai \u00c1d\u00e1m, Horv\u00e1th Gyula, \u00c1rkocsevics Mil\u00e1n (Nagy J\u00e1nos), Gy\u0151ri Barnab\u00e1s, Torda Bence, Rakitovszky Viktor<\/p>\n<p><strong>Kispad:<\/strong> Jakab M\u00e1t\u00e9<\/p>\n<p><strong>Edz\u0151:<\/strong> Borda Viktor<\/p>\n<p><strong>J\u00f3k: <\/strong>Torda Bence<\/p>\n<p><strong>Borda Viktor: &#8211; <\/strong>A kor\u00e1bban szebb napokat l\u00e1tott taksonyi m\u0171f\u00fcves p\u00e1lya adott otthont a m\u00e9rk\u0151z\u00e9snek, ahonnan k\u00e9t kilom\u00e9terre kellett \u00f6lt\u00f6zn\u00fcnk, s maga a\u00a0tal\u00e1lkoz\u00f3 h\u0171en t\u00fckr\u00f6zte a mostoha k\u00f6r\u00fclm\u00e9nyeket. Nem megb\u00e1ntva a h\u00e1zigazd\u00e1kat mindez m\u00e9ltatlan ehhez a bajnoks\u00e1ghoz&#8230;\u00a0A j\u00e1t\u00e9k\u00a0ritmustalan, folyamatos megszak\u00edt\u00e1sokkal tark\u00edtott \u00e9lvezhetetlen tal\u00e1lkoz\u00f3t hozott, ahol mi ir\u00e1ny\u00edtottunk,s ellenfel\u00fcnk f\u00f6l\u00e9 n\u0151tt\u00fcnk, \u00e1m ez a g\u00f3lok sz\u00e1m\u00e1ban sajnos nem mutatkozott meg. Nem volt el\u00e9g, hogy a koponyas\u00e9r\u00fcl\u00e9ssel bajl\u00f3d\u00f3 N\u00e1das Kriszti\u00e1nt n\u00e9lk\u00fcl\u00f6zn\u00fcnk kellett, Busait a <strong>\u00a0<\/strong>24.percben le kellett hozni a p\u00e1ly\u00e1r\u00f3l, \u00edgy id\u0151 el\u0151tt \u00e1t kellett szervezni a j\u00e1t\u00e9kunkat is,\u00a0\u00e1m ennek ellen\u00e9re az els\u0151 f\u00e9lid\u0151 v\u00e9ge fel\u00e9 egy sz\u00e9p t\u00e1mad\u00e1st k\u00f6vet\u0151en meg tudtuk szerezni a vezet\u00e9st. A m\u00e1sodik f\u00e9lid\u0151ben igyekezt\u00fcnk stabil v\u00e9dekez\u00e9sb\u0151l kontr\u00e1kra \u00e9p\u00edteni, de m\u00e1sodik g\u00f3lunkat\u00a0v\u00e9g\u00fcl egy\u00a0pontr\u00fag\u00e1sb\u00f3l szerezt\u00fck meg.\u00a0 \u00d6sszess\u00e9g\u00e9ben gratul\u00e1lok csapatomnak az \u00fajabb kapott g\u00f3l n\u00e9lk\u00fcli gy\u0151ztes tal\u00e1lkoz\u00f3hoz.<\/p>\n<p>&nbsp;<\/p>\n<p>U-17 III. oszt\u00e1ly K\u00f6z\u00e9p- Nyugat<\/p>\n<p>Taksony SE<strong>\u2013<\/strong> <strong>Csepel FC SE 0\u20134 (0\u20134)<\/strong><\/p>\n<p>M\u00e1rcius 11. szombat, 11:00 Taksony SE Sporttelep<\/p>\n<p><strong>Vezette:<\/strong> Szalai Zolt\u00e1n (K\u00e1ny\u00e1si Istv\u00e1n, Harmath Zsolt)<\/p>\n<p><strong>G.:<\/strong> Bar\u00e1th B. (2), \u201910,\u201939, Kaszab F. (\u201940), Varga B. (\u201944)<\/p>\n<p><strong>Csepel FC:<\/strong> V\u00e9gh Kriszti\u00e1n (D\u00f6br\u00f6cz\u00f6ni Csaba) \u2013 Mondok Rich\u00e1rd, Kov\u00e1cs Dominik (Ujfalusi Zsolt), Kaszab Ferenc, Szab\u00f3 Rich\u00e1rd (B\u00edr\u00f3 \u00c1kos), Banitz R\u00f3bert, Kutika D\u00e1niel, Bar\u00e1th Bence (T\u00fcske Zolt\u00e1n), N\u00e1ni Gyula, Varga Botond (Gladkov Zolt\u00e1n), Hinics Mil\u00e1n<\/p>\n<p><strong>Kispad:<\/strong>&#8211;<\/p>\n<p><strong>Edz\u0151:<\/strong> Borda Viktor<\/p>\n<p><strong>Ki\u00e1ll\u00edtva:<\/strong> N\u00e1ni Gyula<\/p>\n<p><strong>J\u00f3k: &#8211;<\/strong><\/p>\n<p><strong>Borda Viktor: &#8211; <\/strong>Gyakorlatilag az els\u0151 perct\u0151l ir\u00e1ny\u00edt\u00e1sunk alatt tartottuk a meccset, ellenfel\u00fcnk a v\u00e9dekez\u00e9ssel volt elfoglalva. L\u00e1tv\u00e1nyosan lassabb volt a j\u00e1t\u00e9kuk a mi\u00e9nkn\u00e9l, lassabban mozogtak n\u00e1lunk, ami rengeteg szab\u00e1lytalans\u00e1got eredm\u00e9nyezett. Ezt sajnos j\u00e1t\u00e9kosaim nem kezelt\u00e9k megfelel\u0151en, minek k\u00f6vetkezt\u00e9ben N\u00e1ni Gyul\u00e1t t\u00f6rleszt\u00e9s\u00e9rt ki is \u00e1ll\u00edtotta a j\u00e1t\u00e9kvezet\u0151, ami a csapattal szemben elk\u00f6vetett nagyfok\u00fa felel\u0151tlens\u00e9g volt. Hozz\u00e1teszem, hogy ellenfel\u00fcnk nem provok\u00e1l\u00f3 c\u00e9lzattal szab\u00e1lytalankodott rengeteget, eg\u00e9sz egyszer\u0171en \u00f3ri\u00e1si volt a k\u00e9t csapat k\u00f6zti sebess\u00e9gk\u00fcl\u00f6nbs\u00e9g. Szerencs\u00e9re siker\u00fclt r\u00e9st tal\u00e1lnunk az ellenf\u00e9l v\u00e9delm\u00e9n a ki\u00e1ll\u00edt\u00e1st k\u00f6vet\u0151en is, akkor sem v\u00e1ltoztattunk\u00a0 eg\u00e9sz p\u00e1ly\u00e1s let\u00e1mad\u00e1sunkon, ami az els\u0151 f\u00e9lid\u0151 v\u00e9g\u00e9re 4 g\u00f3lt eredm\u00e9nyezett. A m\u00e1sodik f\u00e9lid\u0151ben medd\u0151 mez\u0151nyf\u00f6l\u00e9nyben j\u00e1tszottunk \u00e9s csup\u00e1n k\u00e9t ziccer\u00fcnk akadt, de ezeket sajnos nem tudtuk g\u00f3lokra v\u00e1ltani. A k\u00f6r\u00fclm\u00e9nyeket \u00e9s a ki\u00e1ll\u00edt\u00e1st is figyelembe v\u00e9ve el\u00e9gedett vagyok a tal\u00e1lkoz\u00f3 v\u00e9gkimenetel\u00e9vel.<\/p>\n<p>&nbsp;<\/p>\n<p>BLSZ Ifj\u00fas\u00e1gi U19<\/p>\n<p>Pest\u00fajhely <strong>\u2013<\/strong> <strong>Csepel FC SE 4\u20132 (2\u20132)<\/strong><\/p>\n<p>M\u00e1rcius 14. kedd, 16:15 Pokorny J\u00f3zsef Sport \u00e9s Szabadid\u0151 k\u00f6zpont<\/p>\n<p><strong>Vezette:<\/strong> Bartk\u00f3 J\u00f3zsef<\/p>\n<p><strong>G.: <\/strong>Juh\u00e1sz (2) \u201936,\u201971, Kov\u00e1cs B.(\u201922), Katona Zs (\u201959). ill. Kaszab F. (\u201914), Banitz R. (\u201942)<\/p>\n<p><strong>Csepel FC:<\/strong> Gladkov Zolt\u00e1n \u2013 Jakab M\u00e1t\u00e9 (Kov\u00e1cs Dominik), B\u00edr\u00f3 \u00c1kos (T\u00fcske Zolt\u00e1n), Szab\u00f3 Viktor, Kaszab Ferenc, D\u00f6br\u00f6cz\u00f6ni Csaba, Banitz R\u00f3bert, Ujfalusi Zsolt, Kutika D\u00e1niel, \u00c1rkocsevics Mil\u00e1n, Nagy J\u00e1nos<\/p>\n<p><strong>Kispad:<\/strong> &#8211;<\/p>\n<p><strong>Edz\u0151:<\/strong> Pop Rich\u00e1rd<\/p>\n<p><strong>J\u00f3k: <\/strong><\/p>\n<p><strong>Pop Rich\u00e1rd: &#8211; (nyilatkozat k\u00e9s\u0151bb)<\/strong><\/p>\n","protected":false},"excerpt":{"rendered":"<div class=\"mh-excerpt\"><p>A Csepel FC ut\u00e1np\u00f3tl\u00e1s csapatai (a l\u00e1nyok kiv\u00e9tel\u00e9vel) \u00fajabb fordul\u00f3n\u00a0estek t\u00fal a tavaszi szezonban, ahol a legjobban a nagyobbaknak siker\u00fclt a h\u00e9tv\u00e9ge: az U17 \u00e9s U19 magabiztosan nyert Taksonyban, az <a class=\"mh-excerpt-more\" href=\"http:\/\/csepelfc.hu\/index.php\/2017\/03\/15\/up-pozitiv-merleggel-zartuk-a-fordulot\/\" title=\"UP: pozit\u00edv m\u00e9rleggel z\u00e1rtuk a fordul\u00f3t\">[tov\u00e1bb&#8230;]<\/a><\/p>\n<\/div>","protected":false},"author":4,"featured_media":611,"comment_status":"closed","ping_status":"open","sticky":false,"template":"","format":"standard","meta":{"jetpack_publicize_message":"","jetpack_is_tweetstorm":false,"jetpack_publicize_feature_enabled":true},"categories":[1,3],"tags":[],"jetpack_publicize_connections":[],"jetpack_featured_media_url":"http:\/\/csepelfc.hu\/wp-content\/uploads\/2017\/03\/U15csoportk..jpg","jetpack_sharing_enabled":true,"jetpack_shortlink":"https:\/\/wp.me\/p83FEU-9Q","_links":{"self":[{"href":"http:\/\/csepelfc.hu\/index.php\/wp-json\/wp\/v2\/posts\/610"}],"collection":[{"href":"http:\/\/csepelfc.hu\/index.php\/wp-json\/wp\/v2\/posts"}],"about":[{"href":"http:\/\/csepelfc.hu\/index.php\/wp-json\/wp\/v2\/types\/post"}],"author":[{"embeddable":true,"href":"http:\/\/csepelfc.hu\/index.php\/wp-json\/wp\/v2\/users\/4"}],"replies":[{"embeddable":true,"href":"http:\/\/csepelfc.hu\/index.php\/wp-json\/wp\/v2\/comments?post=610"}],"version-history":[{"count":5,"href":"http:\/\/csepelfc.hu\/index.php\/wp-json\/wp\/v2\/posts\/610\/revisions"}],"predecessor-version":[{"id":616,"href":"http:\/\/csepelfc.hu\/index.php\/wp-json\/wp\/v2\/posts\/610\/revisions\/616"}],"wp:featuredmedia":[{"embeddable":true,"href":"http:\/\/csepelfc.hu\/index.php\/wp-json\/wp\/v2\/media\/611"}],"wp:attachment":[{"href":"http:\/\/csepelfc.hu\/index.php\/wp-json\/wp\/v2\/media?parent=610"}],"wp:term":[{"taxonomy":"category","embeddable":true,"href":"http:\/\/csepelfc.hu\/index.php\/wp-json\/wp\/v2\/categories?post=610"},{"taxonomy":"post_tag","embeddable":true,"href":"http:\/\/csepelfc.hu\/index.php\/wp-json\/wp\/v2\/tags?post=610"}],"curies":[{"name":"wp","href":"https:\/\/api.w.org\/{rel}","templated":true}]}}