{"id":5973,"date":"2021-03-18T13:23:03","date_gmt":"2021-03-18T12:23:03","guid":{"rendered":"http:\/\/csepelfc.hu\/?p=5973"},"modified":"2021-03-18T22:30:21","modified_gmt":"2021-03-18T21:30:21","slug":"5973","status":"publish","type":"post","link":"http:\/\/csepelfc.hu\/index.php\/2021\/03\/18\/5973\/","title":{"rendered":"U19- eseink \u00e9s futsalosaink remekeltek a h\u00e9ten"},"content":{"rendered":"<p>Az imm\u00e1ron tavasziasra fordult id\u0151j\u00e1r\u00e1sban folytat\u00f3dott a Csepel FC koroszt\u00e1lyos csapatainak programja, ahol ism\u00e9t t\u00f6bb sz\u00e9p eredm\u00e9nynek \u00f6r\u00fclhett\u00fcnk. <!--more--><\/p>\n<p>Az U19- es egy\u00fcttes\u00fcnk a Kelen elleni idegenbeli sikerhez hasonl\u00f3an ism\u00e9t h\u00e1rom g\u00f3lt r\u00fagott, igaz ez\u00fattal egyet sem kapott , s \u00edgy magabiztos sikert \u00e9rt el idehaza a Dunakanyar SE- Szentendre ellen\u00e9ben, \u00edgy az \u0151szi 2:2- es d\u00f6ntetlen\u00e9rt m\u00e9lt\u00f3 revansot vettek a sr\u00e1cok \u00e9s tov\u00e1bb er\u0151s\u00edtett\u00e9k hely\u00fcket a k\u00f6z\u00e9pmez\u0151nyben.<\/p>\n<p><strong>Region\u00e1lis UP K\u00f6z\u00e9p B U -19 20. fordul\u00f3<\/strong><\/p>\n<p><strong>Csepel FC &#8211; Dunakanyar SE- Szentendre 3:0 (1:0)<\/strong><\/p>\n<p><strong>G\u00f3lszerz\u0151ink:<\/strong> Tolnay Rokk\u00f3 (2), Urbin Martin<\/p>\n<p>A m\u00e9rk\u0151z\u00e9s <a href=\"http:\/\/ada1bank.mlsz.hu\/match?itemId=1565976&amp;evad=54&amp;szervezet=12&amp;verseny=22918&amp;fordulo=20\">jegyz\u0151k\u00f6nyve<\/a><\/p>\n<p>Az U17- es egy\u00fcttes\u00fcnk m\u00e1rcius 13-\u00e1n j\u00e1tszotta le a Kelen SC elleni tal\u00e1lkoz\u00f3j\u00e1t, ahol sok\u00e1ig es\u00e9ly\u00fcnk volt a pontszerz\u00e9sre \u00e9s ak\u00e1r a sikerre is, \u00e1m a 76. perceben a h\u00e1zigazd\u00e1knak siker\u00fclt felt\u00f6rni\u00fck a v\u00e9delm\u00fcnket \u00e9s a meccs egyetlen g\u00f3lj\u00e1val \u00edgy otthon tartott\u00e1k a tal\u00e1lkoz\u00f3 3 pontj\u00e1t. A veres\u00e9g az\u00e9rt is f\u00e1j\u00f3, mert \u0151sszel nagyon sima, 5:1- es gy\u0151zelmet arattunk a Kelen ellen Csepelen. A tabell\u00e1n itt is a k\u00f6z\u00e9pmez\u0151nyt er\u0151s\u00edtj\u00fck az elfoglalt 7. hely\u00fcnkkel.<\/p>\n<p><strong>Region\u00e1lis UP K\u00f6z\u00e9p B U -17 19. fordul\u00f3<\/strong><\/p>\n<p><strong>Kelen SC &#8211; Csepel FC 1:0 (0:0)<\/strong><\/p>\n<p>A m\u00e9rk\u0151z\u00e9s <a href=\"https:\/\/adatbank.mlsz.hu\/match\/54\/12\/22917\/19\/1566208.html\">jegyz\u0151k\u00f6nyve<\/a><\/p>\n<p>A fiatalabb koroszt\u00e1lyaink k\u00f6z\u00fcl az U15- \u00f6s a Viadukt SE Biatorb\u00e1gy egy\u00fcttes\u00e9t l\u00e1tta vend\u00e9g\u00fcl \u00e9s sok\u00e1ig ny\u00edltt\u00e1 tudta tenni a meccs v\u00e9gkimenetel\u00e9t, de a 80. percben ez v\u00e9gk\u00e9pp meghi\u00fasult, \u00e1m sz\u00e9gyenkez\u00e9sre semmi ok, hiszen az \u0151szi, \u00f6tg\u00f3los veres\u00e9ghez k\u00e9pest m\u00e1r eg\u00e9szen m\u00e1s volt ez az \u00f6sszecsap\u00e1s sz\u00e1munkra.<\/p>\n<p><strong>MLSZ U-15 Region\u00e1lis Bajnoks\u00e1g K\u00f6z\u00e9p-Nyugat 19. fordul\u00f3<\/strong><\/p>\n<p><strong>Csepel FC &#8211; Viadukt SE Biatorb\u00e1gy 1:3 (0:2)<\/strong><\/p>\n<p><strong>G\u00f3lszerz\u0151nk:<\/strong> Gerstenmajer Dominik<\/p>\n<p>A m\u00e9rk\u0151z\u00e9s <a href=\"http:\/\/ada1bank.mlsz.hu\/match?itemId=1612581&amp;evad=54&amp;szervezet=7&amp;verseny=22928&amp;fordulo=19\">jegyz\u0151k\u00f6nyve<\/a><\/p>\n<p>U14- eseink is igyekeztek feledtetni az \u0151szi 10:1- es veres\u00e9get, ami eg\u00e9szen j\u00f3l siker\u00fclt, hiszen ezen a m\u00e1rciusi \u00f6sszecsap\u00e1son mind\u00f6ssze h\u00e1rom g\u00f3lt szerzett az \u00e9lmez\u0151nyh\u00f6z (pontosan a 3. helyen \u00e1ll\u00f3) tartoz\u00f3 biatorb\u00e1gyi csapat, akik meglehet\u0151sen j\u00f3 csapategys\u00e9get alkotnak. Ennek t\u00fckr\u00e9ben pedig nem lehet sz\u00e9gyen\u00e9rzet\u00fcnk ebben a koroszt\u00e1lyban sem a veres\u00e9g ok\u00e1n.<\/p>\n<p><strong>MLSZ U-14 Region\u00e1lis Bajnoks\u00e1g K\u00f6z\u00e9p-Nyugat 19. fordul\u00f3<\/strong><\/p>\n<p><strong>Csepel FC &#8211; Viadukt SE Biatorb\u00e1gy 0:3 (0:1)<\/strong><\/p>\n<p>A m\u00e9rk\u0151z\u00e9s <a href=\"https:\/\/adatbank.mlsz.hu\/match\/54\/7\/22927\/19\/1612461.html\">jegyz\u0151k\u00f6nyve<\/a><\/p>\n<p><strong>Le\u00e1ny U-19 K\u00f6z\u00e9p-Keleti csoport\u00a0\u00a0\u00a0\u00a0\u00a0\u00a0\u00a0<\/strong><\/p>\n<p><strong>Csepel FC &#8211; Gy\u00f6ngy\u00f6si AK 1:7 (1:4)<\/strong><\/p>\n<p><strong>G\u00f3lszerz\u0151nk:<\/strong> Simoncini Paola<\/p>\n<p>A m\u00e9rk\u0151z\u00e9s <a href=\"https:\/\/adatbank.mlsz.hu\/match\/54\/0\/23032\/14\/1581390.html\">jegyz\u0151k\u00f6nyve<\/a><\/p>\n<p>Old Boys csapatunk a Hal\u00e1sztelek otthon\u00e1ban elszenvedett minim\u00e1lis (\u00e9s meglehet\u0151sen \u00e9rdekes id\u0151szakban kapott utols\u00f3 g\u00f3llal) veres\u00e9g ut\u00e1n a listavezet\u0151 MAC egy\u00fcttes\u00e9t l\u00e1tta vend\u00e9g\u00fcl, akik ellen \u0151sszel csup\u00e1n egyetlen g\u00f3los veres\u00e9get szenvedt\u00fcnk idegenben. Az id\u00e1ig m\u00e9g pontot sem vesz\u00edt\u0151 vend\u00e9gek ellen nagyon b\u00e1tran futballozva, lelkesen l\u00e9pett p\u00e1ly\u00e1ra csapatunk \u00e9s t\u00f6bb t\u00e1mad\u00e1st is vezetve m\u00e1r az els\u0151 f\u00e9lid\u0151ben megszerezhett\u00fck volna a vezet\u00e9st, de a kivitelez\u00e9sbe rendre hiba cs\u00faszott. A meglehet\u0151sen paprik\u00e1s hangulat\u00fa, a vend\u00e9gek r\u00e9sz\u00e9r\u0151l n\u00e9ha meglehet\u0151sen durva j\u00e1t\u00e9kot produk\u00e1l\u00f3 \u00f6sszecsap\u00e1st v\u00e9g\u00fcl egy szerencs\u00e9tlen \u00f6ng\u00f3l d\u00f6nt\u00f6tte el, ami a kapunk el\u0151tt menteni igyekv\u0151 v\u00e9d\u0151nk fej\u00e9r\u0151l v\u00e1g\u00f3dott a h\u00e1l\u00f3nkba. Ezt k\u00f6vet\u0151en is akadt m\u00e9g sanszunk az egyenl\u00edt\u00e9sre, de sajnos az v\u00e9g\u00fcl &#8211; a gyatra helyzetkihaszn\u00e1l\u00e1s miatt- nem j\u00f6tt \u00f6ssze, \u00edgy a vend\u00e9gcsapat h\u00e1rom ponttal t\u00e1vozott a B\u00e9ke t\u00e9rr\u0151l.<\/p>\n<p><strong>Old Boys III. oszt\u00e1ly 2. csoport<\/strong><\/p>\n<p><strong>Csepel FC &#8211; MAC 0:1 (0:0)<\/strong><\/p>\n<p>A m\u00e9rk\u0151z\u00e9s <a href=\"https:\/\/adatbank.mlsz.hu\/match\/54\/5\/22999\/14\/1608080.html\">jegyz\u0151k\u00f6nyve<\/a><\/p>\n<p>Feln\u0151tt futsalosaink is alaposan kitettek maguk\u00e9rt \u00e9s az \u0151sszel a P\u00e9nz\u00fcgy\u0151rt\u0151l elszenvedett 12:2- es veres\u00e9g\u00e9rt siker\u00fclt visszav\u00e1gniuk a szerda este rendezett gy\u00e1li \u00f6sszecsap\u00e1son. A mieink m\u00e1r h\u00e1romg\u00f3los f\u00f3rra is szert tettek, de a &#8220;fin\u00e1ncok&#8221; visszakapaszkodtak a meccsbe, aminek v\u00e9gkimenetel\u00e9t azt\u00e1n edz\u0151nk \u00e9s technikai vezet\u0151nk R\u00e1cz Botond g\u00f3lj\u00e1val siker\u00fclt magabiztoss\u00e1 tenni az utols\u00f3 percben.<\/p>\n<p><strong>Region\u00e1lis Futsal Bajnoks\u00e1g Budapesti 1. csoport 12. fordul\u00f3<\/strong><\/p>\n<p><strong>P\u00e9nz\u00fcgy\u0151r SE &#8211; Csepel FC 3:5 (1:4)<\/strong><\/p>\n<p><strong>G\u00f3lszerz\u0151ink:<\/strong> Novakov Dominik, Sebesty\u00e9n L\u00e1szl\u00f3 (2), Kov\u00e1cs S\u00f3lyom, R\u00e1cz Botond<\/p>\n<p>A m\u00e9rk\u0151z\u00e9s <a href=\"https:\/\/adatbank.mlsz.hu\/match\/54\/5\/23176\/12\/1608356.html\">jegyz\u0151k\u00f6nyve<\/a><\/p>\n","protected":false},"excerpt":{"rendered":"<div class=\"mh-excerpt\"><p>Az imm\u00e1ron tavasziasra fordult id\u0151j\u00e1r\u00e1sban folytat\u00f3dott a Csepel FC koroszt\u00e1lyos csapatainak programja, ahol ism\u00e9t t\u00f6bb sz\u00e9p eredm\u00e9nynek \u00f6r\u00fclhett\u00fcnk.<\/p>\n<\/div>","protected":false},"author":4,"featured_media":5192,"comment_status":"closed","ping_status":"open","sticky":false,"template":"","format":"standard","meta":{"jetpack_publicize_message":"","jetpack_is_tweetstorm":false,"jetpack_publicize_feature_enabled":true},"categories":[1,7,3],"tags":[],"jetpack_publicize_connections":[],"jetpack_featured_media_url":"http:\/\/csepelfc.hu\/wp-content\/uploads\/2020\/06\/kek-piros-laszti.jpg","jetpack_sharing_enabled":true,"jetpack_shortlink":"https:\/\/wp.me\/s83FEU-5973","_links":{"self":[{"href":"http:\/\/csepelfc.hu\/index.php\/wp-json\/wp\/v2\/posts\/5973"}],"collection":[{"href":"http:\/\/csepelfc.hu\/index.php\/wp-json\/wp\/v2\/posts"}],"about":[{"href":"http:\/\/csepelfc.hu\/index.php\/wp-json\/wp\/v2\/types\/post"}],"author":[{"embeddable":true,"href":"http:\/\/csepelfc.hu\/index.php\/wp-json\/wp\/v2\/users\/4"}],"replies":[{"embeddable":true,"href":"http:\/\/csepelfc.hu\/index.php\/wp-json\/wp\/v2\/comments?post=5973"}],"version-history":[{"count":4,"href":"http:\/\/csepelfc.hu\/index.php\/wp-json\/wp\/v2\/posts\/5973\/revisions"}],"predecessor-version":[{"id":5977,"href":"http:\/\/csepelfc.hu\/index.php\/wp-json\/wp\/v2\/posts\/5973\/revisions\/5977"}],"wp:featuredmedia":[{"embeddable":true,"href":"http:\/\/csepelfc.hu\/index.php\/wp-json\/wp\/v2\/media\/5192"}],"wp:attachment":[{"href":"http:\/\/csepelfc.hu\/index.php\/wp-json\/wp\/v2\/media?parent=5973"}],"wp:term":[{"taxonomy":"category","embeddable":true,"href":"http:\/\/csepelfc.hu\/index.php\/wp-json\/wp\/v2\/categories?post=5973"},{"taxonomy":"post_tag","embeddable":true,"href":"http:\/\/csepelfc.hu\/index.php\/wp-json\/wp\/v2\/tags?post=5973"}],"curies":[{"name":"wp","href":"https:\/\/api.w.org\/{rel}","templated":true}]}}