{"id":597,"date":"2017-03-10T13:37:10","date_gmt":"2017-03-10T12:37:10","guid":{"rendered":"http:\/\/csepelfc.hu\/?p=597"},"modified":"2017-03-10T13:37:10","modified_gmt":"2017-03-10T12:37:10","slug":"elmarad-a-tatabanya-elleni-bajnoki","status":"publish","type":"post","link":"http:\/\/csepelfc.hu\/index.php\/2017\/03\/10\/elmarad-a-tatabanya-elleni-bajnoki\/","title":{"rendered":"Elmarad a Tatab\u00e1nya elleni bajnoki"},"content":{"rendered":"<p>A Csepel FC vezet\u0151s\u00e9ge ez \u00faton k\u00f6zli, hogy a m\u00e1rcius 11-re ki\u00edrt Csepel FC &#8211; Tatab\u00e1nya NB III-as bajnoki m\u00e9rk\u0151z\u00e9s elmarad. Mint ismeretes a vend\u00e9gcsapatot az MLSZ kiz\u00e1rta a bajnoks\u00e1gb\u00f3l, amit a Tatab\u00e1nya megfellebbezett,\u00a0\u00e1m v\u00e9gleges d\u00f6nt\u00e9s egyel\u0151re m\u00e9g nem sz\u00fcletett az \u00fcgyben, \u00edgy a tal\u00e1lkoz\u00f3ra (egyel\u0151re) nem ker\u00fcl sor.<\/p>\n<p><!--more--><\/p>\n","protected":false},"excerpt":{"rendered":"<div class=\"mh-excerpt\"><p>A Csepel FC vezet\u0151s\u00e9ge ez \u00faton k\u00f6zli, hogy a m\u00e1rcius 11-re ki\u00edrt Csepel FC &#8211; Tatab\u00e1nya NB III-as bajnoki m\u00e9rk\u0151z\u00e9s elmarad. Mint ismeretes a vend\u00e9gcsapatot az MLSZ kiz\u00e1rta a bajnoks\u00e1gb\u00f3l, <a class=\"mh-excerpt-more\" href=\"http:\/\/csepelfc.hu\/index.php\/2017\/03\/10\/elmarad-a-tatabanya-elleni-bajnoki\/\" title=\"Elmarad a Tatab\u00e1nya elleni bajnoki\">[tov\u00e1bb&#8230;]<\/a><\/p>\n<\/div>","protected":false},"author":4,"featured_media":598,"comment_status":"closed","ping_status":"open","sticky":false,"template":"","format":"standard","meta":{"jetpack_publicize_message":"","jetpack_is_tweetstorm":false,"jetpack_publicize_feature_enabled":true},"categories":[1,7],"tags":[],"jetpack_publicize_connections":[],"jetpack_featured_media_url":"http:\/\/csepelfc.hu\/wp-content\/uploads\/2017\/03\/elmarad.jpg","jetpack_sharing_enabled":true,"jetpack_shortlink":"https:\/\/wp.me\/p83FEU-9D","_links":{"self":[{"href":"http:\/\/csepelfc.hu\/index.php\/wp-json\/wp\/v2\/posts\/597"}],"collection":[{"href":"http:\/\/csepelfc.hu\/index.php\/wp-json\/wp\/v2\/posts"}],"about":[{"href":"http:\/\/csepelfc.hu\/index.php\/wp-json\/wp\/v2\/types\/post"}],"author":[{"embeddable":true,"href":"http:\/\/csepelfc.hu\/index.php\/wp-json\/wp\/v2\/users\/4"}],"replies":[{"embeddable":true,"href":"http:\/\/csepelfc.hu\/index.php\/wp-json\/wp\/v2\/comments?post=597"}],"version-history":[{"count":1,"href":"http:\/\/csepelfc.hu\/index.php\/wp-json\/wp\/v2\/posts\/597\/revisions"}],"predecessor-version":[{"id":599,"href":"http:\/\/csepelfc.hu\/index.php\/wp-json\/wp\/v2\/posts\/597\/revisions\/599"}],"wp:featuredmedia":[{"embeddable":true,"href":"http:\/\/csepelfc.hu\/index.php\/wp-json\/wp\/v2\/media\/598"}],"wp:attachment":[{"href":"http:\/\/csepelfc.hu\/index.php\/wp-json\/wp\/v2\/media?parent=597"}],"wp:term":[{"taxonomy":"category","embeddable":true,"href":"http:\/\/csepelfc.hu\/index.php\/wp-json\/wp\/v2\/categories?post=597"},{"taxonomy":"post_tag","embeddable":true,"href":"http:\/\/csepelfc.hu\/index.php\/wp-json\/wp\/v2\/tags?post=597"}],"curies":[{"name":"wp","href":"https:\/\/api.w.org\/{rel}","templated":true}]}}