{"id":5963,"date":"2021-03-14T20:28:52","date_gmt":"2021-03-14T19:28:52","guid":{"rendered":"http:\/\/csepelfc.hu\/?p=5963"},"modified":"2021-03-14T20:28:52","modified_gmt":"2021-03-14T19:28:52","slug":"ujfent-a-masodik-felidoben-domboritott-a-csapat","status":"publish","type":"post","link":"http:\/\/csepelfc.hu\/index.php\/2021\/03\/14\/ujfent-a-masodik-felidoben-domboritott-a-csapat\/","title":{"rendered":"\u00dajfent a m\u00e1sodik f\u00e9lid\u0151ben dombor\u00edtott a csapat"},"content":{"rendered":"<p>Az els\u0151 f\u00e9lid\u0151ben m\u00e9g nem, de a m\u00e1sodikban m\u00e1r kij\u00f6tt a k\u00e9t csapat k\u00f6zti k\u00fcl\u00f6nbs\u00e9g a XII. Ker\u00fcleti Sv\u00e1bhegy elleni \u00f6sszecsap\u00e1son, tov\u00e1bb faragtunk h\u00e1tr\u00e1nyunkb\u00f3l.<!--more--><\/p>\n<p><strong>Csepel FC &#8211; XII. ker\u00fcleti Sv\u00e1bhegy FC 6:0 (0:0)<\/strong><\/p>\n<p>B\u00e9ke t\u00e9r, z\u00e1rtakpus tal\u00e1lkoz\u00f3 <strong>Jv.:<\/strong> Moln\u00e1r Imre (T\u00f3th I. Tam\u00e1s, Milavecz P\u00e9ter)<\/p>\n<p><strong>Csepel FC:<\/strong> Sz\u0171cs Kriszti\u00e1n &#8211; Bencze M\u00e1rton, Bende J\u00e1nos, M\u00e9sz\u00e1ros Roland, Vargovics Tam\u00e1s (Tak\u00e1cs L\u00e1szl\u00f3 &#8217;61), M\u00e9sz\u00e1ros L\u00e1szl\u00f3 (Lencs\u00e9s Attila &#8217;70), N\u00e9meth Zolt\u00e1n, V\u00f6r\u00f6s Bence (Torda Bence &#8217;61), Gauzer Levente, Tepl\u00e1n J\u00e1nos (Zai Krist\u00f3f &#8217;70), Tolnay Rokk\u00f3 (Moh\u00e1csik G\u00e1bor &#8217;61) <strong>Szakmai vezet\u0151:<\/strong> Tak\u00e1cs Kriszti\u00e1n, <strong>vezet\u0151edz\u0151:<\/strong> Tak\u00e1cs L\u00e1szl\u00f3<br \/>\n<strong>XII. Ker. Sv\u00e1bhegy FC:<\/strong> Horv\u00e1th B. (Dr. N\u00e1ndori M. &#8217;46) &#8211; Schleining \u00c1., Potocska P., Major L. (Marchica M. &#8217;61), Boda P., T\u00f3th M., Marczinka T., Plajner \u00c1., Vincze G., Horv\u00e1th \u00c1., N. Durrant <strong>Edz\u0151:<\/strong> Bajzik J\u00f3zsef<\/p>\n<p><strong>G\u00f3lszerz\u0151k:<\/strong> Tepl\u00e1n J\u00e1nos &#8217;46 (11-b\u0151l), Bencze M\u00e1rton &#8217;61, N\u00e9meth Zolt\u00e1n &#8217;68,\u00a0 N. Durrant (\u00f6ng\u00f3l) &#8217;73, Torda Bence (2) &#8217;80, &#8217;90<\/p>\n<p><strong>Tak\u00e1cs Kriszti\u00e1n:<\/strong> &#8211; Sajnos csak a m\u00e1sodik f\u00e9lid\u0151ben domborodott ki a k\u00e9t csapat k\u00f6zti k\u00fcl\u00f6nbs\u00e9g, ellenfel\u00fcnk addig b\u00edrta er\u0151vel. B\u00e1r az els\u0151 f\u00e9lid\u0151ben is ad\u00f3dtak lehet\u0151s\u00e9geink, egy- egy pontatlans\u00e1g miatt azok sikeres befejez\u00e9se rendre meghi\u00fasult. Az egy\u00e9bk\u00e9nt sportszer\u0171 \u00f6sszecsap\u00e1son a m\u00e1sodik f\u00e9lid\u0151ben \u00e9rv\u00e9nyes\u00fclt legink\u00e1bb az akaratunk, ahol helyenk\u00e9nt l\u00e1tv\u00e1nyos t\u00e1mad\u00e1sokat is vezetve siker\u00fclt a helyzeteinket j\u00f3 sz\u00e1zal\u00e9kkal \u00e9rt\u00e9kes\u00edteni. Dolgozunk tov\u00e1bb, igyeksz\u00fcnk m\u00e9g tov\u00e1bb faragni a listavezet\u0151vel szembeni h\u00e1tr\u00e1nyunkb\u00f3l, a Sv\u00e1bhegynek sikeres folytat\u00e1st k\u00edv\u00e1nok.<\/p>\n<p>A tal\u00e1lkoz\u00f3t sz\u00f6veges ONLINE k\u00f6zvet\u00edt\u00e9s\u00fcnk seg\u00edts\u00e9g\u00e9vel eleven\u00edtj\u00fck fel:<\/p>\n<p><strong>A m\u00e9rk\u0151z\u00e9s el\u0151tt<\/strong> egyperces n\u00e9ma gy\u00e1szsz\u00fcnettel eml\u00e9kezt\u00fcnk a nemr\u00e9giben elhunyt, utols\u00f3 csepeli NBI- es bajnokcsapat labdar\u00fag\u00f3j\u00e1ra, <strong>Gondos Tiborra.<\/strong><\/p>\n<p><strong>12. perc:<\/strong> N\u00e9meth Zolt\u00e1n kap remek labd\u00e1t Vargovicst\u00f3l, bet\u00f6r a 16-oson bel\u00fclre, ahol h\u00e1tulr\u00f3l akasztj\u00e1k&#8230; A j\u00e1t\u00e9kvezet\u0151 s\u00edpja meglepet\u00e9sre n\u00e9ma marad!<\/p>\n<p><strong>14. perc:<\/strong> Tepl\u00e1n j\u00f3l h\u00fazza meg a jobb sz\u00e9len, sz\u00e9pen ad be, Bencze Marci is j\u00f3l \u00e9rkezik, de pr\u00f3b\u00e1lkoz\u00e1sa a kapu f\u00f6l\u00e9 sz\u00e1ll<\/p>\n<p><strong>17. perc:<\/strong> a f\u00e9lp\u00e1ly\u00e1n\u00e1l M\u00e9sz\u00e1ros L\u00e1szl\u00f3n\u00e1l van a labda, megt\u00e1madj\u00e1k \u00e9s cs\u00fany\u00e1n megtaposs\u00e1k a l\u00e1b\u00e1t, \u00e1polni is kell, de szerencs\u00e9re vissza tud menni a p\u00e1ly\u00e1ra<\/p>\n<p><strong>23. perc:<\/strong> Bencze kap j\u00f3 labd\u00e1t a jobb sz\u00e9lr\u0151l, beforgatja v\u00e9d\u0151j\u00e9t de l\u00f6v\u00e9s\u00e9be az utols\u00f3 pillanatban beleblokkolnak, sz\u00f6gletre megy a labda<\/p>\n<p><strong>29. perc:<\/strong> a vend\u00e9gek is eljutnak a kapunkhoz, egy kavarod\u00e1s ut\u00e1n a 16- oson bel\u00fcl l\u00f6v\u00e9shez jutnak, de m\u0171k\u00f6dik a blokkunk<\/p>\n<p><strong>33. perc:<\/strong> Bencze M\u00e1rton szlalomozik \u00e1t a v\u00e9d\u0151k\u00f6n, a kor\u00e1bban n\u00e1lunk is futballoz\u00f3 Schleining megakasztja, ami\u00e9rt j\u00e1r a szabadr\u00fag\u00e1s. A mintegy 23 m\u00e9terr\u0151l elv\u00e9gzett szabadot Gauzer a kapus kez\u00e9be tekeri<\/p>\n<p><strong>35. perc:<\/strong> Bencze Marci megszerzi az els\u0151 g\u00f3lunkat de sajnos lesr\u0151l&#8230;<\/p>\n<p><strong>40. perc:<\/strong> Vargovics v\u00e9gez el sz\u00f6gletet a bal oldalr\u00f3l, M\u00e9sz\u00e1ros L\u00e1szl\u00f3 el\u00e9 keveredik, aki \u00edg\u00e9retes helyzetben rosszul tal\u00e1lja el a labd\u00e1t \u00e9s az f\u00f6l\u00e9 megy&#8230;<\/p>\n<p><strong>41. perc:<\/strong> Bencze Marci ugrik fel fejelni a leveg\u0151ben megl\u00f6kik a 16-os el\u0151tt, de a sportt\u00e1rs megint csak nem l\u00e1t(ja) a szab\u00e1lytalans\u00e1got<\/p>\n<p><strong>F\u00e9lid\u0151: 0:0<\/strong><\/p>\n<p><strong>Elkezd\u0151d\u00f6tt<\/strong> a m\u00e1sodik f\u00e9lid\u0151, a vend\u00e9gek kapust cser\u00e9ltek<\/p>\n<p><strong>46. perc:<\/strong> Bencze \u00e9rkezik remek\u00fcl egy bead\u00e1sra, de ler\u00e1ntj\u00e1k!! Ez\u00fattal j\u00e1r a 11-es, amit Tepl\u00e1n higgadtan a jobb sarokba l\u0151 <strong>1:0<\/strong><\/p>\n<p><strong>55. perc:<\/strong> Gauzer remek\u00fcl k\u00fcld be egy sz\u00f6gletet, Bend\u00e9t tal\u00e1lja \u00fcresen de sajnos nem \u00e9ri el teljesen fejjel a labd\u00e1t, ami \u00edgy r\u00f3la a kapu mell\u00e9 megy&#8230;Nagy helyzet volt!<\/p>\n<p><strong>57. perc:<\/strong> \u00fajabb bead\u00e1s, ism\u00e9t Bende ugrik, ez\u00fattal remek\u00fcl tal\u00e1lja el fejjel a labd\u00e1t, ami -sajnos nem sokkal de- c\u00e9lt t\u00e9veszt&#8230;<\/p>\n<p><strong>60. perc:<\/strong> \u00fajra t\u00e1madunk, ism\u00e9t egy bead\u00e1s, amibe Bencze teszi bele a fej\u00e9t, de sajnos mell\u00e9 cs\u00faszik a labda&#8230;.<\/p>\n<p><strong>62. perc: 2:0<\/strong> N\u00e9meth Zolt\u00e1n kap labd\u00e1t a bal sz\u00e9len, befel\u00e9 h\u00faz, majd k\u00f6z\u00e9pre passzol Bencze Marcihoz, aki beforgatja a v\u00e9d\u0151j\u00e9t \u00e9s kb. 13 m\u00e9terr\u0151l kil\u00f6vi a jobb sarkot!<\/p>\n<p>A k\u00f6z\u00e9pkezd\u00e9s el\u0151tt 3-at is <strong>cser\u00e9l\u00fcnk<\/strong>: Vargovics, Tolnay \u00e9s V\u00f6r\u00f6s hely\u00e9n Tak\u00e1cs L\u00e1szl\u00f3, Torda Bence \u00e9s Moh\u00e1csik G\u00e1bor j\u00e1tszik tov\u00e1bb<\/p>\n<p><strong>66. perc:<\/strong> egy jobb oldalr\u00f3l \u00e1tj\u00e1tszott labda \u00e9rkezik N\u00e9meth Zolt\u00e1n el\u00e9, aki egyb\u0151l l\u0151, de sajnos a kapu mell\u00e9&#8230;<\/p>\n<p><strong>67. perc:<\/strong> az im\u00e9nt be\u00e1llt Tak\u00e1cs L\u00e1szl\u00f3 kiv\u00e1l\u00f3an \u00edvel be balr\u00f3l, \u00e9rkezik is Bencze a labd\u00e1ra, de kifejelik el\u0151le&#8230;.<\/p>\n<p><strong>68. perc:<\/strong> <strong>3:0<\/strong>! Bencze kap j\u00f3 labd\u00e1t a 16- oson bel\u00fcl, sz\u00e9pen j\u00e1tszik k\u00f6z\u00e9pre \u00e9s N\u00e9meth Zolt\u00e1n egy v\u00e9d\u0151t\u0151l szorongatva a kapuba juttatja a labd\u00e1t<\/p>\n<p><strong>70. perc:<\/strong> Ism\u00e9t t\u00e1madunk, melynek v\u00e9g\u00e9n Bencze a kapuf\u00e1ra juttat egy bead\u00e1st&#8230;<\/p>\n<p><strong>72. perc: <\/strong>Torda Bence kap egy remek labd\u00e1t, egy az egyben vezetheti a kapusra, de sajnos a bal kapufa mell\u00e9 l\u0151&#8230;. \u00d3ri\u00e1si ziccer volt!<\/p>\n<p><strong>74. perc: 4:0<\/strong> Egy jobbr\u00f3l a 16- oson bel\u00fclre \u00e9rkez\u0151 labd\u00e1t fejel a saj\u00e1t kapuj\u00e1ba a vend\u00e9gek 17- es sz\u00e1m\u00fa j\u00e1t\u00e9kosa Nicholas Scott Durrant<\/p>\n<p><strong>76. perc:<\/strong> Torda ad be jobbr\u00f3l Tak\u00e1cs el\u00e9, aki a kapus kez\u00e9be fejeli a labd\u00e1t mintegy 8 m\u00e9terr\u0151l&#8230;E z is helyzet volt! Nem sokkal k\u00e9s\u0151bb N\u00e9meth Zolt\u00e1n ker\u00fcl ziccerbe, de az utols\u00f3 pillanatban tiszt\u00e1znak el\u0151le&#8230;<\/p>\n<p><strong>79. perc: 5:0<\/strong> Tak\u00e1cs L\u00e1szl\u00f3 nem engedi ki a bal sz\u00e9len az oldalvonal fel\u00e9 v\u00e1nszorg\u00f3 labd\u00e1t, amit azt\u00e1n remek\u00fcl tesz \u00e1t a t\u00faloldalra, a labda Tord\u00e1t tal\u00e1lja meg, \u00e1tveszi egyet tol rajta majd a bal sarokba r\u00fagja a j\u00e1t\u00e9kszert<\/p>\n<p><strong>Kett\u0151s csere<\/strong> n\u00e1lunk: M\u00e9sz\u00e1ros L\u00e1szl\u00f3 \u00e9s Tepl\u00e1n J\u00e1nos le, Lencs\u00e9s Attila \u00e9s Zai Krist\u00f3f pedig be<\/p>\n<p><strong>85. perc:<\/strong> Bencze h\u00fazza meg remek\u00fcl a jobb sz\u00e9lt, centerez N\u00e9meth Zolt\u00e1n el\u00e9, aki t\u00e9r\u00fcl- fordul, de nem tudja g\u00f3lra v\u00e1ltani a lehet\u0151s\u00e9get! Ut\u00e1na Bencze Marci is helyzetbe ker\u00fcl, de ballal helyezett labd\u00e1ja elker\u00fcli a kapu bal oldal\u00e1t! \u00d3ri\u00e1si ziccerek voltak\u2026<\/p>\n<p><strong>90. perc 6:0<\/strong> Torda teszi fel az i- re a pontot egy remek\u00fcl eltal\u00e1lt l\u00f6v\u00e9ssel, ami v\u00e9dhetetlen\u00fcl v\u00e1g\u00f3dik a vet\u0151d\u0151 kapus mellett a h\u00e1l\u00f3ba. Gy\u00f6ny\u00f6r\u0171 befejez\u00e9s.<\/p>\n<p><strong>V\u00c9GE:<\/strong> <strong>Csepel FC &#8211; XII. Ker. Sv\u00e1bhegy FC 6:0<\/strong> K\u00f6sz\u00f6nj\u00fck a figyelmet, j\u00f3 pihen\u00e9st k\u00edv\u00e1nunk a hossz\u00fa h\u00e9tv\u00e9g\u00e9re!<\/p>\n<p>&nbsp;<\/p>\n<p>&nbsp;<\/p>\n<p>&nbsp;<\/p>\n<p>&nbsp;<\/p>\n","protected":false},"excerpt":{"rendered":"<div class=\"mh-excerpt\"><p>Az els\u0151 f\u00e9lid\u0151ben m\u00e9g nem, de a m\u00e1sodikban m\u00e1r kij\u00f6tt a k\u00e9t csapat k\u00f6zti k\u00fcl\u00f6nbs\u00e9g a XII. Ker\u00fcleti Sv\u00e1bhegy elleni \u00f6sszecsap\u00e1son, tov\u00e1bb faragtunk h\u00e1tr\u00e1nyunkb\u00f3l.<\/p>\n<\/div>","protected":false},"author":4,"featured_media":5964,"comment_status":"closed","ping_status":"open","sticky":false,"template":"","format":"standard","meta":{"jetpack_publicize_message":"","jetpack_is_tweetstorm":false,"jetpack_publicize_feature_enabled":true},"categories":[1],"tags":[],"jetpack_publicize_connections":[],"jetpack_featured_media_url":"http:\/\/csepelfc.hu\/wp-content\/uploads\/2021\/03\/Svabok-elleni.jpg","jetpack_sharing_enabled":true,"jetpack_shortlink":"https:\/\/wp.me\/p83FEU-1yb","_links":{"self":[{"href":"http:\/\/csepelfc.hu\/index.php\/wp-json\/wp\/v2\/posts\/5963"}],"collection":[{"href":"http:\/\/csepelfc.hu\/index.php\/wp-json\/wp\/v2\/posts"}],"about":[{"href":"http:\/\/csepelfc.hu\/index.php\/wp-json\/wp\/v2\/types\/post"}],"author":[{"embeddable":true,"href":"http:\/\/csepelfc.hu\/index.php\/wp-json\/wp\/v2\/users\/4"}],"replies":[{"embeddable":true,"href":"http:\/\/csepelfc.hu\/index.php\/wp-json\/wp\/v2\/comments?post=5963"}],"version-history":[{"count":1,"href":"http:\/\/csepelfc.hu\/index.php\/wp-json\/wp\/v2\/posts\/5963\/revisions"}],"predecessor-version":[{"id":5965,"href":"http:\/\/csepelfc.hu\/index.php\/wp-json\/wp\/v2\/posts\/5963\/revisions\/5965"}],"wp:featuredmedia":[{"embeddable":true,"href":"http:\/\/csepelfc.hu\/index.php\/wp-json\/wp\/v2\/media\/5964"}],"wp:attachment":[{"href":"http:\/\/csepelfc.hu\/index.php\/wp-json\/wp\/v2\/media?parent=5963"}],"wp:term":[{"taxonomy":"category","embeddable":true,"href":"http:\/\/csepelfc.hu\/index.php\/wp-json\/wp\/v2\/categories?post=5963"},{"taxonomy":"post_tag","embeddable":true,"href":"http:\/\/csepelfc.hu\/index.php\/wp-json\/wp\/v2\/tags?post=5963"}],"curies":[{"name":"wp","href":"https:\/\/api.w.org\/{rel}","templated":true}]}}