{"id":5946,"date":"2021-03-09T13:14:59","date_gmt":"2021-03-09T12:14:59","guid":{"rendered":"http:\/\/csepelfc.hu\/?p=5946"},"modified":"2021-03-09T13:14:59","modified_gmt":"2021-03-09T12:14:59","slug":"mestermerleg-motivaltan-jatszottunk","status":"publish","type":"post","link":"http:\/\/csepelfc.hu\/index.php\/2021\/03\/09\/mestermerleg-motivaltan-jatszottunk\/","title":{"rendered":"Mesterm\u00e9rleg: &#8220;motiv\u00e1ltan j\u00e1tszottunk&#8221;"},"content":{"rendered":"<p>A Csepel FC feln\u0151tt egy\u00fcttese folytatta eddigi remek tavaszi szerepl\u00e9s\u00e9t \u00e9s mindent megtett annak \u00e9rdek\u00e9ben, hogy ne szakadjon le nagyon a jelenlegi listavezet\u0151t\u0151l. Szakvezet\u0151nk \u00e9rt\u00e9kelt.<!--more--><\/p>\n<p>&nbsp;<\/p>\n<p><strong>Tak\u00e1cs L\u00e1szl\u00f3 vezet\u0151edz\u0151:<\/strong> &#8211; Szerett\u00fck volna \u00fagy kezdeni a m\u00e9rk\u0151z\u00e9st, hogy az elej\u00e9t\u0151l tudatos\u00edtsuk ellenfel\u00fcnkkel: itt ma csak mi nyerhet\u00fcnk! \u00dagy \u00e9rzem ez siker\u00fclt is, motiv\u00e1ltan j\u00e1tszottunk \u00e9s gyorsan k\u00e9tg\u00f3los el\u0151nyre siker\u00fclt szert tenn\u00fcnk. Ezt k\u00f6vet\u0151en volt egy 5 perces gyeng\u00e9bb peri\u00f3dusunk, ahol az Ikarusnak siker\u00fclt is sz\u00e9p\u00edtenie. A m\u00e1sodik f\u00e9lid\u0151re \u00fagy ment\u00fcnk ki, hogy r\u00f6vid id\u0151n bel\u00fcl lez\u00e1rjuk a tal\u00e1lkoz\u00f3t, ami negyed \u00f3r\u00e1n bel\u00fcl siker\u00fclt is, megjegyzem, hogy a 4. g\u00f3lunk l\u00e9lektanilag fontosnak bizonyult terv\u00fcnk megval\u00f3s\u00edt\u00e1s\u00e1ban. A gy\u0151zelmen k\u00edv\u00fcl nagy \u00f6r\u00f6m, hogy k\u00e9t 16 \u00e9ves, saj\u00e1t nevel\u00e9s\u0171 labdar\u00fag\u00f3nknak is j\u00e1t\u00e9klehet\u0151s\u00e9get tudtunk biztos\u00edtani a tal\u00e1lkoz\u00f3 m\u00e1sodik f\u00e9lidej\u00e9ben. Ez \u00faton is gratul\u00e1lunk\u00a0 S\u00fckinek (S\u00fck\u00f6sd Kriszti\u00e1n) \u00e9s M\u00e1rknak (Urbin M\u00e1rk), akik b\u00e1tran sz\u00e1lltak be a m\u00e9rk\u0151z\u00e9sbe \u00e9s sikerrel mutatkoztak be a Csepel FC feln\u0151tt egy\u00fcttes\u00e9ben.<\/p>\n<p>Eml\u00e9keztet\u0151\u00fcl:<\/p>\n<p><strong>Csepel FC \u2013 Ikarus BSE 5:1 (2:1)<\/strong><\/p>\n<p>Csepel Stadion,<strong>\u00a0Jv.:<\/strong>\u00a0Sveda Marcell (Ker\u00e9k \u00c1d\u00e1m, Pozsonyi Bal\u00e1zs)<\/p>\n<p><strong>Csepel FC:<\/strong>\u00a0Sz\u0171cs Kriszti\u00e1n \u2013 Bencze M\u00e1rton (Kiss M\u00e1rk \u201971), Bende J\u00e1nos, M\u00e9sz\u00e1ros Roland, Vargovics Tam\u00e1s (Urbin M\u00e1rk \u201963), M\u00e9sz\u00e1ros L\u00e1szl\u00f3 (Zai Krist\u00f3f \u201971), N\u00e9meth Zolt\u00e1n, V\u00f6r\u00f6s Bence, Tepl\u00e1n J\u00e1nos (Tolnay Rokk\u00f3 \u201971), Gauzer Levente (S\u00fck\u00f6sd Kriszti\u00e1n \u201975), Moh\u00e1csik G\u00e1bor\u00a0<strong>Vezet\u0151edz\u0151:<\/strong>\u00a0Tak\u00e1cs L\u00e1szl\u00f3<\/p>\n<p><strong>Ikarus BSE:<\/strong>\u00a0Tuza Zs. \u2013 Mayer M., Kar\u00e1csondi S., Ulics\u00e1k B. (Kiss N. \u201966), Sz\u00e9l B. (Martzy B. \u201956), B\u00fckszegi Z. (Schile B. \u201966), B\u00edr\u00f3 B., Ferkel M., Koml\u00f3di D., Szab\u00f3 G. (Vir\u00e1g L. \u201966), Seb\u0151k M. (Belarbi M. \u201966)\u00a0<strong>Vezet\u0151edz\u0151:<\/strong>\u00a0Varga Istv\u00e1n<\/p>\n<p><strong>G\u00f3lszerz\u0151k:<\/strong>\u00a0Bencze M\u00e1rton (3) \u20182, \u201920, \u201960, Vargovics Tam\u00e1s \u201963, V\u00f6r\u00f6s Bence \u201965, illetve Szab\u00f3 G. \u201938<\/p>\n","protected":false},"excerpt":{"rendered":"<div class=\"mh-excerpt\"><p>A Csepel FC feln\u0151tt egy\u00fcttese folytatta eddigi remek tavaszi szerepl\u00e9s\u00e9t \u00e9s mindent megtett annak \u00e9rdek\u00e9ben, hogy ne szakadjon le nagyon a jelenlegi listavezet\u0151t\u0151l. Szakvezet\u0151nk \u00e9rt\u00e9kelt.<\/p>\n<\/div>","protected":false},"author":4,"featured_media":4452,"comment_status":"closed","ping_status":"open","sticky":false,"template":"","format":"standard","meta":{"jetpack_publicize_message":"","jetpack_is_tweetstorm":false,"jetpack_publicize_feature_enabled":true},"categories":[1,7],"tags":[],"jetpack_publicize_connections":[],"jetpack_featured_media_url":"http:\/\/csepelfc.hu\/wp-content\/uploads\/2019\/08\/takacslaszlo.jpg","jetpack_sharing_enabled":true,"jetpack_shortlink":"https:\/\/wp.me\/p83FEU-1xU","_links":{"self":[{"href":"http:\/\/csepelfc.hu\/index.php\/wp-json\/wp\/v2\/posts\/5946"}],"collection":[{"href":"http:\/\/csepelfc.hu\/index.php\/wp-json\/wp\/v2\/posts"}],"about":[{"href":"http:\/\/csepelfc.hu\/index.php\/wp-json\/wp\/v2\/types\/post"}],"author":[{"embeddable":true,"href":"http:\/\/csepelfc.hu\/index.php\/wp-json\/wp\/v2\/users\/4"}],"replies":[{"embeddable":true,"href":"http:\/\/csepelfc.hu\/index.php\/wp-json\/wp\/v2\/comments?post=5946"}],"version-history":[{"count":1,"href":"http:\/\/csepelfc.hu\/index.php\/wp-json\/wp\/v2\/posts\/5946\/revisions"}],"predecessor-version":[{"id":5947,"href":"http:\/\/csepelfc.hu\/index.php\/wp-json\/wp\/v2\/posts\/5946\/revisions\/5947"}],"wp:featuredmedia":[{"embeddable":true,"href":"http:\/\/csepelfc.hu\/index.php\/wp-json\/wp\/v2\/media\/4452"}],"wp:attachment":[{"href":"http:\/\/csepelfc.hu\/index.php\/wp-json\/wp\/v2\/media?parent=5946"}],"wp:term":[{"taxonomy":"category","embeddable":true,"href":"http:\/\/csepelfc.hu\/index.php\/wp-json\/wp\/v2\/categories?post=5946"},{"taxonomy":"post_tag","embeddable":true,"href":"http:\/\/csepelfc.hu\/index.php\/wp-json\/wp\/v2\/tags?post=5946"}],"curies":[{"name":"wp","href":"https:\/\/api.w.org\/{rel}","templated":true}]}}