{"id":5935,"date":"2021-03-07T20:16:52","date_gmt":"2021-03-07T19:16:52","guid":{"rendered":"http:\/\/csepelfc.hu\/?p=5935"},"modified":"2021-03-07T20:17:45","modified_gmt":"2021-03-07T19:17:45","slug":"a-masodik-felidoben-hoztuk-a-kotelezot-az-ikarus-ellen","status":"publish","type":"post","link":"http:\/\/csepelfc.hu\/index.php\/2021\/03\/07\/a-masodik-felidoben-hoztuk-a-kotelezot-az-ikarus-ellen\/","title":{"rendered":"A m\u00e1sodik f\u00e9lid\u0151ben hoztuk a k\u00f6telez\u0151t az Ikarus ellen"},"content":{"rendered":"<p>Vas\u00e1rnap d\u00e9lut\u00e1n t\u00f6k\u00e9letes &#8220;labdar\u00fag\u00f3 id\u0151ben&#8221; ker\u00fclt sor a Csepel FC \u00e9s az Ikarus \u00f6sszecsap\u00e1s\u00e1ra, ahol eg\u00e9sz j\u00f3l indult a meccs sz\u00e1munkra, \u00e9s a v\u00e9ge is\u00a0 j\u00f3l alakult.<!--more--><\/p>\n<p><strong>BLSZ I. oszt\u00e1ly, 18. fordul\u00f3<\/strong><\/p>\n<p><strong>Csepel FC &#8211; Ikarus BSE 5:1 (2:1)<\/strong><\/p>\n<p>Csepel Stadion,<strong> Jv.:<\/strong> Sveda Marcell (Ker\u00e9k \u00c1d\u00e1m, Pozsonyi Bal\u00e1zs)<\/p>\n<p><strong>Csepel FC:<\/strong> Sz\u0171cs Kriszti\u00e1n &#8211; Bencze M\u00e1rton (Kiss M\u00e1rk &#8217;71), Bende J\u00e1nos, M\u00e9sz\u00e1ros Roland, Vargovics Tam\u00e1s (Urbin M\u00e1rk &#8217;63), M\u00e9sz\u00e1ros L\u00e1szl\u00f3 (Zai Krist\u00f3f &#8217;71), N\u00e9meth Zolt\u00e1n, V\u00f6r\u00f6s Bence, Tepl\u00e1n J\u00e1nos (Tolnay Rokk\u00f3 &#8217;71), Gauzer Levente (S\u00fck\u00f6sd Kriszti\u00e1n &#8217;75), Moh\u00e1csik G\u00e1bor <strong>Vezet\u0151edz\u0151:<\/strong> Tak\u00e1cs L\u00e1szl\u00f3<\/p>\n<p><strong>Ikarus BSE:<\/strong> Tuza Zs. &#8211; Mayer M., Kar\u00e1csondi S., Ulics\u00e1k B. (Kiss N. &#8217;66), Sz\u00e9l B. (Martzy B. &#8217;56), B\u00fckszegi Z. (Schile B. &#8217;66), B\u00edr\u00f3 B., Ferkel M., Koml\u00f3di D., Szab\u00f3 G. (Vir\u00e1g L. &#8217;66), Seb\u0151k M. (Belarbi M. &#8217;66) <strong>Vezet\u0151edz\u0151:<\/strong> Varga Istv\u00e1n<\/p>\n<p><strong>G\u00f3lszerz\u0151k:<\/strong> Bencze M\u00e1rton (3) &#8216;2, &#8217;20, &#8217;60, Vargovics Tam\u00e1s &#8217;63, V\u00f6r\u00f6s Bence &#8217;65, illetve Szab\u00f3 G. &#8217;38<\/p>\n<p>Feln\u0151tt egy\u00fcttes\u00fcnk nagyon hamar vezet\u00e9st szerzett Bencze M\u00e1rton r\u00e9v\u00e9n, amit 18 perccel k\u00e9s\u0151bb n\u00f6velni is tudtunk, \u00e1m a 38. percben egy v\u00e9delmi r\u00f6vidz\u00e1rlat ut\u00e1n sz\u00e9p\u00edteni tudott az Ikarus, akinek soriban B\u00fckszegi Zolt\u00e1n r\u00e9v\u00e9n egykori v\u00e1logatott t\u00e1mad\u00f3 is helyet kapott, de v\u00e9d\u0151ink kiv\u00e1l\u00f3an megoldott\u00e1k a ma m\u00e1r 45 \u00e9ves labdar\u00fag\u00f3 semleges\u00edt\u00e9s\u00e9t. A sz\u00fcnet ut\u00e1n kicsit er\u0151re kapott az Ikarus, \u00e1m egy teljesen jogos 11- est k\u00f6vet\u0151en \u00fajabb g\u00f3lt szerezhett\u00fcnk volna, de nem tudtunk \u00e9lni a lehet\u0151s\u00e9ggel, M\u00e9sz\u00e1ros L\u00e1szl\u00f3 b\u00fcntet\u0151j\u00e9t h\u00e1r\u00edtotta a vend\u00e9gek kapusa. Ezt k\u00f6vet\u0151en ritmust v\u00e1ltottunk \u00e9s siker\u00fclt \u00fajabb g\u00f3lt szerezni, amit a lef\u00faj\u00e1sig \u00fajabb kett\u0151vel toldottunk meg, \u00edgy v\u00e9g\u00fcl magabiztos gy\u0151zelmet arattunk az Ikarus BSE ellen. K\u00fcl\u00f6n \u00f6r\u00f6m, hogy k\u00e9t, m\u00e9g ifista kor\u00fa, Csepel FC nevel\u00e9s\u0171 labdar\u00fag\u00f3t is p\u00e1ly\u00e1ra k\u00fcldhetett a szakvezet\u00e9s Urbin M\u00e1rk \u00e9s S\u00fck\u00f6sd Kriszti\u00e1n szem\u00e9ly\u00e9ben, akik derekasan k\u00fczd\u00f6ttek s meg\u00e1llt\u00e1k a hely\u00fcket a tal\u00e1lkoz\u00f3n -\u00e9s ami nagyon fontos-\u00a0 gy\u0151zelemmel mutatkoztak be a Csepel FC feln\u0151tt csapat\u00e1ban.<\/p>\n","protected":false},"excerpt":{"rendered":"<div class=\"mh-excerpt\"><p>Vas\u00e1rnap d\u00e9lut\u00e1n t\u00f6k\u00e9letes &#8220;labdar\u00fag\u00f3 id\u0151ben&#8221; ker\u00fclt sor a Csepel FC \u00e9s az Ikarus \u00f6sszecsap\u00e1s\u00e1ra, ahol eg\u00e9sz j\u00f3l indult a meccs sz\u00e1munkra, \u00e9s a v\u00e9ge is\u00a0 j\u00f3l alakult.<\/p>\n<\/div>","protected":false},"author":4,"featured_media":5936,"comment_status":"closed","ping_status":"open","sticky":false,"template":"","format":"standard","meta":{"jetpack_publicize_message":"","jetpack_is_tweetstorm":false,"jetpack_publicize_feature_enabled":true},"categories":[1,7],"tags":[],"jetpack_publicize_connections":[],"jetpack_featured_media_url":"http:\/\/csepelfc.hu\/wp-content\/uploads\/2021\/03\/Csepel-Ikarus-1.jpg","jetpack_sharing_enabled":true,"jetpack_shortlink":"https:\/\/wp.me\/p83FEU-1xJ","_links":{"self":[{"href":"http:\/\/csepelfc.hu\/index.php\/wp-json\/wp\/v2\/posts\/5935"}],"collection":[{"href":"http:\/\/csepelfc.hu\/index.php\/wp-json\/wp\/v2\/posts"}],"about":[{"href":"http:\/\/csepelfc.hu\/index.php\/wp-json\/wp\/v2\/types\/post"}],"author":[{"embeddable":true,"href":"http:\/\/csepelfc.hu\/index.php\/wp-json\/wp\/v2\/users\/4"}],"replies":[{"embeddable":true,"href":"http:\/\/csepelfc.hu\/index.php\/wp-json\/wp\/v2\/comments?post=5935"}],"version-history":[{"count":2,"href":"http:\/\/csepelfc.hu\/index.php\/wp-json\/wp\/v2\/posts\/5935\/revisions"}],"predecessor-version":[{"id":5938,"href":"http:\/\/csepelfc.hu\/index.php\/wp-json\/wp\/v2\/posts\/5935\/revisions\/5938"}],"wp:featuredmedia":[{"embeddable":true,"href":"http:\/\/csepelfc.hu\/index.php\/wp-json\/wp\/v2\/media\/5936"}],"wp:attachment":[{"href":"http:\/\/csepelfc.hu\/index.php\/wp-json\/wp\/v2\/media?parent=5935"}],"wp:term":[{"taxonomy":"category","embeddable":true,"href":"http:\/\/csepelfc.hu\/index.php\/wp-json\/wp\/v2\/categories?post=5935"},{"taxonomy":"post_tag","embeddable":true,"href":"http:\/\/csepelfc.hu\/index.php\/wp-json\/wp\/v2\/tags?post=5935"}],"curies":[{"name":"wp","href":"https:\/\/api.w.org\/{rel}","templated":true}]}}