{"id":5802,"date":"2021-01-18T11:21:42","date_gmt":"2021-01-18T10:21:42","guid":{"rendered":"http:\/\/csepelfc.hu\/?p=5802"},"modified":"2021-01-18T11:28:46","modified_gmt":"2021-01-18T10:28:46","slug":"hamar-be-tudtam-illeszkedni","status":"publish","type":"post","link":"http:\/\/csepelfc.hu\/index.php\/2021\/01\/18\/hamar-be-tudtam-illeszkedni\/","title":{"rendered":"&#8220;Arra t\u00f6rekszem, hogy min\u00e9l t\u00f6bbet \u00e1tadhassak a gyerekeknek &#8220;"},"content":{"rendered":"<p>A f\u00e9rfiak mellett imm\u00e1ron egy h\u00f6lgy is er\u0151s\u00edti a Csepel FC szakmai st\u00e1bj\u00e1t. Az egykori v\u00e1logatott labdar\u00fag\u00f3, Horv\u00e1th Emese k\u00e9t fronton is seg\u00edti egyes\u00fclet\u00fcnk munk\u00e1j\u00e1t.<!--more--><\/p>\n<p>A Csepel FC- ben nevelked\u0151, mindm\u00e1ig &#8220;szemtelen\u00fcl&#8221; fiatal, jelenleg is akt\u00edv sportol\u00f3 p\u00e1lyafut\u00e1sa az Astra, a Ferencv\u00e1ros majd a K\u00f3ka egy\u00fcttes\u00e9ben teljesedett ki \u00e9s kiv\u00e1l\u00f3 teljes\u00edtm\u00e9ny\u00e9nek k\u00f6sz\u00f6nhet\u0151en megh\u00edv\u00f3t kapott a koroszt\u00e1lyos v\u00e1logatottakba, ahol derekasan meg\u00e1llta&nbsp; a hely\u00e9t. A tan\u00e1ri p\u00e1ly\u00e1ra is k\u00e9sz\u00fcl\u0151 edz\u0151 rendk\u00edv\u00fcl motiv\u00e1ltan l\u00e1tott munk\u00e1hoz a B\u00e9ke t\u00e9ren, ahol futballtud\u00e1s\u00e1t is kamatoztathatja m\u00e9g.<\/p>\n<p>&#8211; <em>Eg\u00e9szen pontosan tavaly ny\u00e1ron csatlakoztam be a szakmai munk\u00e1ba, mint a le\u00e1ny U19 -es csapat vezet\u0151edz\u0151je, a Csepel FC ny\u00e1ri, balatoni edz\u0151t\u00e1bor\u00e1ban m\u00e1r \u00e9n is r\u00e9szt vettem<\/em> &#8211; mondta el a kezdetekr\u0151l az imm\u00e1ron k\u00e9k- piros sikerek\u00e9rt dolgoz\u00f3 tr\u00e9ner.<\/p>\n<p>&#8211; Mi\u00e9rt d\u00f6nt\u00f6tt\u00e9l \u00fagy, hogy Csepelre j\u00f6ssz edz\u0151sk\u00f6dni?<\/p>\n<p>&#8211; <em>Az\u00e9rt d\u00f6nt\u00f6ttem a Csepel mellett, mert itt nevelkedtem a fi\u00fak k\u00f6z\u00f6tt \u00e9s ennek a klubnak k\u00f6sz\u00f6nhetem, hogy elindult a karrierem. \u00cdgy nem is volt k\u00e9rd\u00e9s, hogy itt szeretn\u00e9m elkezdeni edz\u0151i p\u00e1lyafut\u00e1somat is.<\/em><\/p>\n<p>&#8211; Milyennek l\u00e1tod a Csepel FC &#8220;n\u0151i szekci\u00f3j\u00e1t&#8221;, mind a feln\u0151tt, mind az ut\u00e1np\u00f3tl\u00e1s tekintet\u00e9ben? Milyen tavaszi szerepl\u00e9sre sz\u00e1m\u00edtasz?<\/p>\n<p>&#8211;&nbsp; <em>A Csepel FC n\u0151i labdar\u00fag\u00f3 csapatai folyamatosan fejl\u0151dnek. K\u00f6sz\u00f6nhet\u0151 ez a vezet\u0151s\u00e9g t\u00e1mogat\u00e1s\u00e1nak \u00e9s a j\u00e1t\u00e9kosok lelkesed\u00e9s\u00e9nek egyar\u00e1nt. Egyre t\u00f6bb j\u00e1t\u00e9kos v\u00e1lasztja a mi csapatainkat, mert a&nbsp; j\u00f3 hangulat \u00e9s a profi munka jellemzi a mindennapokat n\u00e1lunk. A tavaszi szezonban a feln\u0151tt csapatn\u00e1l az 1-3-ba jut\u00e1s a c\u00e9l, m\u00edg az U19 \u00e9s U16- os csapatainkn\u00e1l azt tartjuk a legfontosabbnak, hogy olyan egy\u00fctteseket \u00e9p\u00edts\u00fcnk amelyek ak\u00e1r magasabb szinten is becs\u00fclettel meg\u00e1llj\u00e1k a hely\u00fcket.<\/em><\/p>\n<p>&#8211; R\u00e1cz Botonddal egy\u00fctt viszitek tov\u00e1bb a Csepel FC legkisebb koroszt\u00e1lyainak felk\u00e9sz\u00edt\u00e9s\u00e9t, ebben mi motiv\u00e1l t\u00e9ged?<\/p>\n<p>&#8211; <em>El\u00e1rulhatom, hogy j\u00f3magam tan\u00e1ri p\u00e1ly\u00e1ra k\u00e9sz\u00fcl\u00f6k. Ezt az\u00e9rt is v\u00e1lasztottam mert szeretek a gyerekekkel foglalkozni. \u00cdgy nagy \u00f6r\u00f6m sz\u00e1momra, hogy becsatlakozhatok a legkisebb koroszt\u00e1lyok munk\u00e1j\u00e1ba. P\u00e1lyafut\u00e1som sor\u00e1n kiv\u00e1l\u00f3 edz\u0151kt\u0151l tanulhattam \u00e9s megtapasztalhattam azt is milyen munka folyik a koroszt\u00e1lyos v\u00e1logatottakn\u00e1l. Arra t\u00f6rekszem, hogy min\u00e9l t\u00f6bbet \u00e1tadhassak a gyerekeknek abb\u00f3l a tud\u00e1sb\u00f3l amit \u00e9n is kaptam \u00e9s ezek a gyerekek legyenek majd a j\u00f6v\u0151&nbsp; -ak\u00e1r- szt\u00e1rj\u00e1t\u00e9kosai.<\/em><\/p>\n<p>&#8211; \u00d6sszess\u00e9g\u00e9ben hogy \u00e9rzed magad a Csepel FC- n\u00e9l?<\/p>\n<p>&#8211; <em>Remek\u00fcl! Elmondhatom, hogy mindenki nagyon befogad\u00f3, \u00e9s seg\u00edt\u0151k\u00e9sz a klubn\u00e1l, \u00edgy hamar be is tudtam illeszkedni.<\/em><\/p>\n<p>&#8211; Akkor j\u00f3 munk\u00e1t neked is \u00e9s sok sikert, illetve m\u00e9g ann\u00e1l is t\u00f6bb tehets\u00e9ges sportol\u00f3t k\u00edv\u00e1nok!<\/p>\n<p><em><strong>Lejegyezte: L\u00e9gr\u00e1di G\u00e1bor<\/strong><\/em><\/p>\n","protected":false},"excerpt":{"rendered":"<div class=\"mh-excerpt\"><p>A f\u00e9rfiak mellett imm\u00e1ron egy h\u00f6lgy is er\u0151s\u00edti a Csepel FC szakmai st\u00e1bj\u00e1t. Az egykori v\u00e1logatott labdar\u00fag\u00f3, Horv\u00e1th Emese k\u00e9t fronton is seg\u00edti egyes\u00fclet\u00fcnk munk\u00e1j\u00e1t.<\/p>\n<\/div>","protected":false},"author":4,"featured_media":5806,"comment_status":"closed","ping_status":"open","sticky":false,"template":"","format":"standard","meta":{"jetpack_publicize_message":"","jetpack_is_tweetstorm":false,"jetpack_publicize_feature_enabled":true},"categories":[1],"tags":[],"jetpack_publicize_connections":[],"jetpack_featured_media_url":"http:\/\/csepelfc.hu\/wp-content\/uploads\/2021\/01\/Emese2.jpg","jetpack_sharing_enabled":true,"jetpack_shortlink":"https:\/\/wp.me\/p83FEU-1vA","_links":{"self":[{"href":"http:\/\/csepelfc.hu\/index.php\/wp-json\/wp\/v2\/posts\/5802"}],"collection":[{"href":"http:\/\/csepelfc.hu\/index.php\/wp-json\/wp\/v2\/posts"}],"about":[{"href":"http:\/\/csepelfc.hu\/index.php\/wp-json\/wp\/v2\/types\/post"}],"author":[{"embeddable":true,"href":"http:\/\/csepelfc.hu\/index.php\/wp-json\/wp\/v2\/users\/4"}],"replies":[{"embeddable":true,"href":"http:\/\/csepelfc.hu\/index.php\/wp-json\/wp\/v2\/comments?post=5802"}],"version-history":[{"count":3,"href":"http:\/\/csepelfc.hu\/index.php\/wp-json\/wp\/v2\/posts\/5802\/revisions"}],"predecessor-version":[{"id":5807,"href":"http:\/\/csepelfc.hu\/index.php\/wp-json\/wp\/v2\/posts\/5802\/revisions\/5807"}],"wp:featuredmedia":[{"embeddable":true,"href":"http:\/\/csepelfc.hu\/index.php\/wp-json\/wp\/v2\/media\/5806"}],"wp:attachment":[{"href":"http:\/\/csepelfc.hu\/index.php\/wp-json\/wp\/v2\/media?parent=5802"}],"wp:term":[{"taxonomy":"category","embeddable":true,"href":"http:\/\/csepelfc.hu\/index.php\/wp-json\/wp\/v2\/categories?post=5802"},{"taxonomy":"post_tag","embeddable":true,"href":"http:\/\/csepelfc.hu\/index.php\/wp-json\/wp\/v2\/tags?post=5802"}],"curies":[{"name":"wp","href":"https:\/\/api.w.org\/{rel}","templated":true}]}}