{"id":5769,"date":"2021-01-11T13:22:28","date_gmt":"2021-01-11T12:22:28","guid":{"rendered":"http:\/\/csepelfc.hu\/?p=5769"},"modified":"2021-01-11T13:24:08","modified_gmt":"2021-01-11T12:24:08","slug":"futsal-jol-kezdtek-a-csepeli-lanyok","status":"publish","type":"post","link":"http:\/\/csepelfc.hu\/index.php\/2021\/01\/11\/futsal-jol-kezdtek-a-csepeli-lanyok\/","title":{"rendered":"Futsal: j\u00f3l kezdtek a Csepel FC- s l\u00e1nyok"},"content":{"rendered":"<p>Alig telt el 10 nap az \u00e9vb\u0151l, de a Csepel FC csapatai k\u00f6z\u00fcl a l\u00e1nyok m\u00e1ris p\u00e1ly\u00e1ra l\u00e9ptek, m\u00e9ghozz\u00e1 \u00dcll\u0151n, ahol nem is okoztak csal\u00f3d\u00e1st.<!--more--><\/p>\n<p>A 9. Pest Megyei N\u0151i Futsal7v\u00e9ge, C- csoportj\u00e1nak 1. fordul\u00f3j\u00e1ban el\u0151sz\u00f6r a j\u00f3 er\u0151kb\u0151l \u00e1ll\u00f3 AirNergy FC-vel csaptak \u00f6ssze l\u00e1nyaink \u00e9s nagyot k\u00fczdve, &#8211; a veres\u00e9g ellen\u00e9re- emelt f\u0151vel hagyt\u00e1k el a j\u00e1t\u00e9kteret. A m\u00e1sodik \u00f6sszecsap\u00e1son a R\u00e1kosmente KSK v\u00e1rt a mieinkre, ahol Horv\u00e1th Emese \u00e9s Simoncini Paola tal\u00e1lat\u00e1ra csak egy v\u00e1lasz \u00e9rkezett, ami a 2:1- es siker\u00fcnket jelentette, \u00e9s ezzel a tov\u00e1bbjut\u00e1st a csoportb\u00f3l.<\/p>\n<p>AirNergy FC &#8211; <strong>Csepel FC<\/strong> 3:0<\/p>\n<p><strong>Csepel FC<\/strong> &#8211; RKSK <strong>2:1<\/strong><\/p>\n<p>A Csepel FC tov\u00e1bbjut\u00e1st kiharcol\u00f3 kerete: Bukovenszky Judit, Tak\u00e1cs Eszter Cseperke, Horv\u00e1th Emese, Sz\u0171cs Anna, Kir\u00e1ly Fanni, B\u00e1lint Vikt\u00f3ria, Simoncini Paola, Vincze Vivien, Cserh\u00e1ti Dorina, Veress Gabriella Szakvezet\u0151k: Horv\u00e1th Emese, Tak\u00e1cs Kriszti\u00e1n,<\/p>\n","protected":false},"excerpt":{"rendered":"<div class=\"mh-excerpt\"><p>Alig telt el 10 nap az \u00e9vb\u0151l, de a Csepel FC csapatai k\u00f6z\u00fcl a l\u00e1nyok m\u00e1ris p\u00e1ly\u00e1ra l\u00e9ptek, m\u00e9ghozz\u00e1 \u00dcll\u0151n, ahol nem is okoztak csal\u00f3d\u00e1st.<\/p>\n<\/div>","protected":false},"author":4,"featured_media":5770,"comment_status":"closed","ping_status":"open","sticky":false,"template":"","format":"standard","meta":{"jetpack_publicize_message":"","jetpack_is_tweetstorm":false,"jetpack_publicize_feature_enabled":true},"categories":[1,3],"tags":[],"jetpack_publicize_connections":[],"jetpack_featured_media_url":"http:\/\/csepelfc.hu\/wp-content\/uploads\/2021\/01\/CsajokFutsal.jpg","jetpack_sharing_enabled":true,"jetpack_shortlink":"https:\/\/wp.me\/p83FEU-1v3","_links":{"self":[{"href":"http:\/\/csepelfc.hu\/index.php\/wp-json\/wp\/v2\/posts\/5769"}],"collection":[{"href":"http:\/\/csepelfc.hu\/index.php\/wp-json\/wp\/v2\/posts"}],"about":[{"href":"http:\/\/csepelfc.hu\/index.php\/wp-json\/wp\/v2\/types\/post"}],"author":[{"embeddable":true,"href":"http:\/\/csepelfc.hu\/index.php\/wp-json\/wp\/v2\/users\/4"}],"replies":[{"embeddable":true,"href":"http:\/\/csepelfc.hu\/index.php\/wp-json\/wp\/v2\/comments?post=5769"}],"version-history":[{"count":3,"href":"http:\/\/csepelfc.hu\/index.php\/wp-json\/wp\/v2\/posts\/5769\/revisions"}],"predecessor-version":[{"id":5774,"href":"http:\/\/csepelfc.hu\/index.php\/wp-json\/wp\/v2\/posts\/5769\/revisions\/5774"}],"wp:featuredmedia":[{"embeddable":true,"href":"http:\/\/csepelfc.hu\/index.php\/wp-json\/wp\/v2\/media\/5770"}],"wp:attachment":[{"href":"http:\/\/csepelfc.hu\/index.php\/wp-json\/wp\/v2\/media?parent=5769"}],"wp:term":[{"taxonomy":"category","embeddable":true,"href":"http:\/\/csepelfc.hu\/index.php\/wp-json\/wp\/v2\/categories?post=5769"},{"taxonomy":"post_tag","embeddable":true,"href":"http:\/\/csepelfc.hu\/index.php\/wp-json\/wp\/v2\/tags?post=5769"}],"curies":[{"name":"wp","href":"https:\/\/api.w.org\/{rel}","templated":true}]}}