{"id":5538,"date":"2020-10-16T14:39:50","date_gmt":"2020-10-16T13:39:50","guid":{"rendered":"http:\/\/csepelfc.hu\/?p=5538"},"modified":"2020-10-16T14:55:14","modified_gmt":"2020-10-16T13:55:14","slug":"gyasz-elhunyt-branikovits-laszlo","status":"publish","type":"post","link":"http:\/\/csepelfc.hu\/index.php\/2020\/10\/16\/gyasz-elhunyt-branikovits-laszlo\/","title":{"rendered":"Gy\u00e1sz: elhunyt Branikovits L\u00e1szl\u00f3"},"content":{"rendered":"<p>Ism\u00e9t szomor\u00fa h\u00edr \u00e9rkezett klubunkhoz a mai napon. 71 \u00e9ves kor\u00e1ban elhunyt Branikovits L\u00e1szl\u00f3 az FTC \u00e9s a Csepel SC kor\u00e1bbi kiv\u00e1l\u00f3 labdar\u00fag\u00f3ja.<!--more--><\/p>\n<p>1949. december 18- \u00e1n sz\u00fcletett a Ferencv\u00e1ros, majd a Csepel SC magyar v\u00e1logatott sportol\u00f3ja, aki k\u00e9k- piros sz\u00ednekben 1976 \u00e9s 1978 k\u00f6z\u00f6tt l\u00e9pett p\u00e1ly\u00e1ra \u00e9s 46 m\u00e9rk\u0151z\u00e9sen \u00f6sszesen 15 g\u00f3lt szerzett.&nbsp; Az olimpiai ez\u00fcst\u00e9rmes futballista&nbsp; \u00edgy nyilatkozott csepeli \u00e9veir\u0151l:<br \/>\n1976-ban t\u00faladtak \u00f6n\u00f6n, vagy mondjuk \u00fagy, elk\u00fcldt\u00e9k a kor\u00e1bbi \u00e1szt.<br \/>\n\u2013 <em>Az \u00dcll\u0151i \u00fati vezet\u0151k \u2013 fogalmazzunk \u00fagy \u2013 nem ellenkeztek, amikor a Csepel el akart vinni. De ne t\u00e9pj\u00fcnk fel r\u00e9gi sebeket! T\u00e9ny: j\u00f6tt a fiatal\u00edt\u00e1s, \u00e9n pedig \u00e9reztem, hogy mindink\u00e1bb felesleges vagyok. Bevallom, a sz\u00edvem szakadt meg, amikor a kezembe adt\u00e1k az \u00e1tigazol\u00e1si pap\u00edrt.<\/em><br \/>\n\u2013 Meddig maradt Csepelen?<br \/>\n\u2013 <em>K\u00e9t \u00e9vig. Szerettek, megbecs\u00fcltek. \u00c1m 1976-ban, mikor elhagytam az \u00dcll\u0151i utat, k\u00e9ts\u00e9gtelen\u00fcl elpattant egy h\u00far. Csepel ut\u00e1n m\u00e9g k\u00e9t \u00e9vet az \u00c9p\u00edt\u0151kn\u00e9l j\u00e1tszottam.<\/em><\/p>\n<p><strong>BRANIKOVITS L\u00c1SZL\u00d3<\/strong><br \/>\n<strong>Sz\u00fcletett:<\/strong> 1949. december 18., Budapest<br \/>\n<strong>Posztja:<\/strong> csat\u00e1r<br \/>\n<strong>Klubjai:<\/strong> Ferencv\u00e1ros (1967\u20131976), <strong>Csepel (1976\u20131978),<\/strong> \u00c9p\u00edt\u0151k (1978\u20131979)<br \/>\n<strong>V\u00e1logatotts\u00e1g:<\/strong> 6 meccs\/2 g\u00f3l (1972\u20131975)<br \/>\n<strong>Kiemelked\u0151 sikerei:<\/strong> 3x magyar bajnok (1967, 1968, 1976), 3x Magyar Kupa-gy\u0151ztes, KEK-d\u00f6nt\u0151s (1975), VVK-&nbsp; d\u00f6nt\u0151s (1968), UEFA-kupa-el\u0151d\u00f6nt\u0151s (1972), az FTC-ben 325 m\u00e9rk\u0151z\u00e9sen 150 g\u00f3lt szerzett, <strong>a Csepel SC- ben 46 m\u00e9rk\u0151z\u00e9sen 15 g\u00f3lt szerzett.<\/strong><\/p>\n<p>A Csepel FC osztozik a csal\u00e1d \u00e9s a hozz\u00e1tartoz\u00f3k gy\u00e1sz\u00e1ban.<\/p>\n","protected":false},"excerpt":{"rendered":"<div class=\"mh-excerpt\"><p>Ism\u00e9t szomor\u00fa h\u00edr \u00e9rkezett klubunkhoz a mai napon. 71 \u00e9ves kor\u00e1ban elhunyt Branikovits L\u00e1szl\u00f3 az FTC \u00e9s a Csepel SC kor\u00e1bbi kiv\u00e1l\u00f3 labdar\u00fag\u00f3ja.<\/p>\n<\/div>","protected":false},"author":4,"featured_media":5541,"comment_status":"closed","ping_status":"open","sticky":false,"template":"","format":"standard","meta":{"jetpack_publicize_message":"","jetpack_is_tweetstorm":false,"jetpack_publicize_feature_enabled":true},"categories":[1,7],"tags":[],"jetpack_publicize_connections":[],"jetpack_featured_media_url":"http:\/\/csepelfc.hu\/wp-content\/uploads\/2020\/10\/Brani.jpg","jetpack_sharing_enabled":true,"jetpack_shortlink":"https:\/\/wp.me\/p83FEU-1rk","_links":{"self":[{"href":"http:\/\/csepelfc.hu\/index.php\/wp-json\/wp\/v2\/posts\/5538"}],"collection":[{"href":"http:\/\/csepelfc.hu\/index.php\/wp-json\/wp\/v2\/posts"}],"about":[{"href":"http:\/\/csepelfc.hu\/index.php\/wp-json\/wp\/v2\/types\/post"}],"author":[{"embeddable":true,"href":"http:\/\/csepelfc.hu\/index.php\/wp-json\/wp\/v2\/users\/4"}],"replies":[{"embeddable":true,"href":"http:\/\/csepelfc.hu\/index.php\/wp-json\/wp\/v2\/comments?post=5538"}],"version-history":[{"count":2,"href":"http:\/\/csepelfc.hu\/index.php\/wp-json\/wp\/v2\/posts\/5538\/revisions"}],"predecessor-version":[{"id":5542,"href":"http:\/\/csepelfc.hu\/index.php\/wp-json\/wp\/v2\/posts\/5538\/revisions\/5542"}],"wp:featuredmedia":[{"embeddable":true,"href":"http:\/\/csepelfc.hu\/index.php\/wp-json\/wp\/v2\/media\/5541"}],"wp:attachment":[{"href":"http:\/\/csepelfc.hu\/index.php\/wp-json\/wp\/v2\/media?parent=5538"}],"wp:term":[{"taxonomy":"category","embeddable":true,"href":"http:\/\/csepelfc.hu\/index.php\/wp-json\/wp\/v2\/categories?post=5538"},{"taxonomy":"post_tag","embeddable":true,"href":"http:\/\/csepelfc.hu\/index.php\/wp-json\/wp\/v2\/tags?post=5538"}],"curies":[{"name":"wp","href":"https:\/\/api.w.org\/{rel}","templated":true}]}}