{"id":5519,"date":"2020-10-10T10:22:34","date_gmt":"2020-10-10T09:22:34","guid":{"rendered":"http:\/\/csepelfc.hu\/?p=5519"},"modified":"2020-10-10T11:44:37","modified_gmt":"2020-10-10T10:44:37","slug":"rovidzarlat-rakospalotan-is","status":"publish","type":"post","link":"http:\/\/csepelfc.hu\/index.php\/2020\/10\/10\/rovidzarlat-rakospalotan-is\/","title":{"rendered":"R\u00f6vidz\u00e1rlat R\u00e1kospalot\u00e1n"},"content":{"rendered":"<p>Idegenben \u00fajabb akad\u00e1lyba \u00fctk\u00f6z\u00f6tt a Csepel FC feln\u0151tt egy\u00fcttese. Ez\u00fattal a REAC csapata tette sz\u00e1munkra t\u00fal magasra a l\u00e9cet&#8230;<!--more--><\/p>\n<p><strong>REAC &#8211; Csepel FC 3:2 (0:1)<\/strong><\/p>\n<p>Budai II L\u00e1szl\u00f3 Stadion, <strong>Jv.<\/strong>: Kiss Gerg\u0151 (Reszler Csaba, Apk\u00f3 Tam\u00e1s)<\/p>\n<p><strong>REAC<\/strong>: Szarvasi P. &#8211; Horv\u00e1th R., Ancsin K. (Moln\u00e1r B. &#8217;90), Horv\u00e1th K., Kaszala P. (N\u00e9meth G. &#8217;84), Lakatos Z. (Dani Z. &#8217;78), Nagy G., Sz\u00e1ntovszki S., Horv\u00e1th K. (Barna M. &#8217;94), Orosh\u00e1zi D., Micheller T. (Horv\u00e1th L. &#8217;59). <strong>Edz\u0151<\/strong>: Dinka Bal\u00e1zs<\/p>\n<p><strong>Csepel FC:<\/strong> Sz\u0171cs Kriszti\u00e1n &#8211; Bende J\u00e1nos, M\u00e9sz\u00e1ros Roland, Zai Krist\u00f3f (Tak\u00e1cs L\u00e1szl\u00f3 &#8217;62), Vargovics Tam\u00e1s, M\u00e9sz\u00e1ros L\u00e1szl\u00f3, Moh\u00e1csik G\u00e1bor (K\u00f6d\u00f6b\u00f6cz Andr\u00e1s &#8217;86), Szab\u00f3 Erik (Mank\u00f3 D\u00e1vid &#8217;46), Tepl\u00e1n J\u00e1nos, Bencze M\u00e1rton, V\u00f6r\u00f6s Bence (N\u00e9meth Zolt\u00e1n &#8217;38) <strong>Vezet\u0151edz\u0151:<\/strong> Tak\u00e1cs Kriszti\u00e1n<\/p>\n<p><strong>G\u00f3lszerz\u0151k:<\/strong> M\u00e9sz\u00e1ros L\u00e1szl\u00f3 (&#8217;43), N\u00e9meth Zolt\u00e1n (&#8217;93), ill. Kaszala P. (&#8217;47), Dani Z. (&#8217;81), Ancsin K. (&#8217;87)<\/p>\n<p>A m\u00e9rk\u0151z\u00e9s kr\u00f3nik\u00e1j\u00e1hoz hozz\u00e1tartozik, hogy az 57. percben a hazaiak szektor\u00e1b\u00f3l egy hanggr\u00e1n\u00e1tot dobtak a Csepel szurkol\u00f3k k\u00f6z\u00e9, amit p\u00e1r perces &#8220;eszmecsere&#8221; k\u00f6vetett a k\u00e9t szurkol\u00f3t\u00e1bor k\u00f6z\u00f6tt, mely ut\u00e1n komolyabb atrocit\u00e1s n\u00e9lk\u00fcl v\u00e9get is \u00e9rt az incidens.<\/p>\n","protected":false},"excerpt":{"rendered":"<div class=\"mh-excerpt\"><p>Idegenben \u00fajabb akad\u00e1lyba \u00fctk\u00f6z\u00f6tt a Csepel FC feln\u0151tt egy\u00fcttese. Ez\u00fattal a REAC csapata tette sz\u00e1munkra t\u00fal magasra a l\u00e9cet&#8230;<\/p>\n<\/div>","protected":false},"author":4,"featured_media":5520,"comment_status":"closed","ping_status":"open","sticky":false,"template":"","format":"standard","meta":{"jetpack_publicize_message":"","jetpack_is_tweetstorm":false,"jetpack_publicize_feature_enabled":true},"categories":[1,7],"tags":[],"jetpack_publicize_connections":[],"jetpack_featured_media_url":"http:\/\/csepelfc.hu\/wp-content\/uploads\/2020\/10\/Magasugros.jpg","jetpack_sharing_enabled":true,"jetpack_shortlink":"https:\/\/wp.me\/p83FEU-1r1","_links":{"self":[{"href":"http:\/\/csepelfc.hu\/index.php\/wp-json\/wp\/v2\/posts\/5519"}],"collection":[{"href":"http:\/\/csepelfc.hu\/index.php\/wp-json\/wp\/v2\/posts"}],"about":[{"href":"http:\/\/csepelfc.hu\/index.php\/wp-json\/wp\/v2\/types\/post"}],"author":[{"embeddable":true,"href":"http:\/\/csepelfc.hu\/index.php\/wp-json\/wp\/v2\/users\/4"}],"replies":[{"embeddable":true,"href":"http:\/\/csepelfc.hu\/index.php\/wp-json\/wp\/v2\/comments?post=5519"}],"version-history":[{"count":4,"href":"http:\/\/csepelfc.hu\/index.php\/wp-json\/wp\/v2\/posts\/5519\/revisions"}],"predecessor-version":[{"id":5525,"href":"http:\/\/csepelfc.hu\/index.php\/wp-json\/wp\/v2\/posts\/5519\/revisions\/5525"}],"wp:featuredmedia":[{"embeddable":true,"href":"http:\/\/csepelfc.hu\/index.php\/wp-json\/wp\/v2\/media\/5520"}],"wp:attachment":[{"href":"http:\/\/csepelfc.hu\/index.php\/wp-json\/wp\/v2\/media?parent=5519"}],"wp:term":[{"taxonomy":"category","embeddable":true,"href":"http:\/\/csepelfc.hu\/index.php\/wp-json\/wp\/v2\/categories?post=5519"},{"taxonomy":"post_tag","embeddable":true,"href":"http:\/\/csepelfc.hu\/index.php\/wp-json\/wp\/v2\/tags?post=5519"}],"curies":[{"name":"wp","href":"https:\/\/api.w.org\/{rel}","templated":true}]}}