{"id":551,"date":"2017-03-01T14:42:16","date_gmt":"2017-03-01T13:42:16","guid":{"rendered":"http:\/\/csepelfc.hu\/?p=551"},"modified":"2017-03-01T14:43:56","modified_gmt":"2017-03-01T13:43:56","slug":"up-sikeres-idenykezdet-hazai-palyan","status":"publish","type":"post","link":"http:\/\/csepelfc.hu\/index.php\/2017\/03\/01\/up-sikeres-idenykezdet-hazai-palyan\/","title":{"rendered":"UP: sikeres id\u00e9nykezdet hazai p\u00e1ly\u00e1n"},"content":{"rendered":"<p>A Csepel FC ut\u00e1np\u00f3tl\u00e1s csapatai k\u00f6z\u00fcl els\u0151k\u00e9nt az U14 \u00e9s az U15-\u00f6s egy\u00fcttes\u00fcnk kezdte meg tavaszi bajnoki szezonb\u00e9li szerepl\u00e9s\u00e9t. <!--more--><\/p>\n<p>Elekes Zsolt \u00e9s N\u00e9meth G\u00e1bor tan\u00edtv\u00e1nyai a Dunaharaszti MTK ellen bizony\u00edtott\u00e1k, hogy a t\u00e9li felk\u00e9sz\u00fcl\u00e9s\u00fck sor\u00e1n nem vesztegett\u00e9k az idej\u00fcket, \u00edgy minden rem\u00e9ny megvan egy hasonl\u00f3an j\u00f3 folytat\u00e1sra is.<\/p>\n<p>U-14 II. oszt\u00e1ly K\u00f6z\u00e9p B 16. fordul\u00f3<\/p>\n<p><strong>Csepel FC SE\u2013Dunaharaszti MTK 2\u20131 (1\u20131)<\/strong><\/p>\n<p>Febru\u00e1r 26. vas\u00e1rnap, 10 \u00f3ra Csepel Sporttelep, 2. edz\u0151p\u00e1lya<\/p>\n<p><strong>Vezette:<\/strong> Eisenbacher Mih\u00e1ly (Zsarn\u00f3czay Tam\u00e1s, Sz\u00e9kely Gerg\u0151)<\/p>\n<p><strong>G.:<\/strong> P\u00e1sztor P\u00e9ter (\u20197), Varga Krisztofer (\u201966), ill. Verpel\u00e9ti N\u00e1ndor (\u20192)<\/p>\n<p><strong>Csepel FC:<\/strong> Gregus Gerg\u0151 \u2013 Varga Krisztofer, V\u00e9gh Patrik, S\u00fck\u00f6sd Kriszti\u00e1n, Baksa Istv\u00e1n, P\u00e1sztor P\u00e9ter, Fazekas \u00c1d\u00e1m, Tan\u00e1cs Patrik (Kmetz J\u00f3zsef), Kardos \u00c1d\u00e1m, Kiss Marcell, Tornyos Benedek<\/p>\n<p><strong>Kispad:<\/strong> Oszter M\u00e1rk<\/p>\n<p><strong>Edz\u0151:<\/strong> Elekes Zsolt<\/p>\n<p><strong>J\u00f3k: <\/strong>K\u00fcl\u00f6n nem emeln\u00e9k ki senkit, gratul\u00e1lok mindenkinek!<\/p>\n<p><strong>Elekes Zsolt: &#8211; <\/strong>Alig v\u00e1rtuk a tavaszi els\u0151 bajnoki meccset, ehhez k\u00e9pest m\u00e1r a m\u00e1sodik percben \u2013egy bombag\u00f3llal\u2013 m\u00e1ris h\u00e1tr\u00e1nyba ker\u00fclt\u00fcnk. Szerencs\u00e9re hamar rendezt\u00fck sorainkat, kiegyenl\u00edtett\u00fcnk \u00e9s (az els\u0151 t\u00edz perc kiv\u00e9tel\u00e9vel) v\u00e9gig ir\u00e1ny\u00edtani tudtuk a tal\u00e1lkoz\u00f3t. Az eg\u00e9sz meccsen nyom\u00e1s alatt tartottuk ellenfel\u00fcnket, akik szinte \u00e1t sem l\u00e9pt\u00e9k a felez\u0151vonalat. Sz\u00e1mtalan helyzetet dolgoztunk ki, de sajnos azokat rendre ki is hagytuk\u2026 Tetszett a csapat j\u00e1t\u00e9ka, hozz\u00e1\u00e1ll\u00e1sa, szinte mindenben fel\u00fcl tudtunk kerekedni ellenfel\u00fcnk\u00f6n. Csapatom l\u00e1that\u00f3an remek \u00e1llapotban van, ez\u00e9rt b\u00edzom a hasonl\u00f3an sikeres folytat\u00e1sban. \u00d6sszess\u00e9g\u00e9ben teh\u00e1t el\u00e9gedett vagyok, ahhoz k\u00e9pest, hogy n\u00e9gy h\u00f3napja nem j\u00e1tszhattunk f\u00fcves talajon, kezdetnek ez nem rossz teljes\u00edtm\u00e9ny.<\/p>\n<p>U-15 II. oszt\u00e1ly K\u00f6z\u00e9p- B<\/p>\n<p><strong>Csepel FC SE\u2013Dunaharaszti MTK 4\u20130 (3\u20130)<\/strong><\/p>\n<p>Febru\u00e1r 26. vas\u00e1rnap, 12 \u00f3ra Csepel Sporttelep, 2. edz\u0151p\u00e1lya<\/p>\n<p><strong>Vezette:<\/strong> Sz\u00e9kely Gerg\u0151 (Zsarn\u00f3czay Tam\u00e1s, Eisenbacher Mih\u00e1ly)<\/p>\n<p><strong>G.:<\/strong> Lipl Noel (2)\u201912,\u201939, Varga Zolt\u00e1n (\u201939), Horv\u00e1th \u00c1kos (\u201941)<\/p>\n<p><strong>\u00a0<\/strong><strong>Csepel FC:<\/strong> Kov\u00e1cs Rich\u00e1rd (Raduly Andr\u00e1s) \u2013 Jakab Andr\u00e1s (Szikszai Attila), Varga Zolt\u00e1n (Kaposv\u00e1ri M\u00e1t\u00e9), Cz\u00e9km\u00e1ny \u00c1d\u00e1m, M\u00e1t\u00e9 Gerg\u0151, Kerner Tam\u00e1s (B\u00fas J\u00e1nos), Lipl Noel, Lencs\u00e9s Attila, (Vaszily Botond), Varga Istv\u00e1n, Hegyes M\u00e1rton, Horv\u00e1th \u00c1kos<\/p>\n<p><strong>Kispad:<\/strong> &#8211;<\/p>\n<p><strong>J\u00f3k:<\/strong> Lipl Noel, Varga Istv\u00e1n, Horv\u00e1th \u00c1kos<\/p>\n<p><strong>N\u00e9meth G\u00e1bor<\/strong> &#8211; Az \u0151szi \u00f6sszecsap\u00e1sunk ut\u00e1n volt mi\u00e9rt visszav\u00e1gnunk ellenfel\u00fcnknek, ami magabiztos j\u00e1t\u00e9kkal siker\u00fclt is. Van hi\u00e1ny\u00e9rzetem a kihagyott helyzeteket illet\u0151en, \u00e9s t\u00e1mad\u00e1sban, a labda n\u00e9lk\u00fcli mozg\u00e1sok ter\u00e9n is van hov\u00e1 fejl\u0151dni. A szezon kezdetnek megfelel\u0151 form\u00e1t mutattunk, de b\u00edzom benne, hogy lesz ez m\u00e9g jobb is!<\/p>\n<p>&nbsp;<\/p>\n","protected":false},"excerpt":{"rendered":"<div class=\"mh-excerpt\"><p>A Csepel FC ut\u00e1np\u00f3tl\u00e1s csapatai k\u00f6z\u00fcl els\u0151k\u00e9nt az U14 \u00e9s az U15-\u00f6s egy\u00fcttes\u00fcnk kezdte meg tavaszi bajnoki szezonb\u00e9li szerepl\u00e9s\u00e9t.<\/p>\n<\/div>","protected":false},"author":4,"featured_media":552,"comment_status":"closed","ping_status":"open","sticky":false,"template":"","format":"standard","meta":{"jetpack_publicize_message":"","jetpack_is_tweetstorm":false,"jetpack_publicize_feature_enabled":true},"categories":[1,3],"tags":[],"jetpack_publicize_connections":[],"jetpack_featured_media_url":"http:\/\/csepelfc.hu\/wp-content\/uploads\/2017\/03\/Csepel-D.haraszti.jpg","jetpack_sharing_enabled":true,"jetpack_shortlink":"https:\/\/wp.me\/p83FEU-8T","_links":{"self":[{"href":"http:\/\/csepelfc.hu\/index.php\/wp-json\/wp\/v2\/posts\/551"}],"collection":[{"href":"http:\/\/csepelfc.hu\/index.php\/wp-json\/wp\/v2\/posts"}],"about":[{"href":"http:\/\/csepelfc.hu\/index.php\/wp-json\/wp\/v2\/types\/post"}],"author":[{"embeddable":true,"href":"http:\/\/csepelfc.hu\/index.php\/wp-json\/wp\/v2\/users\/4"}],"replies":[{"embeddable":true,"href":"http:\/\/csepelfc.hu\/index.php\/wp-json\/wp\/v2\/comments?post=551"}],"version-history":[{"count":2,"href":"http:\/\/csepelfc.hu\/index.php\/wp-json\/wp\/v2\/posts\/551\/revisions"}],"predecessor-version":[{"id":554,"href":"http:\/\/csepelfc.hu\/index.php\/wp-json\/wp\/v2\/posts\/551\/revisions\/554"}],"wp:featuredmedia":[{"embeddable":true,"href":"http:\/\/csepelfc.hu\/index.php\/wp-json\/wp\/v2\/media\/552"}],"wp:attachment":[{"href":"http:\/\/csepelfc.hu\/index.php\/wp-json\/wp\/v2\/media?parent=551"}],"wp:term":[{"taxonomy":"category","embeddable":true,"href":"http:\/\/csepelfc.hu\/index.php\/wp-json\/wp\/v2\/categories?post=551"},{"taxonomy":"post_tag","embeddable":true,"href":"http:\/\/csepelfc.hu\/index.php\/wp-json\/wp\/v2\/tags?post=551"}],"curies":[{"name":"wp","href":"https:\/\/api.w.org\/{rel}","templated":true}]}}