{"id":5326,"date":"2020-08-19T19:41:39","date_gmt":"2020-08-19T18:41:39","guid":{"rendered":"http:\/\/csepelfc.hu\/?p=5326"},"modified":"2020-08-19T19:53:19","modified_gmt":"2020-08-19T18:53:19","slug":"mk-otgolos-siker-es-tovabbjutas-a-kupaban","status":"publish","type":"post","link":"http:\/\/csepelfc.hu\/index.php\/2020\/08\/19\/mk-otgolos-siker-es-tovabbjutas-a-kupaban\/","title":{"rendered":"MK: \u00f6tg\u00f3los siker \u00e9s tov\u00e1bbjut\u00e1s a kup\u00e1ban"},"content":{"rendered":"<p>\u00dajabb, magabiztos sikert aratott a Csepel FC feln\u0151tt labdar\u00fag\u00f3 csapata a labdar\u00fag\u00f3 Magyar Kupa 3. fordul\u00f3j\u00e1ban.<!--more--><\/p>\n<p>Szerd\u00e1n d\u00e9lut\u00e1n a Csepel Stadionban fogadta Tak\u00e1cs Kriszti\u00e1n egy\u00fcttese a Testv\u00e9ris\u00e9g- \u00dajpalota SE egy\u00fcttes\u00e9t, akikr\u0151l nem \u0151rizt\u00fcnk t\u00fal j\u00f3 eml\u00e9keket az el\u0151z\u0151 bajnoks\u00e1gb\u00f3l, ugyanis N\u00e9meth G\u00e1bor lemond\u00e1s\u00e1ra \u00e9ppen az ellen\u00fck elszenvedett 1:4- es veres\u00e9g tette oda a pontot. Ez\u00fattal mer\u0151ben m\u00e1s csapattal \u00e9s mer\u0151ben m\u00e1s felfog\u00e1ssal l\u00e9pt\u00fcnk p\u00e1ly\u00e1ra a m\u00e1rciusi meccshez k\u00e9pest \u00e9s szemernyi k\u00e9ts\u00e9get sem hagytunk afel\u0151l, hogy ki jut tov\u00e1bb a Magyar Kupa k\u00f6vetkez\u0151 fordul\u00f3j\u00e1ba.<\/p>\n<p><strong>Csepel FC &#8211; Testv\u00e9ris\u00e9g- \u00dajpalota SE 5:0 \/2:0\/<\/strong><\/p>\n<p>Csepel Stadion, <strong>Jv.:<\/strong> Bereczki Mikl\u00f3s (Boros R\u00f3bert, Nyekita Br\u00fan\u00f3)<\/p>\n<p><strong>Csepel FC:<\/strong> Sz\u0171cs Kriszti\u00e1n &#8211; Bende J\u00e1nos, M\u00e9sz\u00e1ros Roland, Vargovics Tam\u00e1s, M\u00e9sz\u00e1ros L\u00e1szl\u00f3 (Zai Krist\u00f3f &#8217;52), N\u00e9meth Zolt\u00e1n (Moh\u00e1csik G\u00e1bor &#8217;77), V\u00f6r\u00f6s Bence, Gauzer Levente, Bencze M\u00e1rton (Tak\u00e1cs L\u00e1szl\u00f3 &#8217;62), Mank\u00f3 D\u00e1vid, Kemerle D\u00e1niel <strong>Vezet\u0151edz\u0151:<\/strong> Tak\u00e1cs Kriszti\u00e1n<\/p>\n<p><strong> Testv\u00e9ris\u00e9g- \u00dajpalota:<\/strong> Zub\u00e1ny M. &#8211; Ubrankovics G., Sztojanovits Z., Rosta L. (P\u00e1lmai Zs. &#8217;57), Hornok D., P\u00e1lmai Zs., T\u00f3th \u00c1., Orosz \u00c1.(Simon Z. &#8217;57), Alm T., \u00c1cs B. (P\u00f3sa D. &#8217;46), Deschel\u00e1k K. <strong>Edz\u0151:<\/strong> Gy\u0171r\u0171 L.<\/p>\n<p><strong>G\u00f3lszerz\u0151k:<\/strong> N\u00e9meth Zolt\u00e1n \/2\/ &#8216;4, &#8217;75, V\u00f6r\u00f6s Bence &#8217;19, Bencze M\u00e1rton &#8217;48, , Kemerle D\u00e1niel &#8217;90 \/11- b\u0151l\/<\/p>\n","protected":false},"excerpt":{"rendered":"<div class=\"mh-excerpt\"><p>\u00dajabb, magabiztos sikert aratott a Csepel FC feln\u0151tt labdar\u00fag\u00f3 csapata a labdar\u00fag\u00f3 Magyar Kupa 3. fordul\u00f3j\u00e1ban.<\/p>\n<\/div>","protected":false},"author":4,"featured_media":5329,"comment_status":"closed","ping_status":"open","sticky":false,"template":"","format":"standard","meta":{"jetpack_publicize_message":"","jetpack_is_tweetstorm":false,"jetpack_publicize_feature_enabled":true},"categories":[1,7],"tags":[],"jetpack_publicize_connections":[],"jetpack_featured_media_url":"http:\/\/csepelfc.hu\/wp-content\/uploads\/2020\/08\/M\u00e1rk\u00e9.jpg","jetpack_sharing_enabled":true,"jetpack_shortlink":"https:\/\/wp.me\/p83FEU-1nU","_links":{"self":[{"href":"http:\/\/csepelfc.hu\/index.php\/wp-json\/wp\/v2\/posts\/5326"}],"collection":[{"href":"http:\/\/csepelfc.hu\/index.php\/wp-json\/wp\/v2\/posts"}],"about":[{"href":"http:\/\/csepelfc.hu\/index.php\/wp-json\/wp\/v2\/types\/post"}],"author":[{"embeddable":true,"href":"http:\/\/csepelfc.hu\/index.php\/wp-json\/wp\/v2\/users\/4"}],"replies":[{"embeddable":true,"href":"http:\/\/csepelfc.hu\/index.php\/wp-json\/wp\/v2\/comments?post=5326"}],"version-history":[{"count":4,"href":"http:\/\/csepelfc.hu\/index.php\/wp-json\/wp\/v2\/posts\/5326\/revisions"}],"predecessor-version":[{"id":5332,"href":"http:\/\/csepelfc.hu\/index.php\/wp-json\/wp\/v2\/posts\/5326\/revisions\/5332"}],"wp:featuredmedia":[{"embeddable":true,"href":"http:\/\/csepelfc.hu\/index.php\/wp-json\/wp\/v2\/media\/5329"}],"wp:attachment":[{"href":"http:\/\/csepelfc.hu\/index.php\/wp-json\/wp\/v2\/media?parent=5326"}],"wp:term":[{"taxonomy":"category","embeddable":true,"href":"http:\/\/csepelfc.hu\/index.php\/wp-json\/wp\/v2\/categories?post=5326"},{"taxonomy":"post_tag","embeddable":true,"href":"http:\/\/csepelfc.hu\/index.php\/wp-json\/wp\/v2\/tags?post=5326"}],"curies":[{"name":"wp","href":"https:\/\/api.w.org\/{rel}","templated":true}]}}