{"id":5317,"date":"2020-08-16T10:52:04","date_gmt":"2020-08-16T09:52:04","guid":{"rendered":"http:\/\/csepelfc.hu\/?p=5317"},"modified":"2020-08-16T17:45:05","modified_gmt":"2020-08-16T16:45:05","slug":"felkeszules-gyozelem-az-utolso-edzomeccsunkon","status":"publish","type":"post","link":"http:\/\/csepelfc.hu\/index.php\/2020\/08\/16\/felkeszules-gyozelem-az-utolso-edzomeccsunkon\/","title":{"rendered":"Felk\u00e9sz\u00fcl\u00e9s: gy\u0151zelem az utols\u00f3 edz\u0151meccsen"},"content":{"rendered":"<p>Lej\u00e1tszotta utols\u00f3 ny\u00e1ri felk\u00e9sz\u00fcl\u00e9si tal\u00e1lkoz\u00f3j\u00e1t a Csepel FC feln\u0151tt labdar\u00fag\u00f3 csapata. V\u00e1charty\u00e1nban \u00f6t g\u00f3lt l\u0151tt\u00fcnk a megye I. oszt\u00e1ly\u00fa Veresegyh\u00e1z csapat\u00e1nak.<!--more--><\/p>\n<p><strong>Veresegyh\u00e1z VSK &#8211; Csepel FC 0:5<\/strong><\/p>\n<p><strong>V\u00e1charty\u00e1n<\/strong><\/p>\n<p><strong>Csepel FC: <\/strong>Berhidai Zolt\u00e1n &#8211; Vargovics Tam\u00e1s, Moh\u00e1csik G\u00e1bor, Bende J\u00e1nos, Tepl\u00e1n J\u00e1nos, K\u00f6d\u00f6b\u00f6cz Andr\u00e1s, Zai Krist\u00f3f, Jeszenszky Rudolf, Pip\u00f3 Krist\u00f3f, V\u00f6r\u00f6s Bence, N\u00e9meth Zolt\u00e1n<br \/>\n<strong>Cserek\u00e9nt p\u00e1ly\u00e1ra l\u00e9pett:<\/strong> Mesz\u00e1ros Roland, Kemerle D\u00e1niel, Bencze M\u00e1rton, Gauzer Levente, Mank\u00f3 D\u00e1vid <strong>Vezet\u0151edz\u0151<\/strong>: Tak\u00e1cs Kriszti\u00e1n<\/p>\n<p><strong>G\u00f3lszerz\u0151k:<\/strong> Bencze M\u00e1rton \/2\/, K\u00f6d\u00f6b\u00f6cz Andr\u00e1s, Pip\u00f3 Krist\u00f3f, Kemerle D\u00e1niel<\/p>\n<p>A k\u00f6vetkez\u0151 tal\u00e1lkoz\u00f3nk 2020. augusztus 19- \u00e9n szerd\u00e1n lesz 17:30- kor Csepelen, a Testv\u00e9ris\u00e9g- \u00dajpalota ellen a Magyar Kupa III. fordul\u00f3j\u00e1ban.<\/p>\n","protected":false},"excerpt":{"rendered":"<div class=\"mh-excerpt\"><p>Lej\u00e1tszotta utols\u00f3 ny\u00e1ri felk\u00e9sz\u00fcl\u00e9si tal\u00e1lkoz\u00f3j\u00e1t a Csepel FC feln\u0151tt labdar\u00fag\u00f3 csapata. V\u00e1charty\u00e1nban \u00f6t g\u00f3lt l\u0151tt\u00fcnk a megye I. oszt\u00e1ly\u00fa Veresegyh\u00e1z csapat\u00e1nak.<\/p>\n<\/div>","protected":false},"author":4,"featured_media":5318,"comment_status":"closed","ping_status":"open","sticky":false,"template":"","format":"standard","meta":{"jetpack_publicize_message":"","jetpack_is_tweetstorm":false,"jetpack_publicize_feature_enabled":true},"categories":[1,7],"tags":[],"jetpack_publicize_connections":[],"jetpack_featured_media_url":"http:\/\/csepelfc.hu\/wp-content\/uploads\/2020\/08\/VSK-Csepel.jpg","jetpack_sharing_enabled":true,"jetpack_shortlink":"https:\/\/wp.me\/p83FEU-1nL","_links":{"self":[{"href":"http:\/\/csepelfc.hu\/index.php\/wp-json\/wp\/v2\/posts\/5317"}],"collection":[{"href":"http:\/\/csepelfc.hu\/index.php\/wp-json\/wp\/v2\/posts"}],"about":[{"href":"http:\/\/csepelfc.hu\/index.php\/wp-json\/wp\/v2\/types\/post"}],"author":[{"embeddable":true,"href":"http:\/\/csepelfc.hu\/index.php\/wp-json\/wp\/v2\/users\/4"}],"replies":[{"embeddable":true,"href":"http:\/\/csepelfc.hu\/index.php\/wp-json\/wp\/v2\/comments?post=5317"}],"version-history":[{"count":3,"href":"http:\/\/csepelfc.hu\/index.php\/wp-json\/wp\/v2\/posts\/5317\/revisions"}],"predecessor-version":[{"id":5322,"href":"http:\/\/csepelfc.hu\/index.php\/wp-json\/wp\/v2\/posts\/5317\/revisions\/5322"}],"wp:featuredmedia":[{"embeddable":true,"href":"http:\/\/csepelfc.hu\/index.php\/wp-json\/wp\/v2\/media\/5318"}],"wp:attachment":[{"href":"http:\/\/csepelfc.hu\/index.php\/wp-json\/wp\/v2\/media?parent=5317"}],"wp:term":[{"taxonomy":"category","embeddable":true,"href":"http:\/\/csepelfc.hu\/index.php\/wp-json\/wp\/v2\/categories?post=5317"},{"taxonomy":"post_tag","embeddable":true,"href":"http:\/\/csepelfc.hu\/index.php\/wp-json\/wp\/v2\/tags?post=5317"}],"curies":[{"name":"wp","href":"https:\/\/api.w.org\/{rel}","templated":true}]}}