{"id":5272,"date":"2020-08-10T19:08:08","date_gmt":"2020-08-10T18:08:08","guid":{"rendered":"http:\/\/csepelfc.hu\/?p=5272"},"modified":"2020-08-10T19:21:55","modified_gmt":"2020-08-10T18:21:55","slug":"up-indul-a-mandula-edzotabor-siofokon","status":"publish","type":"post","link":"http:\/\/csepelfc.hu\/index.php\/2020\/08\/10\/up-indul-a-mandula-edzotabor-siofokon\/","title":{"rendered":"UP: indul a mandula! &#8211; edz\u0151t\u00e1bor Si\u00f3fokon"},"content":{"rendered":"<p>A Csepel FC ut\u00e1np\u00f3tl\u00e1sa a kor\u00e1bbi \u00e9vekhez hasonl\u00f3an id\u00e9n is Balaton parti edz\u0151t\u00e1boroz\u00e1ssal z\u00e1rja a felk\u00e9sz\u00fcl\u00e9si id\u0151szakot, ez\u00fattal is Si\u00f3fokot &#8220;vett\u00fck be&#8221;.<!--more--><\/p>\n<p>Augusztus 10 -\u00e9n \/h\u00e9tf\u0151n\/ reggel szokatlanul nagy volt a mozgol\u00f3d\u00e1s a Csepel sporttelep labdar\u00fag\u00f3 \u00e9p\u00fclet\u00e9n\u00e9l, meglehet\u0151sen sok piros fels\u0151s, k\u00e9k nadr\u00e1gos gyerek v\u00e1rakozott arra, hogy meg\u00e9rkezzen a busz \u00e9s elinduljon Si\u00f3fokra, ahol egy h\u00e9ten kereszt\u00fcl t\u00e1boroznak a Csepel FC ut\u00e1np\u00f3tl\u00e1s labdar\u00fag\u00f3i. A sportol\u00f3k Elekes Zsolt t\u00e1borvezet\u0151, M\u00e4rtz J\u00e1nos, Tak\u00e1cs Kriszti\u00e1n, R\u00e1cz Botond, Horv\u00e1th Emese egykori v\u00e1logatott labdar\u00fag\u00f3, Habos G\u00e1bor \u00e9s L\u00e9gr\u00e1di G\u00e1bor vezet\u00e9s\u00e9vel indultak \u00fatnak, hogy azt\u00e1n sz\u0171k k\u00e9t \u00f3r\u00e1n bel\u00fcl meg\u00e9rkezzenek a Hotel Aranypart sz\u00e1llod\u00e1ba, ami a b\u00e1zist jelenti majd az el\u0151tt\u00fcnk \u00e1ll\u00f3 h\u00e9tben. A minden ig\u00e9nyt kiel\u00e9g\u00edt\u0151 v\u00edzparti sz\u00e1lloda t\u00f6k\u00e9letesnek t\u0171nik az edz\u00e9sek k\u00f6zti pihen\u00e9s elt\u00f6lt\u00e9s\u00e9re, a Balatoni Vasas labdar\u00fag\u00f3 p\u00e1ly\u00e1ja pedig ugyancsak j\u00f3l szolg\u00e1l majd a tr\u00e9ningek helysz\u00edn\u00e9\u00fcl, melyek k\u00f6z\u00fcl az els\u0151n m\u00e1r t\u00fal is esett a k\u00f6zel 80 f\u0151s t\u00e1rsas\u00e1g h\u00e9tf\u0151n d\u00e9lut\u00e1n. Ezt k\u00f6vet\u0151en term\u00e9szetesen a j\u00f3l meg\u00e9rdemelt vacsora, majd a f\u00fcrd\u0151z\u00e9s sem maradhatott el a h\u0171s\u00edt\u0151 Balatonban, ami l\u00e1that\u00f3lag mindenkinek kedv\u00e9re volt a tikkaszt\u00f3 h\u0151s\u00e9gben megtartott gyakorl\u00e1s ut\u00e1n. Folytat\u00e1s kedden,\u00a0 edz\u00e9sekkel \u00e9s felk\u00e9sz\u00fcl\u00e9si tal\u00e1lkoz\u00f3kkal a &#8220;helyi er\u0151k&#8221; ellen.<\/p>\n","protected":false},"excerpt":{"rendered":"<div class=\"mh-excerpt\"><p>A Csepel FC ut\u00e1np\u00f3tl\u00e1sa a kor\u00e1bbi \u00e9vekhez hasonl\u00f3an id\u00e9n is Balaton parti edz\u0151t\u00e1boroz\u00e1ssal z\u00e1rja a felk\u00e9sz\u00fcl\u00e9si id\u0151szakot, ez\u00fattal is Si\u00f3fokot &#8220;vett\u00fck be&#8221;.<\/p>\n<\/div>","protected":false},"author":4,"featured_media":5274,"comment_status":"closed","ping_status":"open","sticky":false,"template":"","format":"standard","meta":{"jetpack_publicize_message":"","jetpack_is_tweetstorm":false,"jetpack_publicize_feature_enabled":true},"categories":[1,11,3],"tags":[],"jetpack_publicize_connections":[],"jetpack_featured_media_url":"http:\/\/csepelfc.hu\/wp-content\/uploads\/2020\/08\/Buszfelek..jpg","jetpack_sharing_enabled":true,"jetpack_shortlink":"https:\/\/wp.me\/p83FEU-1n2","_links":{"self":[{"href":"http:\/\/csepelfc.hu\/index.php\/wp-json\/wp\/v2\/posts\/5272"}],"collection":[{"href":"http:\/\/csepelfc.hu\/index.php\/wp-json\/wp\/v2\/posts"}],"about":[{"href":"http:\/\/csepelfc.hu\/index.php\/wp-json\/wp\/v2\/types\/post"}],"author":[{"embeddable":true,"href":"http:\/\/csepelfc.hu\/index.php\/wp-json\/wp\/v2\/users\/4"}],"replies":[{"embeddable":true,"href":"http:\/\/csepelfc.hu\/index.php\/wp-json\/wp\/v2\/comments?post=5272"}],"version-history":[{"count":3,"href":"http:\/\/csepelfc.hu\/index.php\/wp-json\/wp\/v2\/posts\/5272\/revisions"}],"predecessor-version":[{"id":5276,"href":"http:\/\/csepelfc.hu\/index.php\/wp-json\/wp\/v2\/posts\/5272\/revisions\/5276"}],"wp:featuredmedia":[{"embeddable":true,"href":"http:\/\/csepelfc.hu\/index.php\/wp-json\/wp\/v2\/media\/5274"}],"wp:attachment":[{"href":"http:\/\/csepelfc.hu\/index.php\/wp-json\/wp\/v2\/media?parent=5272"}],"wp:term":[{"taxonomy":"category","embeddable":true,"href":"http:\/\/csepelfc.hu\/index.php\/wp-json\/wp\/v2\/categories?post=5272"},{"taxonomy":"post_tag","embeddable":true,"href":"http:\/\/csepelfc.hu\/index.php\/wp-json\/wp\/v2\/tags?post=5272"}],"curies":[{"name":"wp","href":"https:\/\/api.w.org\/{rel}","templated":true}]}}