{"id":5265,"date":"2020-08-09T21:15:35","date_gmt":"2020-08-09T20:15:35","guid":{"rendered":"http:\/\/csepelfc.hu\/?p=5265"},"modified":"2020-08-09T21:19:14","modified_gmt":"2020-08-09T20:19:14","slug":"remek-hangulatu-szabadprogram","status":"publish","type":"post","link":"http:\/\/csepelfc.hu\/index.php\/2020\/08\/09\/remek-hangulatu-szabadprogram\/","title":{"rendered":"Remek hangulat\u00fa szabadprogram"},"content":{"rendered":"<p>A Csepel FC feln\u0151tt labdar\u00fag\u00f3i a finisbe fordul\u00f3 felk\u00e9sz\u00fcl\u00e9si id\u0151szak programj\u00e1ba iktattak be egy nagyszer\u0171 hangulat\u00fa csapat \u00f6sszetart\u00e1st.<!--more--><\/p>\n<p>Tak\u00e1cs Kriszti\u00e1n szakmai vezet\u0151nk megh\u00edv\u00e1s\u00e1ra a Kincsem Parkba volt hivatalos els\u0151 csapatunk, akikhez csatlakozott M\u00e4rtz J\u00e1nos eln\u00f6k \u00e9s Elekes Zsolt ut\u00e1np\u00f3tl\u00e1s edz\u0151nk, akinek \/szak\u00e1cs tud\u00e1s\u00e1nak\/ k\u00f6sz\u00f6nhet\u0151en finom eb\u00e9d is v\u00e1rt a j\u00e1t\u00e9kosokra. Labdar\u00fag\u00f3ink egy nagyszer\u0171 hangulat\u00fa egym\u00e1s k\u00f6zti j\u00e1t\u00e9kot is be\u00fctemeztek a versenyp\u00e1lya f\u00fcves ter\u00fclet\u00e9n (Elek Vendel s\u00edpmester fel\u00fcgyelete mellett), majd a lel\u00e1t\u00f3k fel\u00e9 vett\u00e9k az ir\u00e1nyt, hogy megn\u00e9zz\u00e9k az aznapi \u00fcget\u0151 futamokat, ahol szakvezet\u0151j\u00fck Tak\u00e1cs Kriszti\u00e1n is rajthoz \u00e1llt egy-egy versenyen. A remek hangulat\u00fa laz\u00edt\u00e1s igaz\u00e1n r\u00e1f\u00e9rt a sr\u00e1cokra, akik a j\u00f6v\u0151 h\u00e9ten m\u00e1r &#8220;\u00e9lesben&#8221;, Magyar Kupa meccsen tesztelhetik le, hogy mennyire siker\u00fclt j\u00f3l a felk\u00e9sz\u00fcl\u00e9s.<\/p>\n","protected":false},"excerpt":{"rendered":"<div class=\"mh-excerpt\"><p>A Csepel FC feln\u0151tt labdar\u00fag\u00f3i a finisbe fordul\u00f3 felk\u00e9sz\u00fcl\u00e9si id\u0151szak programj\u00e1ba iktattak be egy nagyszer\u0171 hangulat\u00fa csapat \u00f6sszetart\u00e1st.<\/p>\n<\/div>","protected":false},"author":4,"featured_media":5268,"comment_status":"closed","ping_status":"open","sticky":false,"template":"","format":"standard","meta":{"jetpack_publicize_message":"","jetpack_is_tweetstorm":false,"jetpack_publicize_feature_enabled":true},"categories":[1,7],"tags":[],"jetpack_publicize_connections":[],"jetpack_featured_media_url":"http:\/\/csepelfc.hu\/wp-content\/uploads\/2020\/08\/Csapatfotok..jpg","jetpack_sharing_enabled":true,"jetpack_shortlink":"https:\/\/wp.me\/p83FEU-1mV","_links":{"self":[{"href":"http:\/\/csepelfc.hu\/index.php\/wp-json\/wp\/v2\/posts\/5265"}],"collection":[{"href":"http:\/\/csepelfc.hu\/index.php\/wp-json\/wp\/v2\/posts"}],"about":[{"href":"http:\/\/csepelfc.hu\/index.php\/wp-json\/wp\/v2\/types\/post"}],"author":[{"embeddable":true,"href":"http:\/\/csepelfc.hu\/index.php\/wp-json\/wp\/v2\/users\/4"}],"replies":[{"embeddable":true,"href":"http:\/\/csepelfc.hu\/index.php\/wp-json\/wp\/v2\/comments?post=5265"}],"version-history":[{"count":3,"href":"http:\/\/csepelfc.hu\/index.php\/wp-json\/wp\/v2\/posts\/5265\/revisions"}],"predecessor-version":[{"id":5271,"href":"http:\/\/csepelfc.hu\/index.php\/wp-json\/wp\/v2\/posts\/5265\/revisions\/5271"}],"wp:featuredmedia":[{"embeddable":true,"href":"http:\/\/csepelfc.hu\/index.php\/wp-json\/wp\/v2\/media\/5268"}],"wp:attachment":[{"href":"http:\/\/csepelfc.hu\/index.php\/wp-json\/wp\/v2\/media?parent=5265"}],"wp:term":[{"taxonomy":"category","embeddable":true,"href":"http:\/\/csepelfc.hu\/index.php\/wp-json\/wp\/v2\/categories?post=5265"},{"taxonomy":"post_tag","embeddable":true,"href":"http:\/\/csepelfc.hu\/index.php\/wp-json\/wp\/v2\/tags?post=5265"}],"curies":[{"name":"wp","href":"https:\/\/api.w.org\/{rel}","templated":true}]}}