{"id":5206,"date":"2020-06-27T13:46:33","date_gmt":"2020-06-27T12:46:33","guid":{"rendered":"http:\/\/csepelfc.hu\/?p=5206"},"modified":"2020-06-27T13:53:44","modified_gmt":"2020-06-27T12:53:44","slug":"vidam-arcok-onfeledt-pillanatok-csepel-fc-nyari-tabor-2-het","status":"publish","type":"post","link":"http:\/\/csepelfc.hu\/index.php\/2020\/06\/27\/vidam-arcok-onfeledt-pillanatok-csepel-fc-nyari-tabor-2-het\/","title":{"rendered":"Vid\u00e1m arcok, \u00f6nfeledt pillanatok &#8211; Csepel FC Ny\u00e1ri T\u00e1bor 2. h\u00e9t"},"content":{"rendered":"<p>V\u00e1ltozatlan l\u00e9tsz\u00e1mmal \u00e9s v\u00e1ltozatlanul gazdag programokkal, tartalmasan telt a Csepel FC ny\u00e1ri t\u00e1bor\u00e1nak m\u00e1sodik hete.<!--more-->A t\u00e1boroz\u00e1s m\u00e1sodik het\u00e9ben is Elekes Zsolt \u00e9s R\u00e1cz Botond voltak azok, akik fel\u00fcgyelt\u00e9k az ifjak mindennapjait, ut\u00f3bbi \u00edgy sz\u00e1molt be a magunk m\u00f6g\u00f6tt hagyott h\u00e9t t\u00f6rt\u00e9n\u00e9seir\u0151l:<\/p>\n<p>&#8211; <em>A t\u00e1bor m\u00e1sodik hete hasonl\u00f3 l\u00e9tsz\u00e1mot hozott mint az els\u0151, viszont ez\u00fattal a 2010- es \u00e9s azt k\u00f6vet\u0151en sz\u00fcletettek voltak t\u00f6bbs\u00e9gben. Az edz\u00e9sek hasonl\u00f3k\u00e9ppen zajlottak, mint az els\u0151 h\u00e9ten, viszont a ny\u00e1r bek\u00f6sz\u00f6nt\u00e9vel egy R\u00e1k\u00f3czi kerti t\u00far\u00e1t fagyiz\u00e1ssal egybek\u00f6tve tett\u00fcnk be a programok k\u00f6z\u00e9. Mivel az id\u0151 kegyes volt hozz\u00e1nk, ezen a h\u00e9ten t\u00f6bbet tudtunk a stadionban edzeni, ami k\u00fcl\u00f6n \u00e9lm\u00e9nyt \u00e9s motiv\u00e1ci\u00f3t jelentett a gyerekek sz\u00e1m\u00e1ra. Ezen a h\u00e9ten is nagyon j\u00f3l \u00e9rezte mag\u00e1t minden gyerek \u00e9s \u00edgy mi is. B\u00edzunk benne, hogy a ny\u00e1rias id\u0151 meg is marad m\u00e1r, \u00e9s a j\u00f6v\u0151 h\u00e9ten is hasonl\u00f3an magas sz\u00ednvonal\u00fa \u00e9s kiv\u00e1l\u00f3 hangulat\u00fa t\u00e1bort tarthatunk! &#8211; <\/em>z\u00e1rta a besz\u00e1mol\u00f3j\u00e1t R\u00e1cz Botond.<em><br \/>\n<\/em><\/p>\n<p>A Csepel FC ny\u00e1ri t\u00e1bora folytat\u00f3dik, j\u00fanius 29- t\u0151l j\u00falius 3- ig, ahov\u00e1 tov\u00e1bbra is v\u00e1rjuk a jelentkez\u00e9seket! <strong>Jelentkez\u00e9s:<\/strong> R\u00e1cz Botond technikai vezet\u0151n\u00e9l a +<strong>36207731997-<\/strong> as telefonsz\u00e1mon vagy a <strong>csepelfc@csepelfc.hu<\/strong> e-mail c\u00edmen illetve a helysz\u00ednen, kit\u00f6lt\u00f6tt jelentkez\u00e9si lappal lehet.<\/p>\n","protected":false},"excerpt":{"rendered":"<div class=\"mh-excerpt\"><p>V\u00e1ltozatlan l\u00e9tsz\u00e1mmal \u00e9s v\u00e1ltozatlanul gazdag programokkal, tartalmasan telt a Csepel FC ny\u00e1ri t\u00e1bor\u00e1nak m\u00e1sodik hete.<\/p>\n<\/div>","protected":false},"author":4,"featured_media":5207,"comment_status":"closed","ping_status":"open","sticky":false,"template":"","format":"standard","meta":{"jetpack_publicize_message":"","jetpack_is_tweetstorm":false,"jetpack_publicize_feature_enabled":true},"categories":[1,11,3],"tags":[],"jetpack_publicize_connections":[],"jetpack_featured_media_url":"http:\/\/csepelfc.hu\/wp-content\/uploads\/2020\/06\/Cukin\u00e1lk..jpg","jetpack_sharing_enabled":true,"jetpack_shortlink":"https:\/\/wp.me\/p83FEU-1lY","_links":{"self":[{"href":"http:\/\/csepelfc.hu\/index.php\/wp-json\/wp\/v2\/posts\/5206"}],"collection":[{"href":"http:\/\/csepelfc.hu\/index.php\/wp-json\/wp\/v2\/posts"}],"about":[{"href":"http:\/\/csepelfc.hu\/index.php\/wp-json\/wp\/v2\/types\/post"}],"author":[{"embeddable":true,"href":"http:\/\/csepelfc.hu\/index.php\/wp-json\/wp\/v2\/users\/4"}],"replies":[{"embeddable":true,"href":"http:\/\/csepelfc.hu\/index.php\/wp-json\/wp\/v2\/comments?post=5206"}],"version-history":[{"count":1,"href":"http:\/\/csepelfc.hu\/index.php\/wp-json\/wp\/v2\/posts\/5206\/revisions"}],"predecessor-version":[{"id":5208,"href":"http:\/\/csepelfc.hu\/index.php\/wp-json\/wp\/v2\/posts\/5206\/revisions\/5208"}],"wp:featuredmedia":[{"embeddable":true,"href":"http:\/\/csepelfc.hu\/index.php\/wp-json\/wp\/v2\/media\/5207"}],"wp:attachment":[{"href":"http:\/\/csepelfc.hu\/index.php\/wp-json\/wp\/v2\/media?parent=5206"}],"wp:term":[{"taxonomy":"category","embeddable":true,"href":"http:\/\/csepelfc.hu\/index.php\/wp-json\/wp\/v2\/categories?post=5206"},{"taxonomy":"post_tag","embeddable":true,"href":"http:\/\/csepelfc.hu\/index.php\/wp-json\/wp\/v2\/tags?post=5206"}],"curies":[{"name":"wp","href":"https:\/\/api.w.org\/{rel}","templated":true}]}}