{"id":5202,"date":"2020-06-19T17:05:06","date_gmt":"2020-06-19T16:05:06","guid":{"rendered":"http:\/\/csepelfc.hu\/?p=5202"},"modified":"2020-06-19T17:05:06","modified_gmt":"2020-06-19T16:05:06","slug":"foci-moka-kacagas-csepel-fc-nyari-tabor-1-het","status":"publish","type":"post","link":"http:\/\/csepelfc.hu\/index.php\/2020\/06\/19\/foci-moka-kacagas-csepel-fc-nyari-tabor-1-het\/","title":{"rendered":"Foci, m\u00f3ka, kacag\u00e1s &#8211; Csepel FC ny\u00e1ri t\u00e1bor 1. h\u00e9t"},"content":{"rendered":"<p>B\u00e1r az id\u0151j\u00e1r\u00e1s cseppet lehetett volna kegyesebb a t\u00e1borlak\u00f3khoz, az\u00e9rt \u00edgy sem lehetett panasz a Csepel FC ny\u00e1ri napk\u00f6zis t\u00e1bor\u00e1nak hangulat\u00e1ra.<!--more--><\/p>\n<p>A h\u00e1rom hetesre tervezett program els\u0151 etapj\u00e1ban 32 gyerek vett r\u00e9szt a Csepel Sporttelepen, ahol ide\u00e1lis k\u00f6r\u00fclm\u00e9nyek v\u00e1rt\u00e1k a gyerekeket. Napos id\u0151ben (sajnos ebb\u0151l volt kevesebb) a f\u00fcves j\u00e1t\u00e9kt\u00e9ren, es\u0151sebb id\u0151szakban a sportcsarnokban tartott edz\u00e9seket a t\u00e1bor k\u00e9t tr\u00e9nere Elekes Zsolt \u00e9s R\u00e1cz Botond. Legink\u00e1bb ugyan a futball uralta a napi tev\u00e9kenys\u00e9gek jav\u00e1t, de az\u00e9rt b\u0151ven ny\u00edlt lehet\u0151s\u00e9g egy\u00e9b elfoglalts\u00e1gokra is, \u00fagyis mint t\u00e1rsasj\u00e1t\u00e9k, k\u00e1rtya, teqball, b\u00faj\u00f3cska, sz\u00e1mh\u00e1bor\u00fa illetve az egyik napon egy val\u00f3di agytorn\u00e1ra, a Csepel FC kv\u00edz- TOT\u00d3j\u00e1ra is sor ker\u00fclt, term\u00e9szetesen a legvid\u00e1mabb hangulatban.<\/p>\n<p><em>Edz\u0151ink \u00edgy sz\u00e1moltak be a h\u00e9ten t\u00f6rt\u00e9ntekr\u0151l:<\/em><\/p>\n<p>-A 2020 j\u00fanius 15 -19. k\u00f6z\u00f6tt megtartott napk\u00f6zis t\u00e1borban t\u00f6bb, mint 30 gyerek vett r\u00e9szt. A 2006 &#8211; 2015- \u00f6s koroszt\u00e1lyig bez\u00e1r\u00f3lag, minden korcsoportb\u00f3l \u00e9rkeztek hozz\u00e1nk gyerekek! A napi k\u00e9t edz\u00e9s k\u00f6z\u00fcl a d\u00e9lel\u0151ttin a technikai k\u00e9pz\u00e9s, kapura l\u00f6v\u00e9sek, passzgyakorlatok voltak ter\u00edt\u00e9ken. A d\u00e9lut\u00e1ni foglalkoz\u00e1son j\u00e1t\u00e9kos feladatok\u00e9 \u00e9s egym\u00e1s k\u00f6zti j\u00e1t\u00e9k\u00e9 volt a f\u0151szerep. A kedvez\u0151tlen id\u0151j\u00e1r\u00e1s sem h\u00e1tr\u00e1ltatta t\u00e1boroz\u00f3inkat, mivel a fedett sportcsarnok megfelel\u0151 helysz\u00ednnek bizonyult az es\u0151s id\u0151szak alatti edz\u00e9seknek! A tr\u00e9ningek mellett arra is odafigyelt\u00fcnk, hogy a gyerekek, egy\u00e9b, szellemi \u00e9s j\u00e1t\u00e9kra val\u00f3 ig\u00e9ny\u00e9t is megfelel\u0151en kiel\u00e9g\u00edts\u00fck, amire k\u00fcl\u00f6nb\u00f6z\u0151 feladatokat tal\u00e1ltunk ki nekik, Szerencs\u00e9re csupa j\u00f3 visszajelz\u00e9s \u00e9rkezett a t\u00e1borral kapcsolatban, \u00edgy tal\u00e1n joggal rem\u00e9nyked\u00fcnk benne, hogy az elk\u00f6vetkezend\u0151 k\u00e9t h\u00e9t is hasonl\u00f3an j\u00f3l fog siker\u00fclni!- z\u00e1rt\u00e1k besz\u00e1mol\u00f3jukat a t\u00e1bor vezet\u0151i.<\/p>\n<p>A Csepel FC ny\u00e1ri napk\u00f6zis t\u00e1bor\u00e1nak m\u00e1sodik hete <strong>j\u00fanius 22-\u00e9n<\/strong> veszi kezdet\u00e9t \u00e9s folyamatosan lehet m\u00e9g jelentkezni az egyre cs\u00f6kken\u0151 szabad helyekre.<\/p>\n<p><strong>Jelentkez\u00e9s:<\/strong> R\u00e1cz Botond technikai vezet\u0151n\u00e9l a +<strong>36207731997-<\/strong> as telefonsz\u00e1mon vagy a <strong>csepelfc@csepelfc.hu<\/strong> e-mail c\u00edmen illetve a helysz\u00ednen, kit\u00f6lt\u00f6tt jelentkez\u00e9si lappal lehet.<\/p>\n<p>&nbsp;<\/p>\n","protected":false},"excerpt":{"rendered":"<div class=\"mh-excerpt\"><p>B\u00e1r az id\u0151j\u00e1r\u00e1s cseppet lehetett volna kegyesebb a t\u00e1borlak\u00f3khoz, az\u00e9rt \u00edgy sem lehetett panasz a Csepel FC ny\u00e1ri napk\u00f6zis t\u00e1bor\u00e1nak hangulat\u00e1ra.<\/p>\n<\/div>","protected":false},"author":4,"featured_media":5203,"comment_status":"closed","ping_status":"open","sticky":false,"template":"","format":"standard","meta":{"jetpack_publicize_message":"","jetpack_is_tweetstorm":false,"jetpack_publicize_feature_enabled":true},"categories":[1,11,3],"tags":[],"jetpack_publicize_connections":[],"jetpack_featured_media_url":"http:\/\/csepelfc.hu\/wp-content\/uploads\/2020\/06\/edz\u00e9sk..jpg","jetpack_sharing_enabled":true,"jetpack_shortlink":"https:\/\/wp.me\/p83FEU-1lU","_links":{"self":[{"href":"http:\/\/csepelfc.hu\/index.php\/wp-json\/wp\/v2\/posts\/5202"}],"collection":[{"href":"http:\/\/csepelfc.hu\/index.php\/wp-json\/wp\/v2\/posts"}],"about":[{"href":"http:\/\/csepelfc.hu\/index.php\/wp-json\/wp\/v2\/types\/post"}],"author":[{"embeddable":true,"href":"http:\/\/csepelfc.hu\/index.php\/wp-json\/wp\/v2\/users\/4"}],"replies":[{"embeddable":true,"href":"http:\/\/csepelfc.hu\/index.php\/wp-json\/wp\/v2\/comments?post=5202"}],"version-history":[{"count":1,"href":"http:\/\/csepelfc.hu\/index.php\/wp-json\/wp\/v2\/posts\/5202\/revisions"}],"predecessor-version":[{"id":5204,"href":"http:\/\/csepelfc.hu\/index.php\/wp-json\/wp\/v2\/posts\/5202\/revisions\/5204"}],"wp:featuredmedia":[{"embeddable":true,"href":"http:\/\/csepelfc.hu\/index.php\/wp-json\/wp\/v2\/media\/5203"}],"wp:attachment":[{"href":"http:\/\/csepelfc.hu\/index.php\/wp-json\/wp\/v2\/media?parent=5202"}],"wp:term":[{"taxonomy":"category","embeddable":true,"href":"http:\/\/csepelfc.hu\/index.php\/wp-json\/wp\/v2\/categories?post=5202"},{"taxonomy":"post_tag","embeddable":true,"href":"http:\/\/csepelfc.hu\/index.php\/wp-json\/wp\/v2\/tags?post=5202"}],"curies":[{"name":"wp","href":"https:\/\/api.w.org\/{rel}","templated":true}]}}