{"id":5191,"date":"2020-06-04T20:22:48","date_gmt":"2020-06-04T19:22:48","guid":{"rendered":"http:\/\/csepelfc.hu\/?p=5191"},"modified":"2020-06-04T20:26:01","modified_gmt":"2020-06-04T19:26:01","slug":"minden-eshetosegre-felkeszulunk","status":"publish","type":"post","link":"http:\/\/csepelfc.hu\/index.php\/2020\/06\/04\/minden-eshetosegre-felkeszulunk\/","title":{"rendered":"&#8220;Minden eshet\u0151s\u00e9gre felk\u00e9sz\u00fcl\u00fcnk&#8221;"},"content":{"rendered":"<p>A Csepel FC feln\u0151tt egy\u00fcttese is a v\u00e9gs\u0151kig b\u00edzott abban, hogy a p\u00e1ly\u00e1n d\u0151lhet el a BLSZ I. oszt\u00e1ly 2019\/2020- as bajnoks\u00e1ga, \u00e1m sajnos ez nem \u00edgy alakult, \u00edgy tov\u00e1bb kell l\u00e9pn\u00fcnk.<!--more-->Nehezen ugyan, de &#8211; igazodva\u00a0 a honi labdar\u00fag\u00f3 sz\u00f6vets\u00e9g d\u00f6nt\u00e9s\u00e9hez- elfogadtuk, hogy pontvad\u00e1szat 2. hely\u00e9n \u00e1llva fejezz\u00fck be a pontvad\u00e1szatot. Egy\u00fcttes\u00fcnk az id\u0151 m\u00fal\u00e1s\u00e1val \u00e9s a v\u00edrusvesz\u00e9ly cs\u00f6kken\u00e9s\u00e9vel -a t\u00f6bbi labdar\u00fag\u00f3csapattal egyetemben- egyre jobban v\u00e1rja m\u00e1r, hogy \u00fajra p\u00e1ly\u00e1ra l\u00e9phessen. Hogy ez hol \u00e9s mikor k\u00f6vetkezhet be, arr\u00f3l egyel\u0151re nincs inform\u00e1ci\u00f3nk, de a csapat jelenlegi kil\u00e1t\u00e1sair\u00f3l Tak\u00e1cs Kriszti\u00e1n az\u00e9rt szolg\u00e1lt n\u00e9mi inform\u00e1ci\u00f3val.<\/p>\n<p>&#8211; Licenc k\u00e9relm\u00fcnket beadtuk az NB III- ra is, b\u00e1r tudjuk, hogy egyel\u0151re alanyi jogon nem mi vagyunk jogosultak a harmadoszt\u00e1lyra, \u00e1m k\u00edv\u00e1ncsian v\u00e1rjuk a labdar\u00fag\u00f3 sz\u00f6vets\u00e9g v\u00e9gleges d\u00f6nt\u00e9s\u00e9t a bajnoks\u00e1gok \u00e9s\u00a0 a r\u00e9sztvev\u0151k tekintet\u00e9ben egyar\u00e1nt. Minden eshet\u0151s\u00e9gre felk\u00e9sz\u00fclve teh\u00e1t elkezd\u0151dtek a t\u00e1rgyal\u00e1sok az els\u0151 keretn\u00e9l sz\u00f3ba j\u00f6het\u0151 labdar\u00fag\u00f3kkal, akikb\u0151l a lehet\u0151 leg-\u00fct\u0151k\u00e9pesebb g\u00e1rd\u00e1t szeretn\u00e9nk kialak\u00edtani, rem\u00e9nyeink szerint a k\u00f6vetkez\u0151 szezonban \u0151k mindannyian m\u00e9lt\u00f3k\u00e9ppen k\u00e9pviselik majd a k\u00e9k-piros sz\u00edneket. Elk\u00e9sz\u00fclt a v\u00e1rhat\u00f3 felk\u00e9sz\u00fcl\u00e9si program is, miszerint j\u00falius 6- \u00e1n kezdj\u00fck meg a bajnoks\u00e1gra felk\u00e9sz\u00edt\u0151 tr\u00e9ningeket, s els\u0151 felk\u00e9sz\u00fcl\u00e9si tal\u00e1lkoz\u00f3nkat &#8211; a tervek szerint- j\u00falius v\u00e9g\u00e9n j\u00e1tsszuk a Vecs\u00e9s egy\u00fcttese ellen.<\/p>\n","protected":false},"excerpt":{"rendered":"<div class=\"mh-excerpt\"><p>A Csepel FC feln\u0151tt egy\u00fcttese is a v\u00e9gs\u0151kig b\u00edzott abban, hogy a p\u00e1ly\u00e1n d\u0151lhet el a BLSZ I. oszt\u00e1ly 2019\/2020- as bajnoks\u00e1ga, \u00e1m sajnos ez nem \u00edgy alakult, \u00edgy tov\u00e1bb <a class=\"mh-excerpt-more\" href=\"http:\/\/csepelfc.hu\/index.php\/2020\/06\/04\/minden-eshetosegre-felkeszulunk\/\" title=\"&#8220;Minden eshet\u0151s\u00e9gre felk\u00e9sz\u00fcl\u00fcnk&#8221;\">[tov\u00e1bb&#8230;]<\/a><\/p>\n<\/div>","protected":false},"author":4,"featured_media":5192,"comment_status":"closed","ping_status":"open","sticky":false,"template":"","format":"standard","meta":{"jetpack_publicize_message":"","jetpack_is_tweetstorm":false,"jetpack_publicize_feature_enabled":true},"categories":[1,7],"tags":[],"jetpack_publicize_connections":[],"jetpack_featured_media_url":"http:\/\/csepelfc.hu\/wp-content\/uploads\/2020\/06\/kek-piros-laszti.jpg","jetpack_sharing_enabled":true,"jetpack_shortlink":"https:\/\/wp.me\/p83FEU-1lJ","_links":{"self":[{"href":"http:\/\/csepelfc.hu\/index.php\/wp-json\/wp\/v2\/posts\/5191"}],"collection":[{"href":"http:\/\/csepelfc.hu\/index.php\/wp-json\/wp\/v2\/posts"}],"about":[{"href":"http:\/\/csepelfc.hu\/index.php\/wp-json\/wp\/v2\/types\/post"}],"author":[{"embeddable":true,"href":"http:\/\/csepelfc.hu\/index.php\/wp-json\/wp\/v2\/users\/4"}],"replies":[{"embeddable":true,"href":"http:\/\/csepelfc.hu\/index.php\/wp-json\/wp\/v2\/comments?post=5191"}],"version-history":[{"count":2,"href":"http:\/\/csepelfc.hu\/index.php\/wp-json\/wp\/v2\/posts\/5191\/revisions"}],"predecessor-version":[{"id":5194,"href":"http:\/\/csepelfc.hu\/index.php\/wp-json\/wp\/v2\/posts\/5191\/revisions\/5194"}],"wp:featuredmedia":[{"embeddable":true,"href":"http:\/\/csepelfc.hu\/index.php\/wp-json\/wp\/v2\/media\/5192"}],"wp:attachment":[{"href":"http:\/\/csepelfc.hu\/index.php\/wp-json\/wp\/v2\/media?parent=5191"}],"wp:term":[{"taxonomy":"category","embeddable":true,"href":"http:\/\/csepelfc.hu\/index.php\/wp-json\/wp\/v2\/categories?post=5191"},{"taxonomy":"post_tag","embeddable":true,"href":"http:\/\/csepelfc.hu\/index.php\/wp-json\/wp\/v2\/tags?post=5191"}],"curies":[{"name":"wp","href":"https:\/\/api.w.org\/{rel}","templated":true}]}}