{"id":5177,"date":"2020-05-25T12:23:52","date_gmt":"2020-05-25T11:23:52","guid":{"rendered":"http:\/\/csepelfc.hu\/?p=5177"},"modified":"2020-05-27T10:37:44","modified_gmt":"2020-05-27T09:37:44","slug":"iden-is-nyari-napkozis-tabor","status":"publish","type":"post","link":"http:\/\/csepelfc.hu\/index.php\/2020\/05\/25\/iden-is-nyari-napkozis-tabor\/","title":{"rendered":"Ny\u00e1ri T\u00e1bor &#8211; 3 h\u00e9ten \u00e1t!"},"content":{"rendered":"<p>Tekintve, hogy a v\u00edrusvesz\u00e9ly egyel\u0151re csendesedni l\u00e1tszik, a Csepel FC vezet\u0151s\u00e9ge &#8211; t\u00f6bb koroszt\u00e1lyunk k\u00e9r\u00e9s\u00e9t is meghallgatva- \u00fagy d\u00f6nt\u00f6tt: id\u00e9n is ny\u00e1ri t\u00e1bort szervez.<!--more--><\/p>\n<p>Sok szeretettel v\u00e1runk minden l\u00e1nyt \u00e9s fi\u00fat, akik a szeretn\u00e9k hasznosan elt\u00f6lteni a ny\u00e1ri sz\u00fcnid\u0151t!<br \/>\n<strong>Id\u0151pontok:<\/strong> 2020. j\u00fanius 15 \u2013 19., 2020. j\u00fanius 22 \u2013 26., 2020. j\u00fanius 29. &#8211; j\u00falius 3.<br \/>\n<strong>Helysz\u00edn:<\/strong> Csepel SC Sporttelep \/Csepel FC b\u00e1zis\/, 1212 Budapest, B\u00e9ke t\u00e9r 1.<\/p>\n<p>Napi h\u00e1romszori \u00e9tkez\u00e9s (reggeli, eb\u00e9d \u00e9s uzsonna) biztos\u00edtott.<br \/>\n<strong>R\u00e9szv\u00e9teli d\u00edj:<\/strong> 19. 000 Ft\/f\u0151\/h\u00e9t<\/p>\n<p>A t\u00e1borban szakk\u00e9pzett edz\u0151ink napi 2 edz\u00e9st tartanak.<br \/>\nLabdar\u00fag\u00e1s, Teqball, Teremfoci, L\u00e1btenisz, J\u00e1t\u00e9kos sportvet\u00e9lked\u0151k, P\u00f3kfoci, Kincskeres\u0151, \u00e9s sz\u00e1mtalan egy\u00e9b programlehet\u0151s\u00e9g \u00e1ll a t\u00e1boroz\u00f3k rendelkez\u00e9s\u00e9re!<\/p>\n<p><strong>Jelentkez\u00e9s:<\/strong> R\u00e1cz Botond technikai vezet\u0151n\u00e9l a +<strong>36207731997-<\/strong> as telefonsz\u00e1mon vagy a <strong>csepelfc@csepelfc.hu<\/strong> e-mail c\u00edmen illetve a helysz\u00ednen h\u00e9tk\u00f6znap d\u00e9lut\u00e1nonk\u00e9nt, kit\u00f6lt\u00f6tt jelentkez\u00e9si lappal lehet.<\/p>\n<p>Jelentkez\u00e9si lap itt is el\u00e9rhet\u0151: <a href=\"http:\/\/csepelfc.hu\/wp-content\/uploads\/2020\/05\/Csepel-FC-apk\u00f6zis-t\u00e1bor-jelentkez\u00e9si-lap-2020-1.docx\">Csepel FC napk\u00f6zis t\u00e1bor jelentkez\u00e9si lap 2020<\/a><\/p>\n","protected":false},"excerpt":{"rendered":"<div class=\"mh-excerpt\"><p>Tekintve, hogy a v\u00edrusvesz\u00e9ly egyel\u0151re csendesedni l\u00e1tszik, a Csepel FC vezet\u0151s\u00e9ge &#8211; t\u00f6bb koroszt\u00e1lyunk k\u00e9r\u00e9s\u00e9t is meghallgatva- \u00fagy d\u00f6nt\u00f6tt: id\u00e9n is ny\u00e1ri t\u00e1bort szervez.<\/p>\n<\/div>","protected":false},"author":4,"featured_media":5179,"comment_status":"closed","ping_status":"open","sticky":false,"template":"","format":"standard","meta":{"jetpack_publicize_message":"","jetpack_is_tweetstorm":false,"jetpack_publicize_feature_enabled":true},"categories":[1,11,3],"tags":[],"jetpack_publicize_connections":[],"jetpack_featured_media_url":"http:\/\/csepelfc.hu\/wp-content\/uploads\/2020\/05\/Ny\u00e1riT\u00e1bor-Gyerekekk..jpg","jetpack_sharing_enabled":true,"jetpack_shortlink":"https:\/\/wp.me\/p83FEU-1lv","_links":{"self":[{"href":"http:\/\/csepelfc.hu\/index.php\/wp-json\/wp\/v2\/posts\/5177"}],"collection":[{"href":"http:\/\/csepelfc.hu\/index.php\/wp-json\/wp\/v2\/posts"}],"about":[{"href":"http:\/\/csepelfc.hu\/index.php\/wp-json\/wp\/v2\/types\/post"}],"author":[{"embeddable":true,"href":"http:\/\/csepelfc.hu\/index.php\/wp-json\/wp\/v2\/users\/4"}],"replies":[{"embeddable":true,"href":"http:\/\/csepelfc.hu\/index.php\/wp-json\/wp\/v2\/comments?post=5177"}],"version-history":[{"count":4,"href":"http:\/\/csepelfc.hu\/index.php\/wp-json\/wp\/v2\/posts\/5177\/revisions"}],"predecessor-version":[{"id":5185,"href":"http:\/\/csepelfc.hu\/index.php\/wp-json\/wp\/v2\/posts\/5177\/revisions\/5185"}],"wp:featuredmedia":[{"embeddable":true,"href":"http:\/\/csepelfc.hu\/index.php\/wp-json\/wp\/v2\/media\/5179"}],"wp:attachment":[{"href":"http:\/\/csepelfc.hu\/index.php\/wp-json\/wp\/v2\/media?parent=5177"}],"wp:term":[{"taxonomy":"category","embeddable":true,"href":"http:\/\/csepelfc.hu\/index.php\/wp-json\/wp\/v2\/categories?post=5177"},{"taxonomy":"post_tag","embeddable":true,"href":"http:\/\/csepelfc.hu\/index.php\/wp-json\/wp\/v2\/tags?post=5177"}],"curies":[{"name":"wp","href":"https:\/\/api.w.org\/{rel}","templated":true}]}}