{"id":5174,"date":"2020-05-22T16:36:20","date_gmt":"2020-05-22T15:36:20","guid":{"rendered":"http:\/\/csepelfc.hu\/?p=5174"},"modified":"2020-05-22T16:36:20","modified_gmt":"2020-05-22T15:36:20","slug":"gyasz-elhunyt-koczian-antal","status":"publish","type":"post","link":"http:\/\/csepelfc.hu\/index.php\/2020\/05\/22\/gyasz-elhunyt-koczian-antal\/","title":{"rendered":"Gy\u00e1sz: elhunyt K\u00f3czi\u00e1n Antal"},"content":{"rendered":"<p>Szomor\u00fa k\u00f6teless\u00e9g\u00fcnknek kell eleget tenn\u00fcnk, amikor k\u00f6zz\u00e9 tessz\u00fck, hogy \u00e9let\u00e9nek 92. \u00e9v\u00e9ben m\u00e1jus 22-\u00e9n hajnalban elhunyt K\u00f3czi\u00e1n Antal, a Csepel NBI I- es labdar\u00fag\u00f3 bajnokcsapat\u00e1nak tagja, majd a klub edz\u0151je.<!--more--><\/p>\n<p>Tavaly m\u00e9g k\u00f6sz\u00f6nthett\u00fck \u0151t, mint a 60 esztend\u0151vel ezel\u0151tt utols\u00f3 els\u0151 oszt\u00e1ly\u00fa csepeli labdar\u00fag\u00f3 bajnokcsapat tagj\u00e1t a Csepel Stadionban, a Futball \u00c9jszak\u00e1ja programsorozat keret\u00e9ben. Ott m\u00e9g j\u00f3kedv\u0171en anekdot\u00e1zott egykori csapatt\u00e1rsaival, P\u00e1l II Tiborral \u00e9s Gondos Tiborral,\u00a0 b\u00e1r m\u00e1r meglehet\u0151sen nehezen -bottal- j\u00e1rt, m\u00e9g a labdar\u00fag\u00f3 \u00e9p\u00fclet emelet\u00e9n tal\u00e1lhat\u00f3 VIP p\u00e1holyba is felkapaszkodott, hogy ott elbesz\u00e9lgessen a sok- sok \u00e9rdekl\u0151d\u0151vel.<\/p>\n<p>Sajnos ez ma m\u00e1r csak egy sz\u00e9p eml\u00e9k.<\/p>\n<p>Legyen b\u00e9k\u00e9s a pihen\u00e9se Anti b\u00e1csi, eml\u00e9k\u00e9t meg\u0151rizz\u00fck!<\/p>\n<p>A csal\u00e1d t\u00e1j\u00e9koztat\u00e1sa szerint b\u00facs\u00faztat\u00e1s\u00e1r\u00f3l k\u00e9s\u0151bb int\u00e9zkednek.<\/p>\n","protected":false},"excerpt":{"rendered":"<div class=\"mh-excerpt\"><p>Szomor\u00fa k\u00f6teless\u00e9g\u00fcnknek kell eleget tenn\u00fcnk, amikor k\u00f6zz\u00e9 tessz\u00fck, hogy \u00e9let\u00e9nek 92. \u00e9v\u00e9ben m\u00e1jus 22-\u00e9n hajnalban elhunyt K\u00f3czi\u00e1n Antal, a Csepel NBI I- es labdar\u00fag\u00f3 bajnokcsapat\u00e1nak tagja, majd a klub edz\u0151je.<\/p>\n<\/div>","protected":false},"author":4,"featured_media":5175,"comment_status":"closed","ping_status":"open","sticky":false,"template":"","format":"standard","meta":{"jetpack_publicize_message":"","jetpack_is_tweetstorm":false,"jetpack_publicize_feature_enabled":true},"categories":[1,7],"tags":[],"jetpack_publicize_connections":[],"jetpack_featured_media_url":"http:\/\/csepelfc.hu\/wp-content\/uploads\/2020\/05\/AntiB\u00e1csiGy\u00e1sz.jpg","jetpack_sharing_enabled":true,"jetpack_shortlink":"https:\/\/wp.me\/p83FEU-1ls","_links":{"self":[{"href":"http:\/\/csepelfc.hu\/index.php\/wp-json\/wp\/v2\/posts\/5174"}],"collection":[{"href":"http:\/\/csepelfc.hu\/index.php\/wp-json\/wp\/v2\/posts"}],"about":[{"href":"http:\/\/csepelfc.hu\/index.php\/wp-json\/wp\/v2\/types\/post"}],"author":[{"embeddable":true,"href":"http:\/\/csepelfc.hu\/index.php\/wp-json\/wp\/v2\/users\/4"}],"replies":[{"embeddable":true,"href":"http:\/\/csepelfc.hu\/index.php\/wp-json\/wp\/v2\/comments?post=5174"}],"version-history":[{"count":1,"href":"http:\/\/csepelfc.hu\/index.php\/wp-json\/wp\/v2\/posts\/5174\/revisions"}],"predecessor-version":[{"id":5176,"href":"http:\/\/csepelfc.hu\/index.php\/wp-json\/wp\/v2\/posts\/5174\/revisions\/5176"}],"wp:featuredmedia":[{"embeddable":true,"href":"http:\/\/csepelfc.hu\/index.php\/wp-json\/wp\/v2\/media\/5175"}],"wp:attachment":[{"href":"http:\/\/csepelfc.hu\/index.php\/wp-json\/wp\/v2\/media?parent=5174"}],"wp:term":[{"taxonomy":"category","embeddable":true,"href":"http:\/\/csepelfc.hu\/index.php\/wp-json\/wp\/v2\/categories?post=5174"},{"taxonomy":"post_tag","embeddable":true,"href":"http:\/\/csepelfc.hu\/index.php\/wp-json\/wp\/v2\/tags?post=5174"}],"curies":[{"name":"wp","href":"https:\/\/api.w.org\/{rel}","templated":true}]}}