{"id":4901,"date":"2019-12-30T19:13:58","date_gmt":"2019-12-30T18:13:58","guid":{"rendered":"http:\/\/csepelfc.hu\/?p=4901"},"modified":"2019-12-30T19:16:21","modified_gmt":"2019-12-30T18:16:21","slug":"csepel-fc-pezsgo-kupa","status":"publish","type":"post","link":"http:\/\/csepelfc.hu\/index.php\/2019\/12\/30\/csepel-fc-pezsgo-kupa\/","title":{"rendered":"Csepel FC- Pezsg\u0151 Kupa"},"content":{"rendered":"<p>Ez\u00fattal is Pezsg\u0151 Kupa elnevez\u00e9s\u0171 teremtorn\u00e1val b\u00facs\u00faztatta a 2019- es esztend\u0151t n\u00e9h\u00e1ny amat\u0151r labdar\u00fag\u00f3csapat Csepelen.<!--more--><\/p>\n<p>A Csepel FC szervez\u00e9s\u00e9ben megval\u00f3sult torn\u00e1n 4+1- es fel\u00e1ll\u00e1sban 20 perces \u00f6sszecsap\u00e1sokat j\u00e1tszottak a csapatok Elek Vendel tiszteletbeli j\u00e1t\u00e9kvezet\u0151 k\u00f6zrem\u0171k\u00f6d\u00e9se mellett. A TBZS- Csepel, a Szigeti Veszedelem, a Sebaj, a Soma FC valamint a Cs\u0151 Mad\u00e1r elnevez\u00e9s\u0171 egy\u00fcttesek par\u00e1zs de sportszer\u0171 csat\u00e1kat v\u00edvtak egym\u00e1ssal a valaha szebb napokat l\u00e1tott\u00a0 Bajnokok Csarnok\u00e1ban, ahol minden gy\u0151ztes meccs ut\u00e1n egy- egy \u00fcveg pezsg\u0151 j\u00e1rt a diadalt arat\u00f3 egy\u00fctteseknek.Majdnem mindegyik csapatban felt\u0171nt egy-egy kor\u00e1bbi csepeli labdar\u00fag\u00f3 vagy sportvezet\u0151, \u00edgy igaz\u00e1n pik\u00e1ns kis k\u00fczdelmeket l\u00e1thattunk.<\/p>\n<p>A v\u00e9gs\u0151 sikert a TBZS- Csepel egy\u00fcttese szerezte meg, akik Tak\u00e1cs Kriszti\u00e1n a rendezv\u00e9ny f\u0151szervez\u0151j\u00e9t\u0151l vehett\u00e9k \u00e1t a tornagy\u0151ztesnek j\u00e1r\u00f3 pezsg\u0151spalackot.<\/p>\n<p>Minden csapatnak k\u00f6sz\u00f6nj\u00fck, hogy megtisztelt\u00e9k jelenl\u00e9t\u00fckkel a torn\u00e1t, legk\u00f6zelebb is sz\u00e1m\u00edtunk r\u00e1juk, j\u00f3 pihen\u00e9st \u00e9s Boldog \u00daj \u00c9vet k\u00edv\u00e1nunk nekik!<\/p>\n","protected":false},"excerpt":{"rendered":"<div class=\"mh-excerpt\"><p>Ez\u00fattal is Pezsg\u0151 Kupa elnevez\u00e9s\u0171 teremtorn\u00e1val b\u00facs\u00faztatta a 2019- es esztend\u0151t n\u00e9h\u00e1ny amat\u0151r labdar\u00fag\u00f3csapat Csepelen.<\/p>\n<\/div>","protected":false},"author":4,"featured_media":4903,"comment_status":"closed","ping_status":"open","sticky":false,"template":"","format":"standard","meta":{"jetpack_publicize_message":"","jetpack_is_tweetstorm":false,"jetpack_publicize_feature_enabled":true},"categories":[1,10],"tags":[],"jetpack_publicize_connections":[],"jetpack_featured_media_url":"http:\/\/csepelfc.hu\/wp-content\/uploads\/2019\/12\/MIX.jpg","jetpack_sharing_enabled":true,"jetpack_shortlink":"https:\/\/wp.me\/p83FEU-1h3","_links":{"self":[{"href":"http:\/\/csepelfc.hu\/index.php\/wp-json\/wp\/v2\/posts\/4901"}],"collection":[{"href":"http:\/\/csepelfc.hu\/index.php\/wp-json\/wp\/v2\/posts"}],"about":[{"href":"http:\/\/csepelfc.hu\/index.php\/wp-json\/wp\/v2\/types\/post"}],"author":[{"embeddable":true,"href":"http:\/\/csepelfc.hu\/index.php\/wp-json\/wp\/v2\/users\/4"}],"replies":[{"embeddable":true,"href":"http:\/\/csepelfc.hu\/index.php\/wp-json\/wp\/v2\/comments?post=4901"}],"version-history":[{"count":3,"href":"http:\/\/csepelfc.hu\/index.php\/wp-json\/wp\/v2\/posts\/4901\/revisions"}],"predecessor-version":[{"id":4905,"href":"http:\/\/csepelfc.hu\/index.php\/wp-json\/wp\/v2\/posts\/4901\/revisions\/4905"}],"wp:featuredmedia":[{"embeddable":true,"href":"http:\/\/csepelfc.hu\/index.php\/wp-json\/wp\/v2\/media\/4903"}],"wp:attachment":[{"href":"http:\/\/csepelfc.hu\/index.php\/wp-json\/wp\/v2\/media?parent=4901"}],"wp:term":[{"taxonomy":"category","embeddable":true,"href":"http:\/\/csepelfc.hu\/index.php\/wp-json\/wp\/v2\/categories?post=4901"},{"taxonomy":"post_tag","embeddable":true,"href":"http:\/\/csepelfc.hu\/index.php\/wp-json\/wp\/v2\/tags?post=4901"}],"curies":[{"name":"wp","href":"https:\/\/api.w.org\/{rel}","templated":true}]}}