{"id":4876,"date":"2019-12-15T23:38:52","date_gmt":"2019-12-15T22:38:52","guid":{"rendered":"http:\/\/csepelfc.hu\/?p=4876"},"modified":"2019-12-15T23:39:21","modified_gmt":"2019-12-15T22:39:21","slug":"advent-a-oromot-szimbolizalo-gyertya-langja-is-eg","status":"publish","type":"post","link":"http:\/\/csepelfc.hu\/index.php\/2019\/12\/15\/advent-a-oromot-szimbolizalo-gyertya-langja-is-eg\/","title":{"rendered":"Csepel FC Advent: az \u00f6r\u00f6m\u00f6t szimboliz\u00e1l\u00f3 gyertya l\u00e1ngja is \u00e9g"},"content":{"rendered":"<p>Folytatva a hagyom\u00e1nyokat, a Csepel FC adventi koszor\u00faj\u00e1n a harmadik gyerty\u00e1t is meggy\u00fajtott\u00e1k a klub k\u00f6tel\u00e9k\u00e9be tartoz\u00f3 sportol\u00f3k.<!--more--><\/p>\n<p>Az U11- es koroszt\u00e1lyunk k\u00e9pvisel\u0151i d\u00e9lel\u0151tt Bozsik torn\u00e1n vettek r\u00e9szt Elekes Zsolt \u00e9s R\u00e1cz Botond vezet\u00e9s\u00e9vel, majd a B\u00e9ke t\u00e9ri sporttelepre vezetett \u00fatjuk, ahol remek hangulat\u00fa \u00e9vz\u00e1r\u00f3n vettek r\u00e9szt. A programban term\u00e9szetesen szerepelt az \u00e9vek \u00f3ta nagy sikerrel megrendezett gyerek &#8211; sz\u00fcl\u0151 focimeccs, majd az adventi gyertyagy\u00fajt\u00e1s, s v\u00e9g\u00fcl egyes\u00fclet\u00fcnk klubh\u00e1z\u00e1nak VIP term\u00e9ben egy ugyancsak j\u00f3 hangulat\u00fa \u00e9vz\u00e1r\u00f3 vacsor\u00e1val fejez\u0151d\u00f6tt be a vas\u00e1rnapi esem\u00e9ny.<\/p>\n","protected":false},"excerpt":{"rendered":"<div class=\"mh-excerpt\"><p>Folytatva a hagyom\u00e1nyokat, a Csepel FC adventi koszor\u00faj\u00e1n a harmadik gyerty\u00e1t is meggy\u00fajtott\u00e1k a klub k\u00f6tel\u00e9k\u00e9be tartoz\u00f3 sportol\u00f3k.<\/p>\n<\/div>","protected":false},"author":4,"featured_media":4878,"comment_status":"closed","ping_status":"open","sticky":false,"template":"","format":"standard","meta":{"jetpack_publicize_message":"","jetpack_is_tweetstorm":false,"jetpack_publicize_feature_enabled":true},"categories":[1,3],"tags":[],"jetpack_publicize_connections":[],"jetpack_featured_media_url":"http:\/\/csepelfc.hu\/wp-content\/uploads\/2019\/12\/gyertyask..jpg","jetpack_sharing_enabled":true,"jetpack_shortlink":"https:\/\/wp.me\/p83FEU-1gE","_links":{"self":[{"href":"http:\/\/csepelfc.hu\/index.php\/wp-json\/wp\/v2\/posts\/4876"}],"collection":[{"href":"http:\/\/csepelfc.hu\/index.php\/wp-json\/wp\/v2\/posts"}],"about":[{"href":"http:\/\/csepelfc.hu\/index.php\/wp-json\/wp\/v2\/types\/post"}],"author":[{"embeddable":true,"href":"http:\/\/csepelfc.hu\/index.php\/wp-json\/wp\/v2\/users\/4"}],"replies":[{"embeddable":true,"href":"http:\/\/csepelfc.hu\/index.php\/wp-json\/wp\/v2\/comments?post=4876"}],"version-history":[{"count":2,"href":"http:\/\/csepelfc.hu\/index.php\/wp-json\/wp\/v2\/posts\/4876\/revisions"}],"predecessor-version":[{"id":4880,"href":"http:\/\/csepelfc.hu\/index.php\/wp-json\/wp\/v2\/posts\/4876\/revisions\/4880"}],"wp:featuredmedia":[{"embeddable":true,"href":"http:\/\/csepelfc.hu\/index.php\/wp-json\/wp\/v2\/media\/4878"}],"wp:attachment":[{"href":"http:\/\/csepelfc.hu\/index.php\/wp-json\/wp\/v2\/media?parent=4876"}],"wp:term":[{"taxonomy":"category","embeddable":true,"href":"http:\/\/csepelfc.hu\/index.php\/wp-json\/wp\/v2\/categories?post=4876"},{"taxonomy":"post_tag","embeddable":true,"href":"http:\/\/csepelfc.hu\/index.php\/wp-json\/wp\/v2\/tags?post=4876"}],"curies":[{"name":"wp","href":"https:\/\/api.w.org\/{rel}","templated":true}]}}