{"id":4851,"date":"2019-12-03T20:11:36","date_gmt":"2019-12-03T19:11:36","guid":{"rendered":"http:\/\/csepelfc.hu\/?p=4851"},"modified":"2019-12-03T20:11:36","modified_gmt":"2019-12-03T19:11:36","slug":"csapataink-egerben-vitezkedtek","status":"publish","type":"post","link":"http:\/\/csepelfc.hu\/index.php\/2019\/12\/03\/csapataink-egerben-vitezkedtek\/","title":{"rendered":"Csapataink Egerben vit\u00e9zkedtek"},"content":{"rendered":"<p>Hi\u00e1ba \u00e9rkezett el a december a Csepel FC ut\u00e1np\u00f3tl\u00e1s koroszt\u00e1lyai m\u00e9g nem pihennek, ez\u00fattal U13 -as egy\u00fctteseink vettek r\u00e9szt teremtorn\u00e1n Egerben.<!--more--><\/p>\n<p>A <strong>XII. AGRIAPIPE Nemzetk\u00f6zi Ut\u00e1np\u00f3tl\u00e1s Teremlabdar\u00fag\u00f3 Torn\u00e1n<\/strong> Elekes Zsolt \u00e9s R\u00e1cz Botond vezet\u00e9s\u00e9vel indultak el labdar\u00fag\u00f3ink m\u00e9ghozz\u00e1 k\u00e9t csapattal. A november 30- \u00e1n \u00e9s december 1- j\u00e9n rendezett megm\u00e9rettet\u00e9sen a Csepel FC &#8220;A&#8221; egy\u00fcttese a B csoportba kapott besorol\u00e1st az Eger SE &#8220;K\u00e9k&#8221;, a Hal\u00e1szi FS \u00e9s a Veresegyh\u00e1z t\u00e1rsas\u00e1g\u00e1ban, m\u00edg a &#8220;B&#8221; jel\u0171 csapatunk az A csoportban az Eger SE &#8220;Piros&#8221;, a Ny\u00e1r\u00e1dszereda SK \u00e9s az UFC Kecskem\u00e9t egy\u00fctteseivel m\u00e9rk\u0151z\u00f6tt. Az egyszer 18 perces m\u00e9rk\u0151z\u00e9seken mindk\u00e9t egy\u00fcttes\u00fcnk 1 gy\u0151zelemmel \u00e9s k\u00e9t veres\u00e9ggel l\u00e9pett tov\u00e1bb csoportj\u00e1b\u00f3l:<\/p>\n<p>Ny\u00e1r\u00e1dszereda SK &#8211; <strong>Csepel FC &#8220;B&#8221;<\/strong> 1:0<\/p>\n<p>Hal\u00e1szi FS &#8211; <strong>Csepel FC &#8220;A&#8221;<\/strong> 4:1<\/p>\n<p><strong>Csepel FC &#8220;B&#8221;<\/strong> &#8211; Kecskem\u00e9t 1:0<\/p>\n<p><strong>Csepel FC &#8220;A&#8221;<\/strong> &#8211; Veresegyh\u00e1z 1:0<\/p>\n<p>Eger SE &#8220;Piros&#8221; &#8211; <strong>Csepel FC &#8220;B<\/strong>&#8221; 3:0<\/p>\n<p>Eger SE &#8220;K\u00e9k&#8221; &#8211; <strong>Csepel FC &#8220;A&#8221;<\/strong> 3:2<\/p>\n<p>A legjobb 8 k\u00f6z\u00f6tt az Eger SE \u00e9s a Hal\u00e1szi FS egy\u00fcttese b\u00facs\u00faztatta a mieinket, melyek k\u00f6z\u00fcl az egyik egy\u00fcttes\u00fcnket csupa 2008- as sz\u00fclet\u00e9s\u0171 labdar\u00fag\u00f3k adt\u00e1k, ami igaz\u00e1n figyelemrem\u00e9lt\u00f3 helyt\u00e1ll\u00e1sr\u00f3l tett bizonys\u00e1got a nagyobbak mez\u0151ny\u00e9ben.<\/p>\n<p><em><strong>Nyolcadd\u00f6nt\u0151:<\/strong><\/em><\/p>\n<p>Eger SE &#8220;Piros&#8221; &#8211; <strong>Csepel FC &#8220;A<\/strong>&#8221; 4:0<\/p>\n<p><strong>Csepel FC &#8220;B&#8221;<\/strong> &#8211; Hal\u00e1szi FS 1:4<\/p>\n<p>Elekes Zsolt \u00e9s R\u00e1cz Botond edz\u0151k el\u00e9gedetts\u00e9g\u00fcknek adtak hangot a torn\u00e1n el\u00e9rt eredm\u00e9nyt illet\u0151en, mint elmondt\u00e1k a fizikailag \u00e9s testfel\u00e9p\u00edt\u00e9sben is er\u0151sebb ellenfelekkel szemben remek\u00fcl helyt\u00e1lltak a mieink \u00e9s a lehet\u0151 legt\u00f6bbet hozt\u00e1k ki magukb\u00f3l annak \u00e9rdek\u00e9ben, hogy min\u00e9l jobban szerepeljenek.<em> &#8220;Ez\u00e9rt csak dics\u00e9ret illeti a sr\u00e1cokat!&#8221;<\/em><\/p>\n<p>&nbsp;<\/p>\n<p>&nbsp;<\/p>\n","protected":false},"excerpt":{"rendered":"<div class=\"mh-excerpt\"><p>Hi\u00e1ba \u00e9rkezett el a december a Csepel FC ut\u00e1np\u00f3tl\u00e1s koroszt\u00e1lyai m\u00e9g nem pihennek, ez\u00fattal U13 -as egy\u00fctteseink vettek r\u00e9szt teremtorn\u00e1n Egerben.<\/p>\n<\/div>","protected":false},"author":4,"featured_media":4852,"comment_status":"closed","ping_status":"open","sticky":false,"template":"","format":"standard","meta":{"jetpack_publicize_message":"","jetpack_is_tweetstorm":false,"jetpack_publicize_feature_enabled":true},"categories":[1,11],"tags":[],"jetpack_publicize_connections":[],"jetpack_featured_media_url":"http:\/\/csepelfc.hu\/wp-content\/uploads\/2019\/12\/A-csapatk..jpg","jetpack_sharing_enabled":true,"jetpack_shortlink":"https:\/\/wp.me\/p83FEU-1gf","_links":{"self":[{"href":"http:\/\/csepelfc.hu\/index.php\/wp-json\/wp\/v2\/posts\/4851"}],"collection":[{"href":"http:\/\/csepelfc.hu\/index.php\/wp-json\/wp\/v2\/posts"}],"about":[{"href":"http:\/\/csepelfc.hu\/index.php\/wp-json\/wp\/v2\/types\/post"}],"author":[{"embeddable":true,"href":"http:\/\/csepelfc.hu\/index.php\/wp-json\/wp\/v2\/users\/4"}],"replies":[{"embeddable":true,"href":"http:\/\/csepelfc.hu\/index.php\/wp-json\/wp\/v2\/comments?post=4851"}],"version-history":[{"count":1,"href":"http:\/\/csepelfc.hu\/index.php\/wp-json\/wp\/v2\/posts\/4851\/revisions"}],"predecessor-version":[{"id":4853,"href":"http:\/\/csepelfc.hu\/index.php\/wp-json\/wp\/v2\/posts\/4851\/revisions\/4853"}],"wp:featuredmedia":[{"embeddable":true,"href":"http:\/\/csepelfc.hu\/index.php\/wp-json\/wp\/v2\/media\/4852"}],"wp:attachment":[{"href":"http:\/\/csepelfc.hu\/index.php\/wp-json\/wp\/v2\/media?parent=4851"}],"wp:term":[{"taxonomy":"category","embeddable":true,"href":"http:\/\/csepelfc.hu\/index.php\/wp-json\/wp\/v2\/categories?post=4851"},{"taxonomy":"post_tag","embeddable":true,"href":"http:\/\/csepelfc.hu\/index.php\/wp-json\/wp\/v2\/tags?post=4851"}],"curies":[{"name":"wp","href":"https:\/\/api.w.org\/{rel}","templated":true}]}}