{"id":4733,"date":"2019-10-31T10:14:45","date_gmt":"2019-10-31T09:14:45","guid":{"rendered":"http:\/\/csepelfc.hu\/?p=4733"},"modified":"2019-10-31T10:14:45","modified_gmt":"2019-10-31T09:14:45","slug":"mestermerleg-meg-semmit-nem-ertunk-el","status":"publish","type":"post","link":"http:\/\/csepelfc.hu\/index.php\/2019\/10\/31\/mestermerleg-meg-semmit-nem-ertunk-el\/","title":{"rendered":"Mesterm\u00e9rleg: &#8220;m\u00e9g \u201csemmit\u201d nem \u00e9rt\u00fcnk el&#8230;&#8221;"},"content":{"rendered":"<p>Folytatta j\u00f3 szerepl\u00e9s\u00e9t a bajnoks\u00e1gban feln\u0151tt egy\u00fcttes\u00fcnk, egy\u00fcttes\u00fcnk a j\u00f3 er\u0151kb\u0151l \u00e1ll\u00f3, az el\u0151z\u0151 szezonban ugyancsak NB III- as P\u00e9nz\u00fcgy\u0151rt fektette k\u00e9t v\u00e1llra. Szakvezet\u0151nk \u00e9rt\u00e9kelt.<!--more--><\/p>\n<p><strong>N\u00e9meth G\u00e1bor:<\/strong> &#8211; <em>Rettent\u0151en tomp\u00e1n kezdt\u00fck a m\u00e9rk\u0151z\u00e9st, \u00e9s ez a f\u00e1sults\u00e1g kitartott a sz\u00fcnetig. A m\u00e1sodik f\u00e9lid\u0151re rendezt\u00fck a sorokat \u00e9s meg\u00e9rdemelt gy\u0151zelmet arattunk, egy nagyon fontos meccsen. J\u00e1t\u00e9kban van hi\u00e1ny\u00e9rzetem, de az eredm\u00e9nyess\u00e9g most mindent fel\u00fcl\u00edr. A tabella jelenleg ugyan j\u00f3l mutat, de m\u00e9g \u201csemmit\u201d nem \u00e9rt\u00fcnk el&#8230;<\/em><\/p>\n<p>Eml\u00e9keztet\u0151\u00fcl:<\/p>\n<p><strong>Csepel FC \u2013 P\u00e9nz\u00fcgy\u0151r SE 2:0 (0:0)<\/strong><\/p>\n<p>Csepel Stadion, <strong>Jv.:<\/strong> Kiss Gerg\u0151 (Fekete L., Czegl\u00e9di B.)<\/p>\n<p><strong>Csepel FC:<\/strong> Sz\u0171cs Lajos \u2013 M\u00e9sz\u00e1ros Roland, B\u00e1nyai J\u00e1nos, N\u00e9meth Zolt\u00e1n, V\u00f6r\u00f6s Bence (Pekowski Mih\u00e1ly &#8217;73), Gauzer Levente, Vill\u00e1nyi Gergely, Szab\u00f3 Erik (Guba Tibor &#8217;87), Bencze M\u00e1rton (Szem\u00e1n Lajos &#8217;83), Vargovics Tam\u00e1s (Mank\u00f3 D\u00e1vid &#8217;46), Torda Bence (M\u00e9sz\u00e1ros L\u00e1szl\u00f3 &#8217;46) <strong>Vezet\u0151edz\u0151:<\/strong> N\u00e9meth G\u00e1bor<\/p>\n<p><strong>P\u00e9nz\u00fcgy\u0151r SE:<\/strong> Hajdu G. \u2013 Constantino D., T\u00f3th M., Cseh G., T\u00f3th D., Varga- Sebesty\u00e9n B. (Mayer M. &#8217;41), Feil M., Karvalics B., De\u00e9sy M. (M\u00e1rtonfi R. &#8217;88), Turi \u00c1. (Ily\u00e9s R. &#8217;68), Suscs\u00e1k M. (Jov\u00e1nczai Z. &#8217;56) <strong>Edz\u0151:<\/strong> S\u00f3lyom Ferenc<\/p>\n<p><strong>G\u00f3lszerz\u0151<\/strong>: N\u00e9meth Zolt\u00e1n (\u201951), Bencze M\u00e1rton (\u201965)<\/p>\n<p><strong>Ki\u00e1ll\u00edtva:<\/strong> T\u00f3th M. (&#8217;38)<\/p>\n","protected":false},"excerpt":{"rendered":"<div class=\"mh-excerpt\"><p>Folytatta j\u00f3 szerepl\u00e9s\u00e9t a bajnoks\u00e1gban feln\u0151tt egy\u00fcttes\u00fcnk, egy\u00fcttes\u00fcnk a j\u00f3 er\u0151kb\u0151l \u00e1ll\u00f3, az el\u0151z\u0151 szezonban ugyancsak NB III- as P\u00e9nz\u00fcgy\u0151rt fektette k\u00e9t v\u00e1llra. Szakvezet\u0151nk \u00e9rt\u00e9kelt.<\/p>\n<\/div>","protected":false},"author":4,"featured_media":4734,"comment_status":"closed","ping_status":"open","sticky":false,"template":"","format":"standard","meta":{"jetpack_publicize_message":"","jetpack_is_tweetstorm":false,"jetpack_publicize_feature_enabled":true},"categories":[1,7],"tags":[],"jetpack_publicize_connections":[],"jetpack_featured_media_url":"http:\/\/csepelfc.hu\/wp-content\/uploads\/2019\/10\/Csepel-P\u00e9nz\u00fcgyUtan.jpg","jetpack_sharing_enabled":true,"jetpack_shortlink":"https:\/\/wp.me\/p83FEU-1el","_links":{"self":[{"href":"http:\/\/csepelfc.hu\/index.php\/wp-json\/wp\/v2\/posts\/4733"}],"collection":[{"href":"http:\/\/csepelfc.hu\/index.php\/wp-json\/wp\/v2\/posts"}],"about":[{"href":"http:\/\/csepelfc.hu\/index.php\/wp-json\/wp\/v2\/types\/post"}],"author":[{"embeddable":true,"href":"http:\/\/csepelfc.hu\/index.php\/wp-json\/wp\/v2\/users\/4"}],"replies":[{"embeddable":true,"href":"http:\/\/csepelfc.hu\/index.php\/wp-json\/wp\/v2\/comments?post=4733"}],"version-history":[{"count":1,"href":"http:\/\/csepelfc.hu\/index.php\/wp-json\/wp\/v2\/posts\/4733\/revisions"}],"predecessor-version":[{"id":4735,"href":"http:\/\/csepelfc.hu\/index.php\/wp-json\/wp\/v2\/posts\/4733\/revisions\/4735"}],"wp:featuredmedia":[{"embeddable":true,"href":"http:\/\/csepelfc.hu\/index.php\/wp-json\/wp\/v2\/media\/4734"}],"wp:attachment":[{"href":"http:\/\/csepelfc.hu\/index.php\/wp-json\/wp\/v2\/media?parent=4733"}],"wp:term":[{"taxonomy":"category","embeddable":true,"href":"http:\/\/csepelfc.hu\/index.php\/wp-json\/wp\/v2\/categories?post=4733"},{"taxonomy":"post_tag","embeddable":true,"href":"http:\/\/csepelfc.hu\/index.php\/wp-json\/wp\/v2\/tags?post=4733"}],"curies":[{"name":"wp","href":"https:\/\/api.w.org\/{rel}","templated":true}]}}