{"id":4695,"date":"2019-10-17T10:09:39","date_gmt":"2019-10-17T09:09:39","guid":{"rendered":"http:\/\/csepelfc.hu\/?p=4695"},"modified":"2019-10-17T10:09:39","modified_gmt":"2019-10-17T09:09:39","slug":"mestermerleg-meg-hat-osz-rangadojat-kell-sikerrel-megvivnunk","status":"publish","type":"post","link":"http:\/\/csepelfc.hu\/index.php\/2019\/10\/17\/mestermerleg-meg-hat-osz-rangadojat-kell-sikerrel-megvivnunk\/","title":{"rendered":"Mesterm\u00e9rleg: &#8220;m\u00e9g hat\u00a0 \u201c\u0151sz rangad\u00f3j\u00e1t\u201d kell sikerrel megv\u00edvnunk&#8221;!"},"content":{"rendered":"<p>Mint arr\u00f3l kor\u00e1bban besz\u00e1moltunk, a Csepel FC elhozott egy pontot a bivalyer\u0151s BVSC otthon\u00e1b\u00f3l a BLSZ I szombat esti rangad\u00f3j\u00e1n. Szakvezet\u0151nk \u00e9rt\u00e9kelt.<!--more--><\/p>\n<p><strong>N\u00e9meth G\u00e1bor vezet\u0151edz\u0151:<\/strong> &#8211; <em>Az ismert okok miatt, a sokak \u00e1ltal \u201c\u0151sz rangad\u00f3j\u00e1nak\u201d titul\u00e1lt m\u00e9rk\u0151z\u00e9st idegenben kellett megv\u00edvjuk. J\u00f3 form\u00e1ban \u00e9rkezt\u00fcnk erre a tal\u00e1lkoz\u00f3ra, \u00e9s ism\u00e9t sz\u00e1m\u00edthattunk lelkes szurkol\u00f3t\u00e1borunkra, akik hazai p\u00e1ly\u00e1t var\u00e1zsoltak a Sz\u0151nyi \u00fatra. Ez\u00faton is k\u00f6sz\u00f6nj\u00fck, hogy minden k\u00f6r\u00fclm\u00e9nyek k\u00f6z\u00f6tt a csapat mellett vannak! Ahogy sz\u00e1m\u00edtottam r\u00e1, a t\u00e9t r\u00e1nyomta b\u00e9lyeg\u00e9t a j\u00e1t\u00e9k min\u0151s\u00e9g\u00e9re mindk\u00e9t oldalon. Nagy iram\u00fa, k\u00fczdelmes, taktikus, igazi 6 pontos m\u00e9rk\u0151z\u00e9s volt, nagy helyzetek n\u00e9lk\u00fcl. Csapatszinten nagyon j\u00f3l m\u0171k\u00f6dt\u00fcnk, fegyelmezettek voltunk. Ami hi\u00e1nyzott a gy\u0151zelemhez, az a v\u00e1ratlan, \u00e9s min\u0151s\u00e9gi egy\u00e9ni megmozdul\u00e1sok az ellenf\u00e9l t\u00e1mad\u00f3 z\u00f3n\u00e1j\u00e1ban. \u00d6sszess\u00e9g\u00e9ben igazs\u00e1gos d\u00f6ntetlen sz\u00fcletett. Ellenfel\u00fcnk k\u00f6r\u00fclm\u00e9nyeinek, \u00e9s anyagi lehet\u0151s\u00e9geinek tudat\u00e1ban nagy fegyvert\u00e9ny, hogy teljes m\u00e9rt\u00e9kben egyenrang\u00fa partnereik voltunk ezen a tal\u00e1lkoz\u00f3n. Hogy hossz\u00fat\u00e1von mire jutunk egym\u00e1ssal azt nagyon neh\u00e9z megj\u00f3solni, minden m\u00e9rk\u0151z\u00e9s m\u00e1s, \u00e9s m\u00e9g hat fordul\u00f3 h\u00e1tra van az \u0151szi szezonb\u00f3l. Szeretn\u00e9nk min\u00e9l jobb poz\u00edci\u00f3ban \u201ctelelni\u201d! Ahhoz, hogy ez \u00edgy legyen, csak magunkkal kell foglalkoznunk, \u00e9s m\u00e9g hat\u00a0 \u201c\u0151sz rangad\u00f3j\u00e1t\u201d kell sikerrel megv\u00edvnunk&#8230;<\/em><\/p>\n<p>Eml\u00e9keztet\u0151\u00fcl:<\/p>\n<p><strong>BVSC- Zugl\u00f3 \u2013 Csepel FC 0:0<\/strong><\/p>\n<p>Sz\u0151nyi \u00fat, Jv.: Szanyi \u00c1d\u00e1m (Landeszmann l\u00e1szl\u00f3, T\u00f3th I. Tam\u00e1s)<\/p>\n<p><strong>BVSC: <\/strong>Horv\u00e1th G. \u2013 Szab\u00f3 \u00c1., L\u00e1z\u00e1r Zs., Somodi \u00c1., Murai S., Kelemen P., Schrammel \u00c1., Bal\u00e1zs B. (T\u00f3th M. \u201976), Balogh B., Balogh M., Kov\u00e1cs G. <strong>Edz\u0151: <\/strong>Gabala K.<\/p>\n<p><strong>Csepel FC: <\/strong>Botlik D\u00e1niel \u2013 M\u00e9sz\u00e1ros Roland, B\u00e1nyai J\u00e1nos, M\u00e9sz\u00e1ros L\u00e1szl\u00f3 (Guba Tibor \u201988), V\u00f6r\u00f6s Bence, Gauzer Levente, Vill\u00e1nyi Gergely, Szab\u00f3 Erik, Bencze M\u00e1rton (Szem\u00e1n Lajos \u201978), Vargovics Tam\u00e1s (Mank\u00f3 D\u00e1vid \u201957), Torda Bence <strong>Vezet\u0151edz\u0151:<\/strong> N\u00e9meth G\u00e1bor<\/p>\n<p>(fot\u00f3: Nemzeti Sport)<\/p>\n","protected":false},"excerpt":{"rendered":"<div class=\"mh-excerpt\"><p>Mint arr\u00f3l kor\u00e1bban besz\u00e1moltunk, a Csepel FC elhozott egy pontot a bivalyer\u0151s BVSC otthon\u00e1b\u00f3l a BLSZ I szombat esti rangad\u00f3j\u00e1n. Szakvezet\u0151nk \u00e9rt\u00e9kelt.<\/p>\n<\/div>","protected":false},"author":4,"featured_media":4696,"comment_status":"closed","ping_status":"open","sticky":false,"template":"","format":"standard","meta":{"jetpack_publicize_message":"","jetpack_is_tweetstorm":false,"jetpack_publicize_feature_enabled":true},"categories":[1,7],"tags":[],"jetpack_publicize_connections":[],"jetpack_featured_media_url":"http:\/\/csepelfc.hu\/wp-content\/uploads\/2019\/10\/N\u00e9meth-G.-BVSC-Csepel.jpg","jetpack_sharing_enabled":true,"jetpack_shortlink":"https:\/\/wp.me\/p83FEU-1dJ","_links":{"self":[{"href":"http:\/\/csepelfc.hu\/index.php\/wp-json\/wp\/v2\/posts\/4695"}],"collection":[{"href":"http:\/\/csepelfc.hu\/index.php\/wp-json\/wp\/v2\/posts"}],"about":[{"href":"http:\/\/csepelfc.hu\/index.php\/wp-json\/wp\/v2\/types\/post"}],"author":[{"embeddable":true,"href":"http:\/\/csepelfc.hu\/index.php\/wp-json\/wp\/v2\/users\/4"}],"replies":[{"embeddable":true,"href":"http:\/\/csepelfc.hu\/index.php\/wp-json\/wp\/v2\/comments?post=4695"}],"version-history":[{"count":1,"href":"http:\/\/csepelfc.hu\/index.php\/wp-json\/wp\/v2\/posts\/4695\/revisions"}],"predecessor-version":[{"id":4697,"href":"http:\/\/csepelfc.hu\/index.php\/wp-json\/wp\/v2\/posts\/4695\/revisions\/4697"}],"wp:featuredmedia":[{"embeddable":true,"href":"http:\/\/csepelfc.hu\/index.php\/wp-json\/wp\/v2\/media\/4696"}],"wp:attachment":[{"href":"http:\/\/csepelfc.hu\/index.php\/wp-json\/wp\/v2\/media?parent=4695"}],"wp:term":[{"taxonomy":"category","embeddable":true,"href":"http:\/\/csepelfc.hu\/index.php\/wp-json\/wp\/v2\/categories?post=4695"},{"taxonomy":"post_tag","embeddable":true,"href":"http:\/\/csepelfc.hu\/index.php\/wp-json\/wp\/v2\/tags?post=4695"}],"curies":[{"name":"wp","href":"https:\/\/api.w.org\/{rel}","templated":true}]}}