{"id":4593,"date":"2019-09-15T15:37:02","date_gmt":"2019-09-15T14:37:02","guid":{"rendered":"http:\/\/csepelfc.hu\/?p=4593"},"modified":"2019-09-15T15:38:44","modified_gmt":"2019-09-15T14:38:44","slug":"kiizzadt-gyozelem-a-budafok-ellen","status":"publish","type":"post","link":"http:\/\/csepelfc.hu\/index.php\/2019\/09\/15\/kiizzadt-gyozelem-a-budafok-ellen\/","title":{"rendered":"Kiizzadt gy\u0151zelem a Budafok ellen"},"content":{"rendered":"<p>A Csepel FC feln\u0151tt csapata a v\u00e1rakoz\u00e1soknak megfelel\u0151en nagy el\u00e1nnal k\u00fczd\u00f6tt a vend\u00e9g Budafok II ellen, \u00e1m sajnos csak kev\u00e9s sikerrel, \u00edgy csup\u00e1n egyetlen g\u00f3l k\u00fcl\u00f6nbs\u00e9ggel siker\u00fclt itthon tartanunk a pontokat.<!--more-->A tal\u00e1lkoz\u00f3t a &#8220;szok\u00e1soknak megfelel\u0151en&#8221; a Csepeli Galambteny\u00e9szt\u0151k sz\u00e1rnyasai vezett\u00e9k fel \u00e9s igaz\u00e1n ny\u00e1rias id\u0151ben indult \u00fatj\u00e1ra a labda. A mieink egyb\u0151l t\u00e1mad\u00f3lag l\u00e9ptek fel \u00e9s m\u00e1r percekkel a k\u00f6z\u00e9pkezd\u00e9st megel\u0151z\u0151en megszerezhett\u00e9k volna a vezet\u00e9st, \u00e1m a befejez\u00e9sekbe rendre hiba cs\u00faszott vagy a vend\u00e9gek kit\u0171n\u0151 form\u00e1ban v\u00e9d\u0151 kapusa h\u00e1r\u00edtotta a kapuba tart\u00f3 labd\u00e1kat&#8230; Sajnos a f\u00e9lid\u0151 g\u00f3l n\u00e9lk\u00fcl telt, \u00edgy a m\u00e1sodik j\u00e1t\u00e9kr\u00e9szre maradt a d\u00f6nt\u00e9s. Abban a peri\u00f3dusban sem jeleskedt\u00fcnk a helyzetkihaszn\u00e1l\u00e1st illet\u0151en, de Vill\u00e1nyi az 50. percben egy sz\u00e9p fejessel megt\u00f6rte a jeget&#8230; T\u00e1madtunk tov\u00e1bbra is, \u00e1m minden alkalommal benne volt a hiba a j\u00e1t\u00e9kunkban, r\u00e1ad\u00e1sul a 66. percben a cserek\u00e9nt be\u00e1llt Kram\u00e1r kihaszn\u00e1lta v\u00e9d\u0151ink figyelmetlens\u00e9g\u00e9t \u00e9s bevette Botlik D\u00e1niel kapuj\u00e1t (1:1). Ezt k\u00f6vet\u0151en minden k\u00f6vet megmozgattunk a gy\u0151zelem \u00e9rdek\u00e9ben \u00e9s ez v\u00e9g\u00fcl a 89. percben vezetett eredm\u00e9nyre, amikor is Szab\u00f3 Erik vette be fejjel az egykoron a Csepelben is megfordul\u00f3 Berhidai kapuj\u00e1t, amivel v\u00e9g\u00fcl kicsikartuk a nagyon fontos gy\u0151zelmet, (2:1).<\/p>\n<p>Ezzel \u00e9s azzal, hogy a BVSC ki\u00fct\u00e9ses gy\u0151zelmet aratott a REAC ellen, a m\u00e1sodik helyre ker\u00fclt\u00fcnk, azonos pontsz\u00e1mmal vel\u00fck, \u00e1m mivel nekik jobb a g\u00f3lk\u00fcl\u00f6nbs\u00e9g\u00fck, \u00edgy \u0151k vett\u00e9k \u00e1t a vezet\u00e9st a tabell\u00e1n.<\/p>\n<p>Folytat\u00e1s a SZAC otthon\u00e1ban szeptember 21-\u00e9n.<\/p>\n<p><strong>Csepel FC &#8211; Budafoki MTE II 2:1 (0:0)<\/strong><\/p>\n<p>Csepel Stadion, Jv: Horv\u00e1th J. (Boros R., Kisp\u00e1l M.)<\/p>\n<p><strong>Csepel FC:<\/strong> Botlik D\u00e1niel &#8211; M\u00e9sz\u00e1ros Roland, B\u00e1nyai J\u00e1nos, M\u00e9sz\u00e1ros L\u00e1szl\u00f3, N\u00e9meth Zolt\u00e1n (Pekowski Michal &#8217;87), V\u00f6r\u00f6s Bence, Vill\u00e1nyi Gergely, Szab\u00f3 Erik (Zai Krist\u00f3f &#8217;90), Mank\u00f3 D\u00e1vid (Vargovics Tam\u00e1s &#8217;81), Szem\u00e1n Lajos (Mag Krist\u00f3f &#8217;61), Torda Bence (Bencze M\u00e1rton &#8217;61) <strong>Vezet\u0151edz\u0151:<\/strong> N\u00e9meth G\u00e1bor<\/p>\n<p><strong>Budafoki MTE II:\u00a0<\/strong>Berhidai Z. &#8211; K\u00e9v\u00e9s Sz., Micsnai M., Paholics M., Fekete M., Hars\u00e1nyi D., Barizs M., Szebenyi B. (Kram\u00e1r D. &#8217;58), Stark J., Vincell\u00e9r G. (Keresztesi M. &#8217;57), Khiesz K. <strong>Vezet\u0151edz\u0151:<\/strong> Schr\u00f3th Lajos<\/p>\n<p><strong>G.:<\/strong> Vill\u00e1nyi G. (&#8217;50), Szab\u00f3 E. (&#8217;89), ill. Kram\u00e1r D. (&#8217;66)<\/p>\n","protected":false},"excerpt":{"rendered":"<div class=\"mh-excerpt\"><p>A Csepel FC feln\u0151tt csapata a v\u00e1rakoz\u00e1soknak megfelel\u0151en nagy el\u00e1nnal k\u00fczd\u00f6tt a vend\u00e9g Budafok II ellen, \u00e1m sajnos csak kev\u00e9s sikerrel, \u00edgy csup\u00e1n egyetlen g\u00f3l k\u00fcl\u00f6nbs\u00e9ggel siker\u00fclt itthon tartanunk a <a class=\"mh-excerpt-more\" href=\"http:\/\/csepelfc.hu\/index.php\/2019\/09\/15\/kiizzadt-gyozelem-a-budafok-ellen\/\" title=\"Kiizzadt gy\u0151zelem a Budafok ellen\">[tov\u00e1bb&#8230;]<\/a><\/p>\n<\/div>","protected":false},"author":4,"featured_media":4594,"comment_status":"closed","ping_status":"open","sticky":false,"template":"","format":"standard","meta":{"jetpack_publicize_message":"","jetpack_is_tweetstorm":false,"jetpack_publicize_feature_enabled":true},"categories":[1,7],"tags":[],"jetpack_publicize_connections":[],"jetpack_featured_media_url":"http:\/\/csepelfc.hu\/wp-content\/uploads\/2019\/09\/Csepel-BMTE-2-1k..jpg","jetpack_sharing_enabled":true,"jetpack_shortlink":"https:\/\/wp.me\/p83FEU-1c5","_links":{"self":[{"href":"http:\/\/csepelfc.hu\/index.php\/wp-json\/wp\/v2\/posts\/4593"}],"collection":[{"href":"http:\/\/csepelfc.hu\/index.php\/wp-json\/wp\/v2\/posts"}],"about":[{"href":"http:\/\/csepelfc.hu\/index.php\/wp-json\/wp\/v2\/types\/post"}],"author":[{"embeddable":true,"href":"http:\/\/csepelfc.hu\/index.php\/wp-json\/wp\/v2\/users\/4"}],"replies":[{"embeddable":true,"href":"http:\/\/csepelfc.hu\/index.php\/wp-json\/wp\/v2\/comments?post=4593"}],"version-history":[{"count":2,"href":"http:\/\/csepelfc.hu\/index.php\/wp-json\/wp\/v2\/posts\/4593\/revisions"}],"predecessor-version":[{"id":4596,"href":"http:\/\/csepelfc.hu\/index.php\/wp-json\/wp\/v2\/posts\/4593\/revisions\/4596"}],"wp:featuredmedia":[{"embeddable":true,"href":"http:\/\/csepelfc.hu\/index.php\/wp-json\/wp\/v2\/media\/4594"}],"wp:attachment":[{"href":"http:\/\/csepelfc.hu\/index.php\/wp-json\/wp\/v2\/media?parent=4593"}],"wp:term":[{"taxonomy":"category","embeddable":true,"href":"http:\/\/csepelfc.hu\/index.php\/wp-json\/wp\/v2\/categories?post=4593"},{"taxonomy":"post_tag","embeddable":true,"href":"http:\/\/csepelfc.hu\/index.php\/wp-json\/wp\/v2\/tags?post=4593"}],"curies":[{"name":"wp","href":"https:\/\/api.w.org\/{rel}","templated":true}]}}