{"id":4567,"date":"2019-09-08T21:17:07","date_gmt":"2019-09-08T20:17:07","guid":{"rendered":"http:\/\/csepelfc.hu\/?p=4567"},"modified":"2019-09-08T21:17:07","modified_gmt":"2019-09-08T20:17:07","slug":"gyozelem-a-keruleti-futball-csorten","status":"publish","type":"post","link":"http:\/\/csepelfc.hu\/index.php\/2019\/09\/08\/gyozelem-a-keruleti-futball-csorten\/","title":{"rendered":"Gy\u0151zelem a ker\u00fcleti &#8220;futball- cs\u00f6rt\u00e9n&#8221;"},"content":{"rendered":"<p>A Csepel FC feln\u0151tt csapata tartja a ritmust a BLSZ I. oszt\u00e1ly\u00e1nak favoritjaival, \u00edgy 4 fordul\u00f3t k\u00f6vet\u0151en m\u00e9g mindig \u00e9len \u00e1ll a bajnoks\u00e1gban a Csep- G\u00f3l FC otthon\u00e1ban aratott sikert k\u00f6vet\u0151en.<!--more--><\/p>\n<p>Az egykori Csepeli Pap\u00edr p\u00e1ly\u00e1n a mieink a Botlik D\u00e1niel &#8211; M\u00e9sz\u00e1ros Roland, B\u00e1nyai J\u00e1nos, M\u00e9sz\u00e1ros L\u00e1szl\u00f3 (Mag Krist\u00f3f &#8217;56), V\u00f6r\u00f6s Bence (Pekowski Mih\u00e1ly &#8217;56), Gauzer Levente, Vill\u00e1nyi Gergely, Szab\u00f3 Erik (Vargovics Tam\u00e1s &#8217;75), Bencze M\u00e1rton (N\u00e9meth Zolt\u00e1n &#8217;67), Mank\u00f3 D\u00e1vid (Szem\u00e1n Lajos &#8217;67), Torda Bence <strong>Vezet\u0151edz\u0151:<\/strong> N\u00e9meth G\u00e1bor \u00f6ssze\u00e1ll\u00edt\u00e1sban l\u00e9ptek p\u00e1ly\u00e1ra.<\/p>\n<p>A hazaiakn\u00e1l t\u00f6bb Csepel FC nevel\u00e9s is szerephez jutott ak\u00e1r kezd\u0151k\u00e9nt, ak\u00e1r cserek\u00e9nt. A kapuban az egykori MTK h\u00e1l\u00f3\u0151r, Groppioni nyitotta a sort, aki a tal\u00e1lkoz\u00f3t megel\u0151z\u0151en bizakod\u00f3an nyilatkozott a s\u00e1rga- k\u00e9kek facebook oldal\u00e1n a v\u00e9gkimenetelt illet\u0151en.<\/p>\n<p><strong>Csep- G\u00f3l FC:<\/strong> Federico Groppioni &#8211; B\u00e9res Roland (Szab\u00f3 Rich\u00e1rd &#8217;56), Bodn\u00e1r D\u00e1niel, Ambruzs Szabolcs, Rem\u00e9nyi Roland (Pereszl\u00e9nyi Andr\u00e1s &#8217;56), Loch P\u00e9ter, Fodor Attila, Horv\u00e1th G\u00e9za (K\u0151v\u00e1ri Tibor &#8217;64), Antal Kiszti\u00e1n, Dank\u00f3 Rich\u00e1rd (T\u00f3th Attila &#8217;64), Czifra Attila (Kir\u00e1ly Kolos &#8217;46) <strong>Vezet\u0151edz\u0151:<\/strong> <strong>Ambruzs J\u00f3zsef<\/strong><\/p>\n<p><strong>V\u00e9geredm\u00e9ny 0:3<\/strong><\/p>\n<p><strong>G\u00f3lszerz\u0151k:<\/strong> Mank\u00f3 D\u00e1vid (&#8217;27), Szab\u00f3 Erik (&#8217;39), Vill\u00e1nyi Gergely (&#8217;53)<\/p>\n<p>Meg\u00e9rdemelt gy\u0151zelm\u00fcnkkel meger\u0151s\u00edtett\u00fck hely\u00fcnket a v\u00e9gs\u0151 siker\u00e9rt folytatott k\u00fczdelem \u00e9lboly\u00e1ban, de nagyon sok v\u00edznek kell m\u00e9g lefolynia mind\u00a0 a kis-, mind a nagy- Dun\u00e1n ahhoz, hogy el\u00e9rj\u00fck kit\u0171z\u00f6tt c\u00e9ljaikat. Egy \u00fajabb l\u00e9p\u00e9ssel mindenesetre k\u00f6zelebb ker\u00fclt\u00fcnk hozz\u00e1&#8230;<\/p>\n","protected":false},"excerpt":{"rendered":"<div class=\"mh-excerpt\"><p>A Csepel FC feln\u0151tt csapata tartja a ritmust a BLSZ I. oszt\u00e1ly\u00e1nak favoritjaival, \u00edgy 4 fordul\u00f3t k\u00f6vet\u0151en m\u00e9g mindig \u00e9len \u00e1ll a bajnoks\u00e1gban a Csep- G\u00f3l FC otthon\u00e1ban aratott sikert <a class=\"mh-excerpt-more\" href=\"http:\/\/csepelfc.hu\/index.php\/2019\/09\/08\/gyozelem-a-keruleti-futball-csorten\/\" title=\"Gy\u0151zelem a ker\u00fcleti &#8220;futball- cs\u00f6rt\u00e9n&#8221;\">[tov\u00e1bb&#8230;]<\/a><\/p>\n<\/div>","protected":false},"author":4,"featured_media":4568,"comment_status":"closed","ping_status":"open","sticky":false,"template":"","format":"standard","meta":{"jetpack_publicize_message":"","jetpack_is_tweetstorm":false,"jetpack_publicize_feature_enabled":true},"categories":[1,7],"tags":[],"jetpack_publicize_connections":[],"jetpack_featured_media_url":"http:\/\/csepelfc.hu\/wp-content\/uploads\/2019\/09\/CsepG\u00f3l-CsepelFC-1.jpg","jetpack_sharing_enabled":true,"jetpack_shortlink":"https:\/\/wp.me\/p83FEU-1bF","_links":{"self":[{"href":"http:\/\/csepelfc.hu\/index.php\/wp-json\/wp\/v2\/posts\/4567"}],"collection":[{"href":"http:\/\/csepelfc.hu\/index.php\/wp-json\/wp\/v2\/posts"}],"about":[{"href":"http:\/\/csepelfc.hu\/index.php\/wp-json\/wp\/v2\/types\/post"}],"author":[{"embeddable":true,"href":"http:\/\/csepelfc.hu\/index.php\/wp-json\/wp\/v2\/users\/4"}],"replies":[{"embeddable":true,"href":"http:\/\/csepelfc.hu\/index.php\/wp-json\/wp\/v2\/comments?post=4567"}],"version-history":[{"count":1,"href":"http:\/\/csepelfc.hu\/index.php\/wp-json\/wp\/v2\/posts\/4567\/revisions"}],"predecessor-version":[{"id":4569,"href":"http:\/\/csepelfc.hu\/index.php\/wp-json\/wp\/v2\/posts\/4567\/revisions\/4569"}],"wp:featuredmedia":[{"embeddable":true,"href":"http:\/\/csepelfc.hu\/index.php\/wp-json\/wp\/v2\/media\/4568"}],"wp:attachment":[{"href":"http:\/\/csepelfc.hu\/index.php\/wp-json\/wp\/v2\/media?parent=4567"}],"wp:term":[{"taxonomy":"category","embeddable":true,"href":"http:\/\/csepelfc.hu\/index.php\/wp-json\/wp\/v2\/categories?post=4567"},{"taxonomy":"post_tag","embeddable":true,"href":"http:\/\/csepelfc.hu\/index.php\/wp-json\/wp\/v2\/tags?post=4567"}],"curies":[{"name":"wp","href":"https:\/\/api.w.org\/{rel}","templated":true}]}}