{"id":4558,"date":"2019-09-08T18:48:24","date_gmt":"2019-09-08T17:48:24","guid":{"rendered":"http:\/\/csepelfc.hu\/?p=4558"},"modified":"2019-09-08T23:01:20","modified_gmt":"2019-09-08T22:01:20","slug":"futball-ejszakaja-csepeli-bajnokokkal-unnepeltunk","status":"publish","type":"post","link":"http:\/\/csepelfc.hu\/index.php\/2019\/09\/08\/futball-ejszakaja-csepeli-bajnokokkal-unnepeltunk\/","title":{"rendered":"Futball \u00c9jszak\u00e1ja: csepeli bajnokokkal \u00fcnnepelt\u00fcnk"},"content":{"rendered":"<p>Csak\u00fagy mint tavaly, id\u00e9n is remek\u00fcl siker\u00fclt a Futball \u00c9jszak\u00e1ja csepeli rendezv\u00e9nye, ahol olyan sportol\u00f3kat k\u00f6sz\u00f6nt\u00f6tt\u00fcnk, akik veretes bet\u0171kkel \u00edrt\u00e1k be magukat a csepeli sport aranyk\u00f6nyv\u00e9be!<!--more-->Szeptember 6- \u00e1n a Csepel Stadion j\u00e1t\u00e9koskij\u00e1r\u00f3j\u00e1nak k\u00f6rny\u00e9ke ism\u00e9t egy kisebb m\u00fazeumm\u00e1 alakult \u00e1t, ahol betekint\u00e9st kaphattunk az 1959- ben bajnoki aranyat nyert labdar\u00fag\u00f3csapat, illetve az 1989- ben bajnok r\u00f6plabda \u00e9s kos\u00e1rlabdacsapat t\u00f6rt\u00e9nelm\u00e9be. Kordokumentumok, relikvi\u00e1k, fot\u00f3k, egyed\u00fcl\u00e1ll\u00f3 dokumentumok, \u00fajs\u00e1gcikkek seg\u00edts\u00e9g\u00e9vel id\u00e9zt\u00fck fel azokat az esem\u00e9nyeket, melyek alaposan hozz\u00e1j\u00e1rultak ahhoz, hogy a hajdani k\u00e9k- piros egyes\u00fcletr\u0151l a Csepel SC- r\u0151l m\u00e9g napjainkban is nagy elismer\u00e9ssel besz\u00e9ljenek. A labdar\u00fag\u00f3 \u00e9p\u00fcletben kihelyezett t\u00e1rlaton a Csepel SC- vel \u00e9s annak sportol\u00f3ival kapcsolatos eml\u00e9keket lehetett megn\u00e9zni, k\u00f6zt\u00fck Szekeres Andr\u00e1s \u00e9s Pint\u00e9r J\u00f3zsef felbecs\u00fclhetetlen \u00e9rt\u00e9k\u0171 relikvi\u00e1it \u00e9s olyan k\u00fcl\u00f6nleges gombfocicsapatokat, melyek javar\u00e9szt csepeli csapatok egykori j\u00e1t\u00e9kosaib\u00f3l \u00e1lltak.<\/p>\n<p>A csepeli labdar\u00fag\u00f3csapat h\u00e1rom \u00e9l\u0151 legend\u00e1ja hossz\u00fa- hossz\u00fa \u00e9vek ut\u00e1n l\u00e1togatott el ism\u00e9t a hajdani sikerek helysz\u00edn\u00e9re, a B\u00e9ke t\u00e9ri stadionba. K\u00f3czi\u00e1n Antal, P\u00e1l II Tibor \u00e9s Gondos Tibor nagy- nagy szeretettel mes\u00e9ltek a csepeli \u00e9veikr\u0151l \u00e9s eleven\u00edtett\u00e9k fel az itt t\u00f6lt\u00f6tt id\u0151szakukat a stadionban rendezett besz\u00e9lget\u00e9sen. P\u00e1l II Tibort (\u00e9s kedves feles\u00e9g\u00e9t), p\u00e9ld\u00e1ul a Vasas is megh\u00edvta a Futball \u00c9jszak\u00e1ja angyalf\u00f6ldi rendezv\u00e9ny\u00e9re, \u00e1m \u0151 ink\u00e1bb benn\u00fcnket v\u00e1lasztott, mert annyira fontosnak \u00e9rezte a 60 \u00e9vvel ezel\u0151tt kiv\u00edvott bajnoki c\u00edmmel is kapcsolatos megeml\u00e9kez\u00e9st. A kos\u00e1rlabda \u00e9s r\u00f6plabda csapatunk egykori szt\u00e1rjai is tisztelet\u00fcket tett\u00e9k n\u00e1lunk:\u00a0 (a teljess\u00e9g ig\u00e9nye n\u00e9lk\u00fcl) Sz\u00e9kely, Somogyi, Bart\u00f3k, Tak\u00e1cs, Kov\u00e1cs Reizer, Moln\u00e1r, Tarnai, a betegesked\u0151 mestert, Liptai Istv\u00e1nt pedig feles\u00e9ge \u00c9va asszony k\u00e9pviselte. De elj\u00f6tt a csapat orvosa dr. Sikl\u00f3si Ferenc \u00e9s az akkori szakoszt\u00e1lyeln\u00f6k, Szab\u00f3 Ferenc is. A r\u00f6plabd\u00e1sokn\u00e1l a csapatkapit\u00e1ny Gy\u0151ri Attil\u00e1nak (aki k\u00e9r\u00e9s\u00fcnkre mag\u00e1val hozta a bajnoki arany\u00e9rm\u00e9t is) siker\u00fclt elh\u00edvnia Wunderlich G\u00e1bort, Nagy Attil\u00e1t, Lombos R\u00f3bertet \u00e9s m\u00e9g n\u00e9h\u00e1ny csapatt\u00e1rsat a bajnoki c\u00edmet szerz\u0151 egy\u00fcttesb\u0151l. Kiss Imr\u00e9t pedig, &#8211; mint a &#8217;89- es sikerek idej\u00e9n a Csepel SC- t vezet\u0151 eln\u00f6k\u00f6t &#8211; h\u00edvtuk meg az esem\u00e9nyre.<\/p>\n<p>Rajtuk k\u00edv\u00fcl persze m\u00e1s ismer\u0151s arcok is felbukkantak m\u00e9g a kor\u00e1bbi csepeli sportol\u00f3k k\u00f6z\u00fcl: Buzek L\u00e1szl\u00f3, Galg\u00f3cz De\u00e1k Antal r\u00f6plabd\u00e1z\u00f3k, Szieben doktor, Ozsv\u00e1th K\u00e1roly, Tyukodi Zolt\u00e1n \u00e9s Gy\u00f6rgy labdar\u00fag\u00f3k illetve m\u00e9g sokan m\u00e1sok&#8230;<\/p>\n<p>A k\u00f6sz\u00f6nt\u0151t M\u00e4rtz J\u00e1nos a Csepel FC SE eln\u00f6ke mondta, aki a tavalyihoz hasonl\u00f3an egyed\u00fcl\u00e1ll\u00f3nak nevezte a megh\u00edvott r\u00e9sztvev\u0151k n\u00e9vsor\u00e1t, \u00e9s kit\u00e9rt arra, hogy az\u00e9rt is k\u00fcl\u00f6nleges a 2019- es esztend\u0151 a csepeli sport szemsz\u00f6g\u00e9b\u0151l, mert a labdar\u00fag\u00f3k a 60., a kosarasok \u00e9s a r\u00f6plabd\u00e1z\u00f3k a 30. \u00e9vfordul\u00f3j\u00e1t \u00fcnneplik bajnoki c\u00edm\u00fcknek, Czibor Zolt\u00e1n az egykori Aranycsapat csepeli olimpiai bajnoka pedig id\u00e9n lenne 90 esztend\u0151s. Mindezt \u00f6sszegezve m\u00e9lt\u00e1n nevezhetj\u00fck ezt az \u00e9vet a csepeli sport jubileumi esztendej\u00e9nek, amit a Csepel FC szervez\u00e9s\u00e9ben siker\u00fclt meg\u00fcnnepelni \u00e9s tet\u0151 al\u00e1 hozni a Futball \u00c9jszak\u00e1ja program keret\u00e9ben. A k\u00f6sz\u00f6nt\u0151t k\u00f6vet\u0151en eln\u00f6k \u00far minden megh\u00edvott d\u00edszvend\u00e9gnek egy 60 illetve 30 &#8211; as sz\u00e1mmal ell\u00e1tott, feliratozott Csepel SC c\u00edmeres mezt aj\u00e1nd\u00e9kozott \u00e9s egy olyan, k\u00fcl\u00f6n erre az alkalomra k\u00e9sz\u00edtett, n\u00e9vre sz\u00f3l\u00f3 eml\u00e9klapot, amiben szerepel a labdar\u00fag\u00f3, a r\u00f6plabda \u00e9s a kos\u00e1rlabda bajnokcsapatok fot\u00f3ja, illetve Czibor Zolt\u00e1n portr\u00e9ja is. A hivatalos cerem\u00f3ni\u00e1t k\u00f6vet\u0151en Gy. Szab\u00f3 Csilla (a Csepel kor\u00e1bbi remek kos\u00e1rlabd\u00e1z\u00f3ja, az esem\u00e9ny moder\u00e1tora) konfer\u00e1lta fel a Kiss Kata vezette Csepeli RG klub m\u0171sor\u00e1t, ami nagy tetsz\u00e9st aratott a r\u00e9sztvev\u0151k k\u00f6r\u00e9ben.<\/p>\n<p>Ezut\u00e1n kezdet\u00e9t vette a k\u00e9rdezz- felelek a megh\u00edvottakkal, akikt\u0151l Csilla els\u0151sorban arra volt k\u00edv\u00e1ncsi, hogy mily m\u00f3don siker\u00fclt szert tenni\u00fck anno a bajnoki c\u00edmre? Erre \u00e9rdekesebbn\u00e9l \u00e9rdekesebb v\u00e1laszok \u00e9rkeztek, a humort sem n\u00e9lk\u00fcl\u00f6zve, \u00edgy igaz\u00e1n j\u00f3 hangulatban telt el a besz\u00e9lget\u00e9s.<\/p>\n<p>Az esem\u00e9ny z\u00e1r\u00f3akkordjak\u00e9nt a labdar\u00fag\u00f3 \u00e9p\u00fclet VIP term\u00e9ben z\u00e1r\u00f3fogad\u00e1s \u00e9s k\u00f6tetlen besz\u00e9lget\u00e9s z\u00e1rta a Futball \u00c9jszak\u00e1ja csepeli rendezv\u00e9ny\u00e9t, amir\u0151l megint elmondhatjuk, hogy igaz\u00e1n nagyot sz\u00f3lt!<\/p>\n<p>A csepeli bajnokok l\u00e1that\u00f3an nagy \u00f6r\u00f6mmel t\u00e9rtek vissza egykori sikereik helysz\u00edn\u00e9re, mi pedig nagy \u00f6r\u00f6mmel l\u00e1ttuk vend\u00e9g\u00fcl \u0151ket \u00e9s visszav\u00e1rjuk mindannyiukat a k\u00e9s\u0151bbiekben is!<\/p>\n<p>(<em>K\u00f6sz\u00f6nj\u00fck a n\u00e9lk\u00fcl\u00f6zhetetlen seg\u00edts\u00e9get Papp J\u00f3zsefnek, S\u00e1ndor R\u00f3bertnek, Frankow Mikl\u00f3snak, Elek Vendelnek, Varg\u00e1n\u00e9 Jung Paul\u00e1nak, Sz\u00f6gy\u00e9nyi Iboly\u00e1nak, Elekes Zsoltnak, Kor\u00f3di Zolt\u00e1nnak, Nagy Andr\u00e1snak, Csernus Istv\u00e1nnak, Losonci R\u00f3bertnek, a Csepeli Munk\u00e1sotthonnak \u00e9s mindenkinek, akik el\u0151seg\u00edtett\u00e9k a rendezv\u00e9ny sikeres lebonyol\u00edt\u00e1s\u00e1t!<\/em>)<\/p>\n","protected":false},"excerpt":{"rendered":"<div class=\"mh-excerpt\"><p>Csak\u00fagy mint tavaly, id\u00e9n is remek\u00fcl siker\u00fclt a Futball \u00c9jszak\u00e1ja csepeli rendezv\u00e9nye, ahol olyan sportol\u00f3kat k\u00f6sz\u00f6nt\u00f6tt\u00fcnk, akik veretes bet\u0171kkel \u00edrt\u00e1k be magukat a csepeli sport aranyk\u00f6nyv\u00e9be!<\/p>\n<\/div>","protected":false},"author":4,"featured_media":4559,"comment_status":"closed","ping_status":"open","sticky":false,"template":"","format":"standard","meta":{"jetpack_publicize_message":"","jetpack_is_tweetstorm":false,"jetpack_publicize_feature_enabled":true},"categories":[1,10],"tags":[],"jetpack_publicize_connections":[],"jetpack_featured_media_url":"http:\/\/csepelfc.hu\/wp-content\/uploads\/2019\/09\/Interju.jpg","jetpack_sharing_enabled":true,"jetpack_shortlink":"https:\/\/wp.me\/p83FEU-1bw","_links":{"self":[{"href":"http:\/\/csepelfc.hu\/index.php\/wp-json\/wp\/v2\/posts\/4558"}],"collection":[{"href":"http:\/\/csepelfc.hu\/index.php\/wp-json\/wp\/v2\/posts"}],"about":[{"href":"http:\/\/csepelfc.hu\/index.php\/wp-json\/wp\/v2\/types\/post"}],"author":[{"embeddable":true,"href":"http:\/\/csepelfc.hu\/index.php\/wp-json\/wp\/v2\/users\/4"}],"replies":[{"embeddable":true,"href":"http:\/\/csepelfc.hu\/index.php\/wp-json\/wp\/v2\/comments?post=4558"}],"version-history":[{"count":6,"href":"http:\/\/csepelfc.hu\/index.php\/wp-json\/wp\/v2\/posts\/4558\/revisions"}],"predecessor-version":[{"id":4570,"href":"http:\/\/csepelfc.hu\/index.php\/wp-json\/wp\/v2\/posts\/4558\/revisions\/4570"}],"wp:featuredmedia":[{"embeddable":true,"href":"http:\/\/csepelfc.hu\/index.php\/wp-json\/wp\/v2\/media\/4559"}],"wp:attachment":[{"href":"http:\/\/csepelfc.hu\/index.php\/wp-json\/wp\/v2\/media?parent=4558"}],"wp:term":[{"taxonomy":"category","embeddable":true,"href":"http:\/\/csepelfc.hu\/index.php\/wp-json\/wp\/v2\/categories?post=4558"},{"taxonomy":"post_tag","embeddable":true,"href":"http:\/\/csepelfc.hu\/index.php\/wp-json\/wp\/v2\/tags?post=4558"}],"curies":[{"name":"wp","href":"https:\/\/api.w.org\/{rel}","templated":true}]}}