{"id":4521,"date":"2019-08-27T21:20:38","date_gmt":"2019-08-27T20:20:38","guid":{"rendered":"http:\/\/csepelfc.hu\/?p=4521"},"modified":"2019-08-27T21:38:43","modified_gmt":"2019-08-27T20:38:43","slug":"futball-avagy-labdajatekok-ejszakaja-csepelen","status":"publish","type":"post","link":"http:\/\/csepelfc.hu\/index.php\/2019\/08\/27\/futball-avagy-labdajatekok-ejszakaja-csepelen\/","title":{"rendered":"Futball avagy Labdaj\u00e1t\u00e9kok \u00c9jszak\u00e1ja Csepelen!"},"content":{"rendered":"<p>A Csepel FC a tavaly meglehet\u0151sen j\u00f3l lebonyol\u00edtott programot k\u00f6vet\u0151en id\u00e9n is felk\u00e9r\u00e9st kapott az orsz\u00e1gos l\u00e9pt\u00e9k\u0171 Futball \u00c9jszak\u00e1ja elnevez\u00e9s\u0171 programba.<!--more--><\/p>\n<p>A 2019 szeptember 6-\u00e1n p\u00e9nteken sorra ker\u00fcl\u0151 rendezv\u00e9nyen klubunk egyszerre szeretne egy \u00fajabb sz\u00ednvonalas rendezv\u00e9nyt tet\u0151 al\u00e1 hozni egyben tisztelegni a 60 \u00e9vvel ezel\u0151tt NBI- es bajnoki c\u00edmet nyert csepeli labdar\u00fag\u00f3csapat, valamint a 30 esztend\u0151vel ezel\u0151tt ugyancsak NBI- es bajnoki c\u00edmet nyer\u0151 kos\u00e1r- \u00e9s r\u00f6plabdacsapat el\u0151tt.<\/p>\n<p>A <strong>Csepel FC<\/strong> programja:<\/p>\n<p><strong>16:00- Kapunyit\u00e1s<\/strong><br \/>\n<strong>16:00-<\/strong> t\u00f3l T\u00e1rlat &#8211; a 60 \u00e9vvel ezel\u0151tti bajnok labdar\u00fag\u00f3 illetve a 30 \u00e9vvel ezel\u0151tti kos\u00e1r- \u00e9s r\u00f6plabdacsapatokr\u00f3l illetve a 90 esztendeje sz\u00fcletett Czibor Zolt\u00e1nr\u00f3l<br \/>\n<strong>16:00-<\/strong> t\u0151l Gombfoci ki\u00e1ll\u00edt\u00e1s \u00e9s bemutat\u00f3<\/p>\n<p><strong>16:15-18:00<\/strong> Teqball (szervez\u00e9s alatt)<br \/>\n<strong>17:00<\/strong> K\u00f6sz\u00f6nt\u0151<br \/>\n<strong>17:05:<\/strong> Kerekasztal- besz\u00e9lget\u00e9s (neves csepeli sportol\u00f3kkal, els\u0151sorban az egykori bajnok labdar\u00fag\u00f3, kos\u00e1rlabda \u00e9s r\u00f6plabdacsapat tagjaival)<br \/>\nK\u00f6zben a Csepeli RG Klub bemutat\u00f3ja (15 perc)<br \/>\n<strong>18:00-19:00<\/strong> \u00d6regfi\u00fak g\u00e1lam\u00e9rk\u0151z\u00e9s (megfelel\u0151 l\u00e9tsz\u00e1m eset\u00e9n, szervez\u00e9s alatt)<br \/>\n<strong>19:00-20:00<\/strong> \u00c1ll\u00f3fogad\u00e1s a megh\u00edvott vend\u00e9gek r\u00e9sz\u00e9re<\/p>\n<p>Tov\u00e1bbi inform\u00e1ci\u00f3 \u00e9s regisztr\u00e1ci\u00f3 <a href=\"https:\/\/futballejszakaja.hu\/csapat\/csepel-fc\/\">itt tal\u00e1lhat\u00f3<\/a><\/p>\n<p>A csepeli programokr\u00f3l r\u00e9szletesen <a href=\"https:\/\/www.facebook.com\/events\/374722633193678\/\">itt lehet t\u00e1j\u00e9koz\u00f3dni<\/a><\/p>\n<p>A bel\u00e9p\u00e9skor kapott karszalag 5- 14 \u00e9ves kor k\u00f6z\u00f6tt 100 forintba, 14 \u00e9v f\u00f6l\u00f6tt 500 forintba ker\u00fcl, amit szeptember 6 -\u00e1n az els\u0151 helysz\u00ednen kell megv\u00e1ltani. A nap sor\u00e1n ezzel a szalaggal korl\u00e1tlan helysz\u00edn azaz t\u00f6bb futballstadion is felkereshet\u0151!<\/p>\n<p>Mindenkit szeretettel v\u00e1runk!<\/p>\n","protected":false},"excerpt":{"rendered":"<div class=\"mh-excerpt\"><p>A Csepel FC a tavaly meglehet\u0151sen j\u00f3l lebonyol\u00edtott programot k\u00f6vet\u0151en id\u00e9n is felk\u00e9r\u00e9st kapott az orsz\u00e1gos l\u00e9pt\u00e9k\u0171 Futball \u00c9jszak\u00e1ja elnevez\u00e9s\u0171 programba.<\/p>\n<\/div>","protected":false},"author":4,"featured_media":4522,"comment_status":"closed","ping_status":"open","sticky":false,"template":"","format":"standard","meta":{"jetpack_publicize_message":"","jetpack_is_tweetstorm":false,"jetpack_publicize_feature_enabled":true},"categories":[1,10],"tags":[],"jetpack_publicize_connections":[],"jetpack_featured_media_url":"http:\/\/csepelfc.hu\/wp-content\/uploads\/2019\/08\/F\u00c92019CSEPELK..jpg","jetpack_sharing_enabled":true,"jetpack_shortlink":"https:\/\/wp.me\/p83FEU-1aV","_links":{"self":[{"href":"http:\/\/csepelfc.hu\/index.php\/wp-json\/wp\/v2\/posts\/4521"}],"collection":[{"href":"http:\/\/csepelfc.hu\/index.php\/wp-json\/wp\/v2\/posts"}],"about":[{"href":"http:\/\/csepelfc.hu\/index.php\/wp-json\/wp\/v2\/types\/post"}],"author":[{"embeddable":true,"href":"http:\/\/csepelfc.hu\/index.php\/wp-json\/wp\/v2\/users\/4"}],"replies":[{"embeddable":true,"href":"http:\/\/csepelfc.hu\/index.php\/wp-json\/wp\/v2\/comments?post=4521"}],"version-history":[{"count":3,"href":"http:\/\/csepelfc.hu\/index.php\/wp-json\/wp\/v2\/posts\/4521\/revisions"}],"predecessor-version":[{"id":4525,"href":"http:\/\/csepelfc.hu\/index.php\/wp-json\/wp\/v2\/posts\/4521\/revisions\/4525"}],"wp:featuredmedia":[{"embeddable":true,"href":"http:\/\/csepelfc.hu\/index.php\/wp-json\/wp\/v2\/media\/4522"}],"wp:attachment":[{"href":"http:\/\/csepelfc.hu\/index.php\/wp-json\/wp\/v2\/media?parent=4521"}],"wp:term":[{"taxonomy":"category","embeddable":true,"href":"http:\/\/csepelfc.hu\/index.php\/wp-json\/wp\/v2\/categories?post=4521"},{"taxonomy":"post_tag","embeddable":true,"href":"http:\/\/csepelfc.hu\/index.php\/wp-json\/wp\/v2\/tags?post=4521"}],"curies":[{"name":"wp","href":"https:\/\/api.w.org\/{rel}","templated":true}]}}