{"id":4223,"date":"2019-05-18T15:01:39","date_gmt":"2019-05-18T14:01:39","guid":{"rendered":"http:\/\/csepelfc.hu\/?p=4223"},"modified":"2019-05-18T15:31:31","modified_gmt":"2019-05-18T14:31:31","slug":"up-tavasz-kupa-csepel-fc-siker","status":"publish","type":"post","link":"http:\/\/csepelfc.hu\/index.php\/2019\/05\/18\/up-tavasz-kupa-csepel-fc-siker\/","title":{"rendered":"UP: Tavaszv\u00e1r\u00f3 Kupa, Csepel FC siker!"},"content":{"rendered":"<p>Az es\u0151s id\u0151szak elm\u00falt\u00e1val l\u00e1tsz\u00f3lag bek\u00f6sz\u00f6nt\u00f6tt a val\u00f3di tavasz,s vele egy\u00fctt a Csepel FC ut\u00e1np\u00f3tl\u00e1s\u00e1nak legifjabbjai is megszerezt\u00e9k az \u00e9vszakr\u00f3l elnevezett tr\u00f3fe\u00e1t.<!--more--><\/p>\n<p>M\u00e1jus 18- \u00e1n az U12- es koroszt\u00e1lyunk volt hivatalos egy labdar\u00fag\u00f3 torn\u00e1ra Budat\u00e9t\u00e9nybe. A m\u0171f\u00fcves j\u00e1t\u00e9kt\u00e9ren egyszer 18 perces j\u00e1t\u00e9kid\u0151ben m\u00e9rk\u0151ztek megy egym\u00e1ssal a Darazsak SE, a Budafoki LC, a Hal\u00e1sztelek FC, az \u0150rmez\u0151 SE, a Csepel FC \u00e9s a h\u00e1zigazda Budat\u00e9t\u00e9ny SE egy\u00fcttesei. A mieink keret\u00e9t az al\u00e1bbi labdar\u00fag\u00f3k alkott\u00e1k: Nagy Zsombor, M\u00e9sz\u00e1ros \u00c1rmin, Progner B\u00e1lint, F\u00fcleki \u00c1lmos, Koll\u00e1r Zs., Bar\u00e1th Bendeg\u00faz, Moln\u00e1r Zolt\u00e1n, Sinkovicz \u00c1ron \u00e9s h\u00e1rom vend\u00e9gj\u00e1t\u00e9kos.<\/p>\n<p>A g\u00f3lkir\u00e1lyi c\u00edmet Moln\u00e1r Zolt\u00e1n szerezte meg.<\/p>\n<p><img loading=\"lazy\" class=\"attachment-266x266 \" src=\"http:\/\/csepelfc.hu\/wp-content\/uploads\/2019\/05\/T\u00e9t\u00e9nySorsol\u00e1s.jpg\" sizes=\"(max-width: 266px) 100vw, 266px\" srcset=\"http:\/\/csepelfc.hu\/wp-content\/uploads\/2019\/05\/T\u00e9t\u00e9nySorsol\u00e1s.jpg 960w, http:\/\/csepelfc.hu\/wp-content\/uploads\/2019\/05\/T\u00e9t\u00e9nySorsol\u00e1s-300x225.jpg 300w, http:\/\/csepelfc.hu\/wp-content\/uploads\/2019\/05\/T\u00e9t\u00e9nySorsol\u00e1s-768x576.jpg 768w, http:\/\/csepelfc.hu\/wp-content\/uploads\/2019\/05\/T\u00e9t\u00e9nySorsol\u00e1s-678x509.jpg 678w, http:\/\/csepelfc.hu\/wp-content\/uploads\/2019\/05\/T\u00e9t\u00e9nySorsol\u00e1s-326x245.jpg 326w, http:\/\/csepelfc.hu\/wp-content\/uploads\/2019\/05\/T\u00e9t\u00e9nySorsol\u00e1s-80x60.jpg 80w\" alt=\"\" width=\"665\" height=\"500\" \/><\/p>\n","protected":false},"excerpt":{"rendered":"<div class=\"mh-excerpt\"><p>Az es\u0151s id\u0151szak elm\u00falt\u00e1val l\u00e1tsz\u00f3lag bek\u00f6sz\u00f6nt\u00f6tt a val\u00f3di tavasz,s vele egy\u00fctt a Csepel FC ut\u00e1np\u00f3tl\u00e1s\u00e1nak legifjabbjai is megszerezt\u00e9k az \u00e9vszakr\u00f3l elnevezett tr\u00f3fe\u00e1t.<\/p>\n<\/div>","protected":false},"author":4,"featured_media":4228,"comment_status":"closed","ping_status":"open","sticky":false,"template":"","format":"standard","meta":{"jetpack_publicize_message":"","jetpack_is_tweetstorm":false,"jetpack_publicize_feature_enabled":true},"categories":[1,11,3],"tags":[],"jetpack_publicize_connections":[],"jetpack_featured_media_url":"http:\/\/csepelfc.hu\/wp-content\/uploads\/2019\/05\/Budat\u00e9t\u00e9nyKicsik-1.jpg","jetpack_sharing_enabled":true,"jetpack_shortlink":"https:\/\/wp.me\/p83FEU-167","_links":{"self":[{"href":"http:\/\/csepelfc.hu\/index.php\/wp-json\/wp\/v2\/posts\/4223"}],"collection":[{"href":"http:\/\/csepelfc.hu\/index.php\/wp-json\/wp\/v2\/posts"}],"about":[{"href":"http:\/\/csepelfc.hu\/index.php\/wp-json\/wp\/v2\/types\/post"}],"author":[{"embeddable":true,"href":"http:\/\/csepelfc.hu\/index.php\/wp-json\/wp\/v2\/users\/4"}],"replies":[{"embeddable":true,"href":"http:\/\/csepelfc.hu\/index.php\/wp-json\/wp\/v2\/comments?post=4223"}],"version-history":[{"count":3,"href":"http:\/\/csepelfc.hu\/index.php\/wp-json\/wp\/v2\/posts\/4223\/revisions"}],"predecessor-version":[{"id":4229,"href":"http:\/\/csepelfc.hu\/index.php\/wp-json\/wp\/v2\/posts\/4223\/revisions\/4229"}],"wp:featuredmedia":[{"embeddable":true,"href":"http:\/\/csepelfc.hu\/index.php\/wp-json\/wp\/v2\/media\/4228"}],"wp:attachment":[{"href":"http:\/\/csepelfc.hu\/index.php\/wp-json\/wp\/v2\/media?parent=4223"}],"wp:term":[{"taxonomy":"category","embeddable":true,"href":"http:\/\/csepelfc.hu\/index.php\/wp-json\/wp\/v2\/categories?post=4223"},{"taxonomy":"post_tag","embeddable":true,"href":"http:\/\/csepelfc.hu\/index.php\/wp-json\/wp\/v2\/tags?post=4223"}],"curies":[{"name":"wp","href":"https:\/\/api.w.org\/{rel}","templated":true}]}}