{"id":4211,"date":"2019-05-16T15:05:39","date_gmt":"2019-05-16T14:05:39","guid":{"rendered":"http:\/\/csepelfc.hu\/?p=4211"},"modified":"2019-05-16T15:05:39","modified_gmt":"2019-05-16T14:05:39","slug":"90-eves-lenne-toth-ii-jozsef-megemlekezes-vasarnap","status":"publish","type":"post","link":"http:\/\/csepelfc.hu\/index.php\/2019\/05\/16\/90-eves-lenne-toth-ii-jozsef-megemlekezes-vasarnap\/","title":{"rendered":"90 \u00e9ves lenne T\u00f3th II J\u00f3zsef &#8211; megeml\u00e9kez\u00e9s vas\u00e1rnap"},"content":{"rendered":"<p>Imm\u00e1ron k\u00e9t esztendeje nincs k\u00f6z\u00f6tt\u00fcnk, de felejthetetlen eml\u00e9k\u00e9t tov\u00e1bbra is \u0151rizz\u00fck stadionon k\u00edv\u00fcl \u00e9s bel\u00fcl. T\u00f3th II J\u00f3zsef, a Csepel \u00e9s a legend\u00e1s Aranycsapat j\u00e1t\u00e9kosa ma lenne 90 esztend\u0151s.<!--more--><\/p>\n<p>A Csepel FC a vas\u00e1rnapi hazai, P\u00e1pa elleni m\u00e9rk\u0151z\u00e9s el\u0151tt tart megeml\u00e9kez\u00e9st a B\u00e9ke t\u00e9ren tal\u00e1lhat\u00f3 szoborn\u00e1l, ahov\u00e1 minden szimpatiz\u00e1nst \u00e9s szurkol\u00f3t is szeretettel v\u00e1runk.<\/p>\n<p>Az 1929. m\u00e1jus 16- \u00e1n Mersev\u00e1ton sz\u00fcletett, s 2017 okt\u00f3ber\u00e9ben, 88 esztend\u0151s kor\u00e1ban elhunyt egykori csepeli kiv\u00e1l\u00f3s\u00e1g T\u00f3th II J\u00f3zsef \/Bozsi b\u00e1csi\/ klubp\u00e1lyafut\u00e1sa sor\u00e1n kiz\u00e1r\u00f3lagosan a Csepel mez\u00e9t h\u00fazta mag\u00e1ra, 1940 \u00e9s 1961 k\u00f6z\u00f6tt. \u00d6sszesen 296 bajnoki m\u00e9rk\u0151z\u00e9sen l\u00e9pett p\u00e1ly\u00e1ra melyeken 78 g\u00f3lt szerzett. Az 1958\u201359-es id\u00e9nyben bajnoks\u00e1got nyert a Csepellel \u00e9s 1961-ben fejezte be az akt\u00edv labdar\u00fag\u00e1st. 1953 \u00e9s 1957 k\u00f6z\u00f6tt 12 alkalommal szerepelt a magyar v\u00e1logatottban ahol 5 g\u00f3lt szerzett. A Csepel SC \u00f6r\u00f6k\u00f6s bajnoka, Budapest \u00e9s Csepel d\u00edszpolg\u00e1ra a Csepel stadiont\u00f3l egy karny\u00fajt\u00e1snyira \u00e9lte le szinte eg\u00e9sz \u00e9let\u00e9t \u00e9s mindig nagy szeretettel besz\u00e9lt egykori klubj\u00e1r\u00f3l.<\/p>\n<p>Eml\u00e9k\u00e9t \u0151rizz\u00fck!<\/p>\n","protected":false},"excerpt":{"rendered":"<div class=\"mh-excerpt\"><p>Imm\u00e1ron k\u00e9t esztendeje nincs k\u00f6z\u00f6tt\u00fcnk, de felejthetetlen eml\u00e9k\u00e9t tov\u00e1bbra is \u0151rizz\u00fck stadionon k\u00edv\u00fcl \u00e9s bel\u00fcl. T\u00f3th II J\u00f3zsef, a Csepel \u00e9s a legend\u00e1s Aranycsapat j\u00e1t\u00e9kosa ma lenne 90 esztend\u0151s.<\/p>\n<\/div>","protected":false},"author":4,"featured_media":4212,"comment_status":"closed","ping_status":"open","sticky":false,"template":"","format":"standard","meta":{"jetpack_publicize_message":"","jetpack_is_tweetstorm":false,"jetpack_publicize_feature_enabled":true},"categories":[1,10,7],"tags":[],"jetpack_publicize_connections":[],"jetpack_featured_media_url":"http:\/\/csepelfc.hu\/wp-content\/uploads\/2019\/05\/Negyeskep.jpg","jetpack_sharing_enabled":true,"jetpack_shortlink":"https:\/\/wp.me\/p83FEU-15V","_links":{"self":[{"href":"http:\/\/csepelfc.hu\/index.php\/wp-json\/wp\/v2\/posts\/4211"}],"collection":[{"href":"http:\/\/csepelfc.hu\/index.php\/wp-json\/wp\/v2\/posts"}],"about":[{"href":"http:\/\/csepelfc.hu\/index.php\/wp-json\/wp\/v2\/types\/post"}],"author":[{"embeddable":true,"href":"http:\/\/csepelfc.hu\/index.php\/wp-json\/wp\/v2\/users\/4"}],"replies":[{"embeddable":true,"href":"http:\/\/csepelfc.hu\/index.php\/wp-json\/wp\/v2\/comments?post=4211"}],"version-history":[{"count":1,"href":"http:\/\/csepelfc.hu\/index.php\/wp-json\/wp\/v2\/posts\/4211\/revisions"}],"predecessor-version":[{"id":4213,"href":"http:\/\/csepelfc.hu\/index.php\/wp-json\/wp\/v2\/posts\/4211\/revisions\/4213"}],"wp:featuredmedia":[{"embeddable":true,"href":"http:\/\/csepelfc.hu\/index.php\/wp-json\/wp\/v2\/media\/4212"}],"wp:attachment":[{"href":"http:\/\/csepelfc.hu\/index.php\/wp-json\/wp\/v2\/media?parent=4211"}],"wp:term":[{"taxonomy":"category","embeddable":true,"href":"http:\/\/csepelfc.hu\/index.php\/wp-json\/wp\/v2\/categories?post=4211"},{"taxonomy":"post_tag","embeddable":true,"href":"http:\/\/csepelfc.hu\/index.php\/wp-json\/wp\/v2\/tags?post=4211"}],"curies":[{"name":"wp","href":"https:\/\/api.w.org\/{rel}","templated":true}]}}