{"id":4188,"date":"2019-05-07T18:05:19","date_gmt":"2019-05-07T17:05:19","guid":{"rendered":"http:\/\/csepelfc.hu\/?p=4188"},"modified":"2019-05-07T18:05:19","modified_gmt":"2019-05-07T17:05:19","slug":"mestermerleg-sajnos-nem-csak-rajtunk-mult","status":"publish","type":"post","link":"http:\/\/csepelfc.hu\/index.php\/2019\/05\/07\/mestermerleg-sajnos-nem-csak-rajtunk-mult\/","title":{"rendered":"Mesterm\u00e9rleg: &#8220;sajnos nem csak rajtunk m\u00falt&#8221;"},"content":{"rendered":"<p>Feln\u0151tt egy\u00fcttes\u00fcnknek jelenleg minden bajnoki pontra \u00fagy van sz\u00fcks\u00e9ge, mint egy falat keny\u00e9rre, \u00edgy a P\u00e9nz\u00fcgy\u0151r ellen irre\u00e1lis k\u00f6r\u00fclm\u00e9nyek k\u00f6z\u00f6tt elvesz\u00edtett 2 egys\u00e9g k\u00fcl\u00f6n\u00f6sen f\u00e1j\u00f3 ebben a kritikus id\u0151szakban.<!--more--><\/p>\n<p><strong>Tam\u00e1si Zolt\u00e1n:<\/strong> &#8211; \u00dagy \u00e9rzem, hogy a j\u00e1t\u00e9kvezet\u0151 t\u00e9nyked\u00e9se alaposan k\u00f6zrej\u00e1tszott a m\u00e9rk\u0151z\u00e9s v\u00e9geredm\u00e9ny\u00e9nek kialakul\u00e1s\u00e1ban! Egy abszol\u00fat szab\u00e1lyos szerel\u00e9st f\u00fajt be a meccs v\u00e9ge el\u0151tt, s mivel ellenfel\u00fcnknek m\u00e1s es\u00e9lye nem nagyon volt (el\u0151tte sem),\u00a0 fel\u00edvelt\u00e9k a labd\u00e1t, ami hatalmas kavarod\u00e1s v\u00e9g\u00e9n a kapunkban k\u00f6t\u00f6tt ki&#8230; Ez az\u00e9rt is f\u00e1j\u00f3, mert az irgalmatlanul irre\u00e1lis talajon k\u00e9zben tartottuk a meccset, a csapat hozz\u00e1\u00e1ll\u00e1s\u00e1val semmi gond nem volt, ment\u00fcnk, brusztoltunk, hajtottunk, am\u00edg csak lehetett. 1:0- n\u00e1l Torda Bence bebiztos\u00edthatta volna a gy\u0151zelm\u00fcnket, \u00e1m sajnos rossz megold\u00e1st v\u00e1lasztott, ami v\u00e9g\u00fcl v\u00e9gzetesnek bizonyult&#8230; J\u00e1t\u00e9kosaim becs\u00fclettel tett\u00e9k a dolgukat ezen a futballra teljesen alkalmatlan talajon, de ez most csup\u00e1n egyetlen pontra volt elegend\u0151, ami viszont ez\u00fattal sajnos nem csak rajtunk m\u00falt. J\u00f6v\u0151 h\u00e9ten idegenben is mindent megtesz\u00fcnk a siker\u00e9rt!<\/p>\n<p><strong>Csepel FC &#8211; P\u00e9nz\u00fcgy\u0151r SE 1:1 (0:0)<\/strong><\/p>\n<p><strong>Jv:<\/strong> Hanyecz B. (Gordos \u00c1., Zahorecz R.)<\/p>\n<p><strong>G.:<\/strong> M\u00e9sz\u00e1ros Roland (&#8217;66), ill. F\u00fcleki N. (&#8217;85)<\/p>\n","protected":false},"excerpt":{"rendered":"<div class=\"mh-excerpt\"><p>Feln\u0151tt egy\u00fcttes\u00fcnknek jelenleg minden bajnoki pontra \u00fagy van sz\u00fcks\u00e9ge, mint egy falat keny\u00e9rre, \u00edgy a P\u00e9nz\u00fcgy\u0151r ellen irre\u00e1lis k\u00f6r\u00fclm\u00e9nyek k\u00f6z\u00f6tt elvesz\u00edtett 2 egys\u00e9g k\u00fcl\u00f6n\u00f6sen f\u00e1j\u00f3 ebben a kritikus id\u0151szakban.<\/p>\n<\/div>","protected":false},"author":4,"featured_media":4189,"comment_status":"closed","ping_status":"open","sticky":false,"template":"","format":"standard","meta":{"jetpack_publicize_message":"","jetpack_is_tweetstorm":false,"jetpack_publicize_feature_enabled":true},"categories":[1,7],"tags":[],"jetpack_publicize_connections":[],"jetpack_featured_media_url":"http:\/\/csepelfc.hu\/wp-content\/uploads\/2019\/05\/TamasiEsoben.jpg","jetpack_sharing_enabled":true,"jetpack_shortlink":"https:\/\/wp.me\/p83FEU-15y","_links":{"self":[{"href":"http:\/\/csepelfc.hu\/index.php\/wp-json\/wp\/v2\/posts\/4188"}],"collection":[{"href":"http:\/\/csepelfc.hu\/index.php\/wp-json\/wp\/v2\/posts"}],"about":[{"href":"http:\/\/csepelfc.hu\/index.php\/wp-json\/wp\/v2\/types\/post"}],"author":[{"embeddable":true,"href":"http:\/\/csepelfc.hu\/index.php\/wp-json\/wp\/v2\/users\/4"}],"replies":[{"embeddable":true,"href":"http:\/\/csepelfc.hu\/index.php\/wp-json\/wp\/v2\/comments?post=4188"}],"version-history":[{"count":1,"href":"http:\/\/csepelfc.hu\/index.php\/wp-json\/wp\/v2\/posts\/4188\/revisions"}],"predecessor-version":[{"id":4190,"href":"http:\/\/csepelfc.hu\/index.php\/wp-json\/wp\/v2\/posts\/4188\/revisions\/4190"}],"wp:featuredmedia":[{"embeddable":true,"href":"http:\/\/csepelfc.hu\/index.php\/wp-json\/wp\/v2\/media\/4189"}],"wp:attachment":[{"href":"http:\/\/csepelfc.hu\/index.php\/wp-json\/wp\/v2\/media?parent=4188"}],"wp:term":[{"taxonomy":"category","embeddable":true,"href":"http:\/\/csepelfc.hu\/index.php\/wp-json\/wp\/v2\/categories?post=4188"},{"taxonomy":"post_tag","embeddable":true,"href":"http:\/\/csepelfc.hu\/index.php\/wp-json\/wp\/v2\/tags?post=4188"}],"curies":[{"name":"wp","href":"https:\/\/api.w.org\/{rel}","templated":true}]}}