{"id":4052,"date":"2019-04-02T18:43:47","date_gmt":"2019-04-02T17:43:47","guid":{"rendered":"http:\/\/csepelfc.hu\/?p=4052"},"modified":"2019-04-02T18:50:06","modified_gmt":"2019-04-02T17:50:06","slug":"mestermerleg-11-es-bajnoksagot-buktunk-el","status":"publish","type":"post","link":"http:\/\/csepelfc.hu\/index.php\/2019\/04\/02\/mestermerleg-11-es-bajnoksagot-buktunk-el\/","title":{"rendered":"Mesterm\u00e9rleg: &#8220;11 -es r\u00fag\u00f3 versenyt buktunk el&#8221;"},"content":{"rendered":"<p>Kies\u00e9s ellen menek\u00fcl\u0151 feln\u0151tt csapatunk idegenben tov\u00e1bbra is sikertelen, hogy Andr\u00e1shid\u00e1n is mi\u00e9rt maradt az, megtudhatjuk szakvezet\u0151nkt\u0151l.<!--more--><\/p>\n<p><strong>Tam\u00e1si Zolt\u00e1n:<\/strong> &#8211; \u00dagy n\u00e9z ki, hogy a j\u00e1t\u00e9kvezet\u0151 11- es r\u00fag\u00f3 bajnoks\u00e1got rendezett. A m\u00e9rk\u0151z\u00e9sen abszol\u00fat nem j\u00e1tszottunk al\u00e1rendelt szerepet, az els\u0151 g\u00f3lt egy kontr\u00e1b\u00f3l kaptuk, amiben alaposan k\u00f6zrej\u00e1tszott egy nagy v\u00e9delmi hiba. A m\u00e1sodik kapott g\u00f3lunk egy teljesen jogtalanul megadott 11- es ut\u00e1n sz\u00fcletett, mondom ezt az\u00e9rt, mert visszan\u00e9ztem a tal\u00e1lkoz\u00f3t. Azt k\u00f6vet\u0151en nem sokkal -az els\u0151 f\u00e9lid\u0151 lef\u00faj\u00e1sa el\u0151tt- mi kaptunk egy (megint csak er\u0151sen v\u00e9lem\u00e9nyes) 11-est, amivel sz\u00e9p\u00edteni tudtunk. A m\u00e1sodik j\u00e1t\u00e9kr\u00e9szben pr\u00f3b\u00e1lkoztunk t\u00e1mad\u00e1sokat vezetni, de sikertelen\u00fcl, azt\u00e1n pedig egy kabar\u00e9ba ill\u0151 jelenet ut\u00e1ni \u00fajabb hazai 11 -es megpecs\u00e9telte a sorsunkat. Azzal, hogy a j\u00e1t\u00e9kvezet\u0151 ilyen \u00edt\u00e9leteket hozott, alaposan &#8220;beleny\u00falt&#8221; a meccsbe, amib\u0151l \u00edgy nem is j\u00f6hett\u00fcnk ki j\u00f3l. Persze nem akarom puszt\u00e1n a <em>&#8220;b\u00edr\u00f3 sporira&#8221;<\/em> fogni a zak\u00f3t, de tal\u00e1n az is sokatmond\u00f3 t\u00e9ny, hogy a meccs folyam\u00e1n huszonvalah\u00e1ny pontr\u00fag\u00e1st r\u00fagtunk, amib\u0151l viszont \u00e9rthetetlen m\u00f3don nem mi j\u00f6tt\u00fcnk ki j\u00f3l&#8230; Sajnos az a tapasztalat, ahogy vid\u00e9kre kell utaznunk, megremegnek a l\u00e1bak, valami\u00e9rt, de, hogy mi\u00e9rt, annak az ok\u00e1t egyel\u0151re nem tudom. Az el\u0151tt\u00fcnk \u00e1ll\u00f3 h\u00e9tv\u00e9gi meccsen nyern\u00fcnk kell, mese nincs, m\u00e1r \u00edgy is nagyon neh\u00e9z helyzetbe sodortuk magunkat, amin nem szeretn\u00e9nk tov\u00e1bb rontani! \u0150sszel is volt m\u00e1r hasonl\u00f3an neh\u00e9z id\u0151szakunk,\u00a0 helyre kell tenni picit a j\u00e1t\u00e9kosokat fejben, \u00e9s akkor kil\u00e1balhatunk a g\u00f6d\u00f6rb\u0151l.<\/p>\n<p>Eml\u00e9keztet\u0151\u00fcl:<\/p>\n<p><strong>Tarr Andr\u00e1shida \u2013 Csepel FC 3:1 (2:1)<\/strong><\/p>\n<p><strong>Jv.:<\/strong> G\u00e1sp\u00e1r Andr\u00e1s (Gy\u00fcr\u00fcsi P\u00e9ter, Bar\u00e1th No\u00e9mi)<\/p>\n<p><strong>Andr\u00e1shida:<\/strong> Czirj\u00e9k Z. \u2013 T\u00f3th L. (F\u00e1bi\u00e1n K. \u201983), Simonfalvi G., Szegleti G., Tak\u00e1cs S., Kalam\u00e1r M., Bailo D., Marsai M., B\u00edr\u00f3 A., Szab\u00f3 M. (Teml\u00e9n M. \u201990), Nagy Z. <strong>Edz\u0151:<\/strong> Dobos S\u00e1ndor<\/p>\n<p><strong>Csepel FC:<\/strong> Major Barnab\u00e1s \u2013 Fisli Andr\u00e1s, Ny\u00fal Kriszti\u00e1n, M\u00e9sz\u00e1ros Roland, Szab\u00f3 P\u00e9ter (T\u00f3th M\u00e1rton \u201960), M\u00e9sz\u00e1ros L\u00e1szl\u00f3 (Zsivoczky- Pandel P\u00e9ter \u201946), Tepl\u00e1n J\u00e1nos, Balogh Mikl\u00f3s, Kocsis D\u00e1vid, Szab\u00f3 Zsombor (Torda Bence \u201950), Lass\u00fa Zsombor <strong>Edz\u0151<\/strong>: Tam\u00e1si Zolt\u00e1n<\/p>\n<p><strong>G\u00f3lszerz\u0151k:<\/strong> Szab\u00f3 M. (\u201914), Nagy Z. (\u201930, \u201954), illetve Fisli Andr\u00e1s (\u201943)<\/p>\n<div class=\"addtoany_share_save_container addtoany_content addtoany_content_bottom\">\n<div class=\"a2a_kit a2a_kit_size_16 addtoany_list\" data-a2a-url=\"http:\/\/csepelfc.hu\/index.php\/2019\/03\/31\/nb-iii-ezuttal-az-andrashida-fogott-ki-rajtunk\/\" data-a2a-title=\"NB III: ez\u00fattal az Andr\u00e1shida fogott ki rajtunk\">\n<div class=\"fb-like fb_iframe_widget\" data-href=\"http:\/\/csepelfc.hu\/index.php\/2019\/03\/31\/nb-iii-ezuttal-az-andrashida-fogott-ki-rajtunk\/\" data-width=\"90\" data-layout=\"button\" data-ref=\"addtoany\"><\/div>\n<\/div>\n<\/div>\n","protected":false},"excerpt":{"rendered":"<div class=\"mh-excerpt\"><p>Kies\u00e9s ellen menek\u00fcl\u0151 feln\u0151tt csapatunk idegenben tov\u00e1bbra is sikertelen, hogy Andr\u00e1shid\u00e1n is mi\u00e9rt maradt az, megtudhatjuk szakvezet\u0151nkt\u0151l.<\/p>\n<\/div>","protected":false},"author":4,"featured_media":4053,"comment_status":"closed","ping_status":"open","sticky":false,"template":"","format":"standard","meta":{"jetpack_publicize_message":"","jetpack_is_tweetstorm":false,"jetpack_publicize_feature_enabled":true},"categories":[1,7],"tags":[],"jetpack_publicize_connections":[],"jetpack_featured_media_url":"http:\/\/csepelfc.hu\/wp-content\/uploads\/2019\/04\/T.Z.-A.hidan_.jpeg","jetpack_sharing_enabled":true,"jetpack_shortlink":"https:\/\/wp.me\/p83FEU-13m","_links":{"self":[{"href":"http:\/\/csepelfc.hu\/index.php\/wp-json\/wp\/v2\/posts\/4052"}],"collection":[{"href":"http:\/\/csepelfc.hu\/index.php\/wp-json\/wp\/v2\/posts"}],"about":[{"href":"http:\/\/csepelfc.hu\/index.php\/wp-json\/wp\/v2\/types\/post"}],"author":[{"embeddable":true,"href":"http:\/\/csepelfc.hu\/index.php\/wp-json\/wp\/v2\/users\/4"}],"replies":[{"embeddable":true,"href":"http:\/\/csepelfc.hu\/index.php\/wp-json\/wp\/v2\/comments?post=4052"}],"version-history":[{"count":3,"href":"http:\/\/csepelfc.hu\/index.php\/wp-json\/wp\/v2\/posts\/4052\/revisions"}],"predecessor-version":[{"id":4057,"href":"http:\/\/csepelfc.hu\/index.php\/wp-json\/wp\/v2\/posts\/4052\/revisions\/4057"}],"wp:featuredmedia":[{"embeddable":true,"href":"http:\/\/csepelfc.hu\/index.php\/wp-json\/wp\/v2\/media\/4053"}],"wp:attachment":[{"href":"http:\/\/csepelfc.hu\/index.php\/wp-json\/wp\/v2\/media?parent=4052"}],"wp:term":[{"taxonomy":"category","embeddable":true,"href":"http:\/\/csepelfc.hu\/index.php\/wp-json\/wp\/v2\/categories?post=4052"},{"taxonomy":"post_tag","embeddable":true,"href":"http:\/\/csepelfc.hu\/index.php\/wp-json\/wp\/v2\/tags?post=4052"}],"curies":[{"name":"wp","href":"https:\/\/api.w.org\/{rel}","templated":true}]}}