{"id":4030,"date":"2019-03-28T08:41:46","date_gmt":"2019-03-28T07:41:46","guid":{"rendered":"http:\/\/csepelfc.hu\/?p=4030"},"modified":"2019-03-28T08:41:53","modified_gmt":"2019-03-28T07:41:53","slug":"up-veretlen-fordulon-tul","status":"publish","type":"post","link":"http:\/\/csepelfc.hu\/index.php\/2019\/03\/28\/up-veretlen-fordulon-tul\/","title":{"rendered":"UP: veretlen fordul\u00f3n t\u00fal"},"content":{"rendered":"<p>Rangad\u00f3t nyert az RKSK ellen az U19, kapusa n\u00e9lk\u00fcl szerzett pontot az U17, idegenben sim\u00e1n nyert az U15, pontot szerzett az U14.<!--more--><img loading=\"lazy\" class=\"attachment-266x266 \" src=\"http:\/\/csepelfc.hu\/wp-content\/uploads\/2019\/03\/CsepelFCU19-RKSK.jpg\" sizes=\"(max-width: 225px) 100vw, 225px\" srcset=\"http:\/\/csepelfc.hu\/wp-content\/uploads\/2019\/03\/CsepelFCU19-RKSK.jpg 1049w, http:\/\/csepelfc.hu\/wp-content\/uploads\/2019\/03\/CsepelFCU19-RKSK-253x300.jpg 253w, http:\/\/csepelfc.hu\/wp-content\/uploads\/2019\/03\/CsepelFCU19-RKSK-768x909.jpg 768w, http:\/\/csepelfc.hu\/wp-content\/uploads\/2019\/03\/CsepelFCU19-RKSK-865x1024.jpg 865w\" alt=\"\" width=\"656\" height=\"776\" \/><\/p>\n<p><strong>Borda Viktor<\/strong> :- \u00dagy k\u00e9sz\u00fclt\u00fcnk, hogy rangad\u00f3t j\u00e1tszunk az RTK- val (a tavalyi utols\u00f3 8 fordul\u00f3, valamint az idei eredm\u00e9nyeik alapj\u00e1n a bajnoks\u00e1g egyik leger\u0151sebb csapata l\u00e1togatott hozz\u00e1nk), ami be is bizonyosodott. Nem megb\u00e1ntva a t\u00f6bbi csapatot, az egyik legtudatosabban futballoz\u00f3 ellenf\u00e9l \u00e9rkezett hozz\u00e1nk \u00e9s nagyon komoly pr\u00f3bat\u00e9tel volt sz\u00e1munkra ez a tal\u00e1lkoz\u00f3. H\u00e1la istennek azonban az els\u0151 m\u00e1sodperct\u0151l fogva olyan j\u00f3l \u00e1lltak bele a meccsbe a sr\u00e1cok, olyan intenzit\u00e1ssal vetett\u00e9k bele magukat a k\u00fczdelembe, hogy gyakorlatilag egyetlen percig nem forgott vesz\u00e9lyben a gy\u0151zelem! M\u00e9g akkor sem, amikor 3:1- n\u00e9l egy viszonylag kiegyenl\u00edtett \u00f6sszecsap\u00e1st lehetett l\u00e1tni a p\u00e1ly\u00e1n.<\/p>\n<p><strong>J\u00f3k:<\/strong> Pip\u00f3 Krist\u00f3f D\u00e1niel, Kutika D\u00e1niel, Vargovics Tam\u00e1s, Kaszab Ferenc, Horv\u00e1th \u00c1kos<\/p>\n<p><img loading=\"lazy\" class=\"attachment-266x266 \" src=\"http:\/\/csepelfc.hu\/wp-content\/uploads\/2019\/03\/CsepelFCU17-RKSK.jpg\" sizes=\"(max-width: 266px) 100vw, 266px\" srcset=\"http:\/\/csepelfc.hu\/wp-content\/uploads\/2019\/03\/CsepelFCU17-RKSK.jpg 1048w, http:\/\/csepelfc.hu\/wp-content\/uploads\/2019\/03\/CsepelFCU17-RKSK-300x285.jpg 300w, http:\/\/csepelfc.hu\/wp-content\/uploads\/2019\/03\/CsepelFCU17-RKSK-768x728.jpg 768w, http:\/\/csepelfc.hu\/wp-content\/uploads\/2019\/03\/CsepelFCU17-RKSK-1024x971.jpg 1024w\" alt=\"\" width=\"619\" height=\"587\" \/><\/p>\n<p><strong>Borda Viktor:<\/strong> &#8211; Sajnos kapusaink lebetegedtek, \u00edgy mez\u0151nyj\u00e1t\u00e9kossal kellett megoldani a helyettes\u00edt\u00e9s\u00fcket. T\u00e1mad\u00f3j\u00e1t\u00e9kunk nem m\u0171k\u00f6d\u00f6tt megfelel\u0151 hat\u00e9konys\u00e1ggal, \u00edgy az els\u0151 f\u00e9lid\u0151ben nagyon g\u00f6rcs\u00f6sen, kapkodva futballoztunk&#8230; Ez tal\u00e1n annak is betudhat\u00f3, hogy a fiatalok \u00e9let\u00fckben el\u0151sz\u00f6r j\u00e1tszottak a stadion centerp\u00e1ly\u00e1j\u00e1n. Mind\u00f6ssze 45 perc alatt kellett volna el\u00e9rn\u00fcnk olyan stabil eredm\u00e9nyt, hogy a &#8220;kapusk\u00fcl\u00f6nbs\u00e9g&#8221; k\u00e9s\u0151bb ne okozzon probl\u00e9m\u00e1t. Ebben csak a m\u00e1sodik f\u00e9lid\u0151ben jutottunk valamivel el\u0151bbre, ami a j\u00e1t\u00e9kunkban is megmutatkozott, de sajnos a lehet\u0151s\u00e9geinket nem tudtuk kihaszn\u00e1lni, \u00edgy azt gondolom, hogy a v\u00e9gs\u0151 eredm\u00e9nnyel \u00f6sszess\u00e9g\u00e9ben nem lehetek el\u00e9gedetlen. Azzal term\u00e9szetesen nem vagyok el\u00e9gedett, hogy csak egy g\u00f3lt tudtunk szerezni, de ez m\u00e1r nem az az ellenf\u00e9l volt, akiknek tavaly 5 vagy 6 g\u00f3lt is r\u00fagtunk, sokkal massz\u00edvabban, tudatosabban j\u00e1tszottak, mint az el\u0151z\u0151 bajnoks\u00e1gban. Neh\u00e9z dolgunk volt, minden egyes passz\u00e9rt, l\u00f6v\u00e9s\u00e9rt k\u0151kem\u00e9nyen meg kellett k\u00fczden\u00fcnk. Mindent \u00f6sszevetve annak \u00f6r\u00fcl\u00f6k, hogy tov\u00e1bbra is harcban maradtunk a dobog\u00f3\u00e9rt.<\/p>\n<p><strong>J\u00f3k<\/strong>: Kiss M\u00e1rk, Jeszenszki Rudolf<\/p>\n<p><img loading=\"lazy\" class=\"attachment-266x266 \" src=\"http:\/\/csepelfc.hu\/wp-content\/uploads\/2019\/03\/RKSKU15-CsepelFC.jpg\" sizes=\"(max-width: 246px) 100vw, 246px\" srcset=\"http:\/\/csepelfc.hu\/wp-content\/uploads\/2019\/03\/RKSKU15-CsepelFC.jpg 1042w, http:\/\/csepelfc.hu\/wp-content\/uploads\/2019\/03\/RKSKU15-CsepelFC-278x300.jpg 278w, http:\/\/csepelfc.hu\/wp-content\/uploads\/2019\/03\/RKSKU15-CsepelFC-768x830.jpg 768w, http:\/\/csepelfc.hu\/wp-content\/uploads\/2019\/03\/RKSKU15-CsepelFC-948x1024.jpg 948w\" alt=\"\" width=\"683\" height=\"739\" \/><\/p>\n<p><strong>Elekes Zsolt:<\/strong> &#8211;<\/p>\n\n\n<figure class=\"wp-block-image\"><img src=\"http:\/\/csepelfc.hu\/wp-content\/uploads\/2019\/03\/RKSKU14-CsepelFC.jpg\" alt=\"\"\/><\/figure>\n\n\n\n<p><strong>Farkas S\u00e1ndor:<\/strong> &#8211; Az RKSK csapat\u00e1hoz l\u00e1togattunk, \u00e9s bizony meg kell vallanom, ritk\u00e1n l\u00e1tok ennyi 190 cm feletti, 13- 14 \u00e9vest egy csapatban. J\u00e1t\u00e9kosaim elsz\u00e1ntan, nagy er\u0151bedob\u00e1ssal \u00e9s egym\u00e1st seg\u00edtve j\u00e1tszottak \u00e9s b\u00e1tor j\u00e1t\u00e9kunk eredm\u00e9nyek\u00e9nt siker\u00fclt egy pontot hazahoznunk Csepelre. Mindenkinek gratul\u00e1lok.<\/p>\n","protected":false},"excerpt":{"rendered":"<div class=\"mh-excerpt\"><p>Rangad\u00f3t nyert az RKSK ellen az U19, kapusa n\u00e9lk\u00fcl szerzett pontot az U17, idegenben sim\u00e1n nyert az U15, pontot szerzett az U14.<\/p>\n<\/div>","protected":false},"author":4,"featured_media":3894,"comment_status":"closed","ping_status":"open","sticky":false,"template":"","format":"standard","meta":{"jetpack_publicize_message":"","jetpack_is_tweetstorm":false,"jetpack_publicize_feature_enabled":true},"categories":[1,3],"tags":[],"jetpack_publicize_connections":[],"jetpack_featured_media_url":"http:\/\/csepelfc.hu\/wp-content\/uploads\/2019\/02\/C\u00edmerSuperUP.jpg","jetpack_sharing_enabled":true,"jetpack_shortlink":"https:\/\/wp.me\/p83FEU-130","_links":{"self":[{"href":"http:\/\/csepelfc.hu\/index.php\/wp-json\/wp\/v2\/posts\/4030"}],"collection":[{"href":"http:\/\/csepelfc.hu\/index.php\/wp-json\/wp\/v2\/posts"}],"about":[{"href":"http:\/\/csepelfc.hu\/index.php\/wp-json\/wp\/v2\/types\/post"}],"author":[{"embeddable":true,"href":"http:\/\/csepelfc.hu\/index.php\/wp-json\/wp\/v2\/users\/4"}],"replies":[{"embeddable":true,"href":"http:\/\/csepelfc.hu\/index.php\/wp-json\/wp\/v2\/comments?post=4030"}],"version-history":[{"count":3,"href":"http:\/\/csepelfc.hu\/index.php\/wp-json\/wp\/v2\/posts\/4030\/revisions"}],"predecessor-version":[{"id":4037,"href":"http:\/\/csepelfc.hu\/index.php\/wp-json\/wp\/v2\/posts\/4030\/revisions\/4037"}],"wp:featuredmedia":[{"embeddable":true,"href":"http:\/\/csepelfc.hu\/index.php\/wp-json\/wp\/v2\/media\/3894"}],"wp:attachment":[{"href":"http:\/\/csepelfc.hu\/index.php\/wp-json\/wp\/v2\/media?parent=4030"}],"wp:term":[{"taxonomy":"category","embeddable":true,"href":"http:\/\/csepelfc.hu\/index.php\/wp-json\/wp\/v2\/categories?post=4030"},{"taxonomy":"post_tag","embeddable":true,"href":"http:\/\/csepelfc.hu\/index.php\/wp-json\/wp\/v2\/tags?post=4030"}],"curies":[{"name":"wp","href":"https:\/\/api.w.org\/{rel}","templated":true}]}}