{"id":4018,"date":"2019-03-21T08:26:10","date_gmt":"2019-03-21T07:26:10","guid":{"rendered":"http:\/\/csepelfc.hu\/?p=4018"},"modified":"2019-03-21T08:26:10","modified_gmt":"2019-03-21T07:26:10","slug":"szombati-meccs-a-bkv-ellen","status":"publish","type":"post","link":"http:\/\/csepelfc.hu\/index.php\/2019\/03\/21\/szombati-meccs-a-bkv-ellen\/","title":{"rendered":"SZOMBATI meccs a BKV ellen"},"content":{"rendered":"<p>Felh\u00edvjuk szurkol\u00f3ink figyelm\u00e9t, hogy a v\u00e1logatott m\u00e9rk\u0151z\u00e9se ok\u00e1n ez\u00fattal <strong>nem vas\u00e1rnap<\/strong>, hanem <strong>szombaton<\/strong> l\u00e9p p\u00e1ly\u00e1ra csapatunk m\u00e1rcius 23-\u00e1n 15 \u00f3r\u00e1t\u00f3l a Csepel Stadionban!<!--more--><\/p>\n<p>NB III. Nyugati csoport, 20. fordul\u00f3<\/p>\n<p><strong>Csepel FC &#8211; BKV El\u0151re<\/strong><\/p>\n<p>2019. m\u00e1rcius 23. szombat 15 \u00f3ra, Csepel Stadion<\/p>\n<p><strong>Jv:<\/strong> Dobai J\u00e1nos \/Imr\u0151 J\u00e1nos, Moln\u00e1r Istv\u00e1n\/<\/p>\n","protected":false},"excerpt":{"rendered":"<div class=\"mh-excerpt\"><p>Felh\u00edvjuk szurkol\u00f3ink figyelm\u00e9t, hogy a v\u00e1logatott m\u00e9rk\u0151z\u00e9se ok\u00e1n ez\u00fattal nem vas\u00e1rnap, hanem szombaton l\u00e9p p\u00e1ly\u00e1ra csapatunk m\u00e1rcius 23-\u00e1n 15 \u00f3r\u00e1t\u00f3l a Csepel Stadionban!<\/p>\n<\/div>","protected":false},"author":4,"featured_media":4019,"comment_status":"closed","ping_status":"open","sticky":false,"template":"","format":"standard","meta":{"jetpack_publicize_message":"","jetpack_is_tweetstorm":false,"jetpack_publicize_feature_enabled":true},"categories":[10,7],"tags":[],"jetpack_publicize_connections":[],"jetpack_featured_media_url":"http:\/\/csepelfc.hu\/wp-content\/uploads\/2019\/03\/Csepel-BKV-El\u0151rek..jpg","jetpack_sharing_enabled":true,"jetpack_shortlink":"https:\/\/wp.me\/p83FEU-12O","_links":{"self":[{"href":"http:\/\/csepelfc.hu\/index.php\/wp-json\/wp\/v2\/posts\/4018"}],"collection":[{"href":"http:\/\/csepelfc.hu\/index.php\/wp-json\/wp\/v2\/posts"}],"about":[{"href":"http:\/\/csepelfc.hu\/index.php\/wp-json\/wp\/v2\/types\/post"}],"author":[{"embeddable":true,"href":"http:\/\/csepelfc.hu\/index.php\/wp-json\/wp\/v2\/users\/4"}],"replies":[{"embeddable":true,"href":"http:\/\/csepelfc.hu\/index.php\/wp-json\/wp\/v2\/comments?post=4018"}],"version-history":[{"count":1,"href":"http:\/\/csepelfc.hu\/index.php\/wp-json\/wp\/v2\/posts\/4018\/revisions"}],"predecessor-version":[{"id":4020,"href":"http:\/\/csepelfc.hu\/index.php\/wp-json\/wp\/v2\/posts\/4018\/revisions\/4020"}],"wp:featuredmedia":[{"embeddable":true,"href":"http:\/\/csepelfc.hu\/index.php\/wp-json\/wp\/v2\/media\/4019"}],"wp:attachment":[{"href":"http:\/\/csepelfc.hu\/index.php\/wp-json\/wp\/v2\/media?parent=4018"}],"wp:term":[{"taxonomy":"category","embeddable":true,"href":"http:\/\/csepelfc.hu\/index.php\/wp-json\/wp\/v2\/categories?post=4018"},{"taxonomy":"post_tag","embeddable":true,"href":"http:\/\/csepelfc.hu\/index.php\/wp-json\/wp\/v2\/tags?post=4018"}],"curies":[{"name":"wp","href":"https:\/\/api.w.org\/{rel}","templated":true}]}}