{"id":3962,"date":"2019-03-06T22:25:39","date_gmt":"2019-03-06T21:25:39","guid":{"rendered":"http:\/\/csepelfc.hu\/?p=3962"},"modified":"2019-03-08T09:43:58","modified_gmt":"2019-03-08T08:43:58","slug":"up-itthon-jobban-idegenben-kevesbe-ment-a-szeker","status":"publish","type":"post","link":"http:\/\/csepelfc.hu\/index.php\/2019\/03\/06\/up-itthon-jobban-idegenben-kevesbe-ment-a-szeker\/","title":{"rendered":"UP: itthon jobban, idegenben kev\u00e9sb\u00e9 ment a szek\u00e9r"},"content":{"rendered":"<p>Ut\u00e1np\u00f3tl\u00e1s csapataink k\u00f6z\u00fcl a nagyobbak a BVSC edz\u0151p\u00e1ly\u00e1j\u00e1n, m\u00edg a fiatalabbak idehaza, a CSHC &#8217;94 SE, azaz a Hal\u00e1szi Focisuli ellen l\u00e9ptek p\u00e1ly\u00e1ra.<!--more--><\/p>\n<p>Az U17- es \u00e9s az U19- es egy\u00fcttes\u00fcnk a Varga Zolt\u00e1n nev\u00e9t visel\u0151 zugl\u00f3i sportp\u00e1ly\u00e1n l\u00e9ptek p\u00e1ly\u00e1ra, ami nagyp\u00e1ly\u00e1s labdar\u00fag\u00e1son k\u00edv\u00fcl sok minden m\u00e1sra alkalmas, az a t\u00e9ny sajnos nem a mieinknek kedvezett. Idehaza a ker\u00fcleti riv\u00e1lis Hal\u00e1szi Focisuli ellen vett revansot Elekes Zsolt egy\u00fcttese (U15) az \u0151szi veres\u00e9g\u00e9rt \u00e9s az U14 is k\u00f6zel \u00e1llt a brav\u00farhoz, \u00e1m v\u00e9g\u00fcl szoros veres\u00e9g lett bel\u0151le. A l\u00e1nyokn\u00e1l sajnos az id\u00e9ny eleji forma esete forgott fenn \u00dajpesten.<\/p>\n<p><img loading=\"lazy\" class=\"attachment-266x266 \" src=\"http:\/\/csepelfc.hu\/wp-content\/uploads\/2019\/03\/BVSC-Csepel-U19.jpg\" sizes=\"(max-width: 266px) 100vw, 266px\" srcset=\"http:\/\/csepelfc.hu\/wp-content\/uploads\/2019\/03\/BVSC-Csepel-U19.jpg 1055w, http:\/\/csepelfc.hu\/wp-content\/uploads\/2019\/03\/BVSC-Csepel-U19-300x240.jpg 300w, http:\/\/csepelfc.hu\/wp-content\/uploads\/2019\/03\/BVSC-Csepel-U19-768x615.jpg 768w, http:\/\/csepelfc.hu\/wp-content\/uploads\/2019\/03\/BVSC-Csepel-U19-1024x820.jpg 1024w\" alt=\"\" width=\"532\" height=\"425\" \/><\/p>\n<p><strong>Borda Viktor:<\/strong>&#8211; Edz\u0151k\u00e9nt nem tudtam lereag\u00e1lni \u00e9s megoldani azt a szitu\u00e1ci\u00f3t, amit a p\u00e1lya adotts\u00e1ga \u00e9s ellenfel\u00fcnk j\u00e1t\u00e9kmodora mutatott. Massz\u00edv v\u00e9dekez\u00e9sb\u0151l el\u0151rev\u00e1gott labd\u00e1kkal oper\u00e1ltak, gyakorlatilag egy ember tudott zavart kelteni a v\u00e9delm\u00fcnkben, aki v\u00e9g\u00fcl a g\u00f3lt is megszerezte. Ezt lesz\u00e1m\u00edtva v\u00e9gig medd\u0151 mez\u0151nyf\u00f6l\u00e9nyben j\u00e1tszottunk, \u00e1m nem tal\u00e1ltuk annak a kulcs\u00e1t, hogy hogyan t\u00f6rj\u00fck fel a h\u00e1zigazd\u00e1k v\u00e9delm\u00e9t. Mivel \u00e9n magam sem tal\u00e1ltam ennek a megold\u00e1s\u00e1t, ez\u00e9rt a csapatot sem elmarasztalni , sem felmenteni nem szeretn\u00e9m a veres\u00e9g ok\u00e1n. Ezt a tal\u00e1lkoz\u00f3t a feln\u0151tt csapatunkb\u00f3l visszaj\u00e1tsz\u00f3 labdar\u00fag\u00f3ink nyerhett\u00e9k volna meg sz\u00e1munkra az egy\u00e9ni k\u00e9pess\u00e9geik ny\u00fajtotta plusszal, \u00e1m ez most nem m\u0171k\u00f6d\u00f6tt, \u00edgy ellenfel\u00fcnk \u00f6sszess\u00e9g\u00e9ben meg\u00e9rdemelten tartotta otthon a 3 pontot. A j\u00f6v\u0151re n\u00e9zve azt szeretn\u00e9m mondani: rem\u00e9lj\u00fck, hogy sem a Csepelnek, sem a BVSC-nek nem kell soha t\u00f6bb\u00e9 ilyen gyal\u00e1zatos min\u0151s\u00e9g\u0171 \u00e9s m\u00e9ret\u0171 p\u00e1ly\u00e1n bajnoki labdar\u00fag\u00f3 m\u00e9rk\u0151z\u00e9st j\u00e1tszania egym\u00e1ssal.<\/p>\n<p><img loading=\"lazy\" class=\"attachment-266x266 \" src=\"http:\/\/csepelfc.hu\/wp-content\/uploads\/2019\/03\/BVSC-CsepelU17.jpg\" sizes=\"(max-width: 227px) 100vw, 227px\" srcset=\"http:\/\/csepelfc.hu\/wp-content\/uploads\/2019\/03\/BVSC-CsepelU17.jpg 1051w, http:\/\/csepelfc.hu\/wp-content\/uploads\/2019\/03\/BVSC-CsepelU17-257x300.jpg 257w, http:\/\/csepelfc.hu\/wp-content\/uploads\/2019\/03\/BVSC-CsepelU17-768x898.jpg 768w, http:\/\/csepelfc.hu\/wp-content\/uploads\/2019\/03\/BVSC-CsepelU17-876x1024.jpg 876w\" alt=\"\" width=\"522\" height=\"609\" \/><\/p>\n<p><strong>Borda Viktor:<\/strong>&#8211; Sajnos nem tudtunk alkalmazkodni a p\u00e1lya m\u00e9reteihez \u00e9s ellenfel\u00fcnk taktik\u00e1j\u00e1hoz, ami egy nagyon stabil, vissza\u00e1llt v\u00e9dekez\u00e9sb\u0151l \u00e1llt \u00e9s az abb\u00f3l el\u0151re rugdosott labd\u00e1kb\u00f3l igyekeztek g\u00f3lokat el\u00e9rni. Ez \u00fagy siker\u00fclt nekik, hogy gyakorlatilag g\u00f3lhelyzetet nem kialak\u00edtva \u00e1m v\u00e9delm\u00fcnket hib\u00e1ra k\u00e9nyszer\u00edtve siker\u00fclt h\u00e1romszor is mattolniuk minket. Mi ezzel szemben 6 ziccert is kialak\u00edtottunk, de ebb\u0151l csup\u00e1n egyet siker\u00fclt \u00e9rt\u00e9kes\u00edten\u00fcnk. \u00d6sszess\u00e9g\u00e9ben ellenfel\u00fcnk sikere a meccs \u00f6sszk\u00e9pe alapj\u00e1n meg\u00e9rdemelt, ugyanis helyzeteiket \u00e9s a gyal\u00e1zatos min\u0151s\u00e9g\u0171 j\u00e1t\u00e9kt\u00e9r adotts\u00e1gait jobban haszn\u00e1lt\u00e1k ki. Nek\u00fcnk rengeteg dolgunk lesz m\u00e9g azzal, hogy kik\u00fcsz\u00f6b\u00f6lj\u00fck azokat a taktikai \u00e9s v\u00e9dekez\u00e9si hi\u00e1nyoss\u00e1gokat, amelyekb\u0151l a mai napon a g\u00f3ljainkat kaptuk.<\/p>\n<p><img loading=\"lazy\" class=\"attachment-266x266 \" src=\"http:\/\/csepelfc.hu\/wp-content\/uploads\/2019\/03\/Csepel-CSHCU15.jpg\" sizes=\"(max-width: 245px) 100vw, 245px\" srcset=\"http:\/\/csepelfc.hu\/wp-content\/uploads\/2019\/03\/Csepel-CSHCU15.jpg 1046w, http:\/\/csepelfc.hu\/wp-content\/uploads\/2019\/03\/Csepel-CSHCU15-277x300.jpg 277w, http:\/\/csepelfc.hu\/wp-content\/uploads\/2019\/03\/Csepel-CSHCU15-768x833.jpg 768w, http:\/\/csepelfc.hu\/wp-content\/uploads\/2019\/03\/Csepel-CSHCU15-945x1024.jpg 945w\" alt=\"\" width=\"506\" height=\"549\" \/><\/p>\n<p><strong>Elekes Zsolt:<\/strong> &#8211; Meglehet\u0151sen neh\u00e9z talajon, helyenk\u00e9nt j\u00f3l j\u00e1tszva arattunk fontos sikert a szomsz\u00e9dv\u00e1r csapata ellen, b\u00edzom benne, hogy ennek a j\u00f3 rajtnak a lend\u00fclete min\u00e9l tov\u00e1bb kitart majd a bajnoks\u00e1gban. Szeretn\u00e9k gratul\u00e1lni U14- es egy\u00fcttes\u00fcnknek, akik alaposan megszorongatt\u00e1k ellenfel\u00fcket \u00e9s r\u00e1szolg\u00e1ltak volna legal\u00e1bb az egyik pontra. A kem\u00e9ny munka el\u0151bb-ut\u00f3bb meghozza a gy\u00fcm\u00f6lcs\u00e9t!<\/p>\n<p><img loading=\"lazy\" class=\"attachment-266x266 \" src=\"http:\/\/csepelfc.hu\/wp-content\/uploads\/2019\/03\/CsepelFC-CsHCU14.jpg\" sizes=\"(max-width: 242px) 100vw, 242px\" srcset=\"http:\/\/csepelfc.hu\/wp-content\/uploads\/2019\/03\/CsepelFC-CsHCU14.jpg 1043w, http:\/\/csepelfc.hu\/wp-content\/uploads\/2019\/03\/CsepelFC-CsHCU14-273x300.jpg 273w, http:\/\/csepelfc.hu\/wp-content\/uploads\/2019\/03\/CsepelFC-CsHCU14-768x845.jpg 768w, http:\/\/csepelfc.hu\/wp-content\/uploads\/2019\/03\/CsepelFC-CsHCU14-930x1024.jpg 930w\" alt=\"\" width=\"535\" height=\"588\" \/><\/p>\n<p><strong>Farkas S\u00e1ndor:<\/strong> &#8211; Sajnos k\u00e9t j\u00e1t\u00e9kosunkat is mell\u0151zn\u00fcnk kellett, de az elv\u00e9gzett munk\u00e1ban is b\u00edzva szerett\u00fcnk volna az \u0151szi 6:0-\u00e1s veres\u00e9gn\u00e9l jobb eredm\u00e9nyt el\u00e9rni. A most is j\u00f3l felk\u00e9sz\u00edtett bajnokes\u00e9lyes Hal\u00e1szi FS ez\u00fattal egy lesg\u00f3llal tudott nyerni 1:0-ra. Emelt f\u0151vel j\u00f6hett\u00fcnk le a p\u00e1ly\u00e1r\u00f3l, most biztosan nem lesz gond a t\u00fck\u00f6rbe n\u00e9zni. Nagyot harcolt mindenki a siker \u00e9rdek\u00e9ben \u00e9s emiatt b\u00fcszke vagyok a fi\u00fakra. Gratul\u00e1lok mindegyik\u00fcknek. Adjon nekik ez er\u0151t ahhoz, hogy tov\u00e1bbra is felv\u00e1llalj\u00e1k a fogcsikorgat\u00f3 edz\u00e9seket.<\/p>\n<p><img loading=\"lazy\" class=\"attachment-266x266 \" src=\"http:\/\/csepelfc.hu\/wp-content\/uploads\/2019\/03\/UTE-CsepelLe\u00e1nyU19.jpg\" sizes=\"(max-width: 266px) 100vw, 266px\" srcset=\"http:\/\/csepelfc.hu\/wp-content\/uploads\/2019\/03\/UTE-CsepelLe\u00e1nyU19.jpg 1047w, http:\/\/csepelfc.hu\/wp-content\/uploads\/2019\/03\/UTE-CsepelLe\u00e1nyU19-300x277.jpg 300w, http:\/\/csepelfc.hu\/wp-content\/uploads\/2019\/03\/UTE-CsepelLe\u00e1nyU19-768x709.jpg 768w, http:\/\/csepelfc.hu\/wp-content\/uploads\/2019\/03\/UTE-CsepelLe\u00e1nyU19-1024x946.jpg 1024w\" alt=\"\" width=\"668\" height=\"616\" \/><\/p>\n","protected":false},"excerpt":{"rendered":"<div class=\"mh-excerpt\"><p>Ut\u00e1np\u00f3tl\u00e1s csapataink k\u00f6z\u00fcl a nagyobbak a BVSC edz\u0151p\u00e1ly\u00e1j\u00e1n, m\u00edg a fiatalabbak idehaza, a CSHC &#8217;94 SE, azaz a Hal\u00e1szi Focisuli ellen l\u00e9ptek p\u00e1ly\u00e1ra.<\/p>\n<\/div>","protected":false},"author":4,"featured_media":3968,"comment_status":"closed","ping_status":"open","sticky":false,"template":"","format":"standard","meta":{"jetpack_publicize_message":"","jetpack_is_tweetstorm":false,"jetpack_publicize_feature_enabled":true},"categories":[1,3],"tags":[],"jetpack_publicize_connections":[],"jetpack_featured_media_url":"http:\/\/csepelfc.hu\/wp-content\/uploads\/2019\/03\/Csepel-CSHC94-2.jpg","jetpack_sharing_enabled":true,"jetpack_shortlink":"https:\/\/wp.me\/p83FEU-11U","_links":{"self":[{"href":"http:\/\/csepelfc.hu\/index.php\/wp-json\/wp\/v2\/posts\/3962"}],"collection":[{"href":"http:\/\/csepelfc.hu\/index.php\/wp-json\/wp\/v2\/posts"}],"about":[{"href":"http:\/\/csepelfc.hu\/index.php\/wp-json\/wp\/v2\/types\/post"}],"author":[{"embeddable":true,"href":"http:\/\/csepelfc.hu\/index.php\/wp-json\/wp\/v2\/users\/4"}],"replies":[{"embeddable":true,"href":"http:\/\/csepelfc.hu\/index.php\/wp-json\/wp\/v2\/comments?post=3962"}],"version-history":[{"count":4,"href":"http:\/\/csepelfc.hu\/index.php\/wp-json\/wp\/v2\/posts\/3962\/revisions"}],"predecessor-version":[{"id":3973,"href":"http:\/\/csepelfc.hu\/index.php\/wp-json\/wp\/v2\/posts\/3962\/revisions\/3973"}],"wp:featuredmedia":[{"embeddable":true,"href":"http:\/\/csepelfc.hu\/index.php\/wp-json\/wp\/v2\/media\/3968"}],"wp:attachment":[{"href":"http:\/\/csepelfc.hu\/index.php\/wp-json\/wp\/v2\/media?parent=3962"}],"wp:term":[{"taxonomy":"category","embeddable":true,"href":"http:\/\/csepelfc.hu\/index.php\/wp-json\/wp\/v2\/categories?post=3962"},{"taxonomy":"post_tag","embeddable":true,"href":"http:\/\/csepelfc.hu\/index.php\/wp-json\/wp\/v2\/tags?post=3962"}],"curies":[{"name":"wp","href":"https:\/\/api.w.org\/{rel}","templated":true}]}}