{"id":3802,"date":"2019-01-20T12:01:53","date_gmt":"2019-01-20T11:01:53","guid":{"rendered":"http:\/\/csepelfc.hu\/?p=3802"},"modified":"2019-01-20T12:02:29","modified_gmt":"2019-01-20T11:02:29","slug":"alsonemediben-futsaloztak-a-csepeli-lanyok","status":"publish","type":"post","link":"http:\/\/csepelfc.hu\/index.php\/2019\/01\/20\/alsonemediben-futsaloztak-a-csepeli-lanyok\/","title":{"rendered":"Als\u00f3n\u00e9medin futsaloztak a csepeli l\u00e1nyok"},"content":{"rendered":"<p>A Csepel FC ut\u00e1np\u00f3tl\u00e1scsapatai k\u00f6z\u00fcl az U19- es l\u00e1nyok Als\u00f3n\u00e9medin vettek r\u00e9szt egy futsaltorn\u00e1n.<!--more--><\/p>\n<p>Tak\u00e1cs Kriszti\u00e1n csapatvezet\u0151 t\u00e1j\u00e9koztat\u00e1s\u00e1b\u00f3l megtudtuk, hogy a k\u00e9k-piros amazonok az \u00d3csa feln\u0151tt csapat\u00e1t 2:1 ar\u00e1nyban m\u00falt\u00e1k fel\u00fcl, az Airenrgy&nbsp;egy\u00fcttese ugyanakkor&nbsp;h\u00e1romg\u00f3los gy\u0151zelmet aratott a mieink ellen. G\u00f3ljainkat Veres Gabriella \u00e9s Heszberger Emese&nbsp;szerezte.&nbsp;&nbsp;A besz\u00e1mol\u00f3b\u00f3l v\u00e9g\u00fcl arra is ki\u00e9rt, hogy a l\u00e1nyok \u00f6sszess\u00e9g\u00e9ben&nbsp;remek\u00fcl teljes\u00edtettek.<\/p>\n","protected":false},"excerpt":{"rendered":"<div class=\"mh-excerpt\"><p>A Csepel FC ut\u00e1np\u00f3tl\u00e1scsapatai k\u00f6z\u00fcl az U19- es l\u00e1nyok Als\u00f3n\u00e9medin vettek r\u00e9szt egy futsaltorn\u00e1n.<\/p>\n<\/div>","protected":false},"author":4,"featured_media":3803,"comment_status":"closed","ping_status":"open","sticky":false,"template":"","format":"standard","meta":{"jetpack_publicize_message":"","jetpack_is_tweetstorm":false,"jetpack_publicize_feature_enabled":true},"categories":[1,3],"tags":[],"jetpack_publicize_connections":[],"jetpack_featured_media_url":"http:\/\/csepelfc.hu\/wp-content\/uploads\/2019\/01\/U19Futsaltorna.jpg","jetpack_sharing_enabled":true,"jetpack_shortlink":"https:\/\/wp.me\/p83FEU-Zk","_links":{"self":[{"href":"http:\/\/csepelfc.hu\/index.php\/wp-json\/wp\/v2\/posts\/3802"}],"collection":[{"href":"http:\/\/csepelfc.hu\/index.php\/wp-json\/wp\/v2\/posts"}],"about":[{"href":"http:\/\/csepelfc.hu\/index.php\/wp-json\/wp\/v2\/types\/post"}],"author":[{"embeddable":true,"href":"http:\/\/csepelfc.hu\/index.php\/wp-json\/wp\/v2\/users\/4"}],"replies":[{"embeddable":true,"href":"http:\/\/csepelfc.hu\/index.php\/wp-json\/wp\/v2\/comments?post=3802"}],"version-history":[{"count":2,"href":"http:\/\/csepelfc.hu\/index.php\/wp-json\/wp\/v2\/posts\/3802\/revisions"}],"predecessor-version":[{"id":3805,"href":"http:\/\/csepelfc.hu\/index.php\/wp-json\/wp\/v2\/posts\/3802\/revisions\/3805"}],"wp:featuredmedia":[{"embeddable":true,"href":"http:\/\/csepelfc.hu\/index.php\/wp-json\/wp\/v2\/media\/3803"}],"wp:attachment":[{"href":"http:\/\/csepelfc.hu\/index.php\/wp-json\/wp\/v2\/media?parent=3802"}],"wp:term":[{"taxonomy":"category","embeddable":true,"href":"http:\/\/csepelfc.hu\/index.php\/wp-json\/wp\/v2\/categories?post=3802"},{"taxonomy":"post_tag","embeddable":true,"href":"http:\/\/csepelfc.hu\/index.php\/wp-json\/wp\/v2\/tags?post=3802"}],"curies":[{"name":"wp","href":"https:\/\/api.w.org\/{rel}","templated":true}]}}