{"id":3759,"date":"2019-01-05T18:11:45","date_gmt":"2019-01-05T17:11:45","guid":{"rendered":"http:\/\/csepelfc.hu\/?p=3759"},"modified":"2019-01-05T18:11:53","modified_gmt":"2019-01-05T17:11:53","slug":"felevi-ertekelo-blsz-u-19","status":"publish","type":"post","link":"http:\/\/csepelfc.hu\/index.php\/2019\/01\/05\/felevi-ertekelo-blsz-u-19\/","title":{"rendered":"F\u00e9l\u00e9vi \u00e9rt\u00e9kel\u0151: BLSZ U- 19"},"content":{"rendered":"<p>A Csepel FC ut\u00e1np\u00f3tl\u00e1scsapatai k\u00f6z\u00fcl az egyik legheroikusabb k\u00fczdelmet folytat\u00f3 BLSZ ifj\u00fas\u00e1gi U-19 -es egy\u00fcttes \u00e9rt\u00e9kel\u00e9se k\u00f6vetkezik a sorban, akik szinte minden meccsen m\u00e1s \u00f6ssze\u00e1ll\u00edt\u00e1sban l\u00e9ptek p\u00e1ly\u00e1ra \u0151sszel.<!--more--><\/p>\n<p>A\u00a0Kincses B\u00e9la \u00e1ltal tren\u00edrozott egy\u00fcttes a 12 csapatos bajnoks\u00e1g 10. hely\u00e9n telel. Az egy\u00fcttes elind\u00edt\u00e1s\u00e1nak nem titkolt c\u00e9lja az volt, hogy az orsz\u00e1gos bajnoks\u00e1gban kevesebb j\u00e1t\u00e9klehet\u0151s\u00e9ghez jut\u00f3 labdar\u00fag\u00f3k, a s\u00e9r\u00fcl\u00e9s\u00fckb\u0151l \u00e9p\u00fcl\u0151k vagy az esetleges lemarad\u00e1sukat behozni akar\u00f3k megfelel\u0151 mennyis\u00e9g\u0171 j\u00e9t\u00e9klehet\u0151s\u00e9ghez jussanak. Ennek\u00a0ok\u00e1n gyakran v\u00e1ltozott a csapat\u00a0\u00f6ssze\u00e1ll\u00edt\u00e1sa a bajnoki m\u00e9rk\u0151z\u00e9seken, ami j\u00f3n\u00e9h\u00e1nyszor nem kis fejt\u00f6r\u00e9st okozott a szakvezet\u0151nek. Tr\u00e9ner\u00fcnk igyekezett a lehet\u0151 legt\u00f6bbet kihozni a sr\u00e1cokb\u00f3l \u00e9s nem rejtette v\u00e9ka al\u00e1 nem egyszer kritkus v\u00e9lem\u00e9ny\u00e9t sem, ami a csapat \u00e9rdek\u00e9ben t\u00f6rt\u00e9nt. Egy biztos: Kincses B\u00e9la szakmai munk\u00e1ja, habitusa l\u00e1that\u00f3lag pozit\u00edv hat\u00e1ssal van j\u00e1t\u00e9kosaira, akik rem\u00e9lhet\u0151leg tavasszal m\u00e9g jobb eredm\u00e9nyekkel \u00f6rvendeztetik meg edz\u0151j\u00fcket \u00e9s a Csepel FC szurkol\u00f3kat is.<\/p>\n<p><strong>Kincses B\u00e9la:<\/strong> &#8211; Ny\u00e1ron a koroszt\u00e1lyok v\u00e1lt\u00e1sa komoly v\u00e1ltoz\u00e1sokat okozott, ami legjobban a mutatott teljes\u00edtm\u00e9nyen (tabell\u00e1n elfoglalt hely) l\u00e1tszik meg. T\u00f6bbsz\u00f6r nem tudtunk az adott m\u00e9rk\u0151z\u00e9sen megfelel\u0151 er\u0151t k\u00e9pviselni, ebben a folyamatban ez r\u00e9szben elfogadhat\u00f3. A j\u00e1t\u00e9klehet\u0151s\u00e9g mindenkinek adott! Vannak neh\u00e9zs\u00e9geink, ezek megold\u00e1s\u00e1n folyamatosan\u00a0dolgozunk. Kiemeln\u00e9m, hogy\u00a0a k\u00f6z\u00f6ss\u00e9g id\u0151r\u0151l-id\u0151re pozit\u00edv ir\u00e1nyban form\u00e1l\u00f3dik, az edz\u00e9seken \u00e9s a m\u00e9rk\u0151z\u00e9seken a hozz\u00e1\u00e1ll\u00e1s j\u00f3, amit lehet \u00e9s kell is m\u00e9g fokozni,\u00a0ugyanis hamarosan kezd\u0151dik a felk\u00e9sz\u00fcl\u00e9s.<\/p>\n","protected":false},"excerpt":{"rendered":"<div class=\"mh-excerpt\"><p>A Csepel FC ut\u00e1np\u00f3tl\u00e1scsapatai k\u00f6z\u00fcl az egyik legheroikusabb k\u00fczdelmet folytat\u00f3 BLSZ ifj\u00fas\u00e1gi U-19 -es egy\u00fcttes \u00e9rt\u00e9kel\u00e9se k\u00f6vetkezik a sorban, akik szinte minden meccsen m\u00e1s \u00f6ssze\u00e1ll\u00edt\u00e1sban l\u00e9ptek p\u00e1ly\u00e1ra \u0151sszel.<\/p>\n<\/div>","protected":false},"author":4,"featured_media":3764,"comment_status":"closed","ping_status":"open","sticky":false,"template":"","format":"standard","meta":{"jetpack_publicize_message":"","jetpack_is_tweetstorm":false,"jetpack_publicize_feature_enabled":true},"categories":[1,3],"tags":[],"jetpack_publicize_connections":[],"jetpack_featured_media_url":"http:\/\/csepelfc.hu\/wp-content\/uploads\/2019\/01\/10th.jpg","jetpack_sharing_enabled":true,"jetpack_shortlink":"https:\/\/wp.me\/p83FEU-YD","_links":{"self":[{"href":"http:\/\/csepelfc.hu\/index.php\/wp-json\/wp\/v2\/posts\/3759"}],"collection":[{"href":"http:\/\/csepelfc.hu\/index.php\/wp-json\/wp\/v2\/posts"}],"about":[{"href":"http:\/\/csepelfc.hu\/index.php\/wp-json\/wp\/v2\/types\/post"}],"author":[{"embeddable":true,"href":"http:\/\/csepelfc.hu\/index.php\/wp-json\/wp\/v2\/users\/4"}],"replies":[{"embeddable":true,"href":"http:\/\/csepelfc.hu\/index.php\/wp-json\/wp\/v2\/comments?post=3759"}],"version-history":[{"count":4,"href":"http:\/\/csepelfc.hu\/index.php\/wp-json\/wp\/v2\/posts\/3759\/revisions"}],"predecessor-version":[{"id":3763,"href":"http:\/\/csepelfc.hu\/index.php\/wp-json\/wp\/v2\/posts\/3759\/revisions\/3763"}],"wp:featuredmedia":[{"embeddable":true,"href":"http:\/\/csepelfc.hu\/index.php\/wp-json\/wp\/v2\/media\/3764"}],"wp:attachment":[{"href":"http:\/\/csepelfc.hu\/index.php\/wp-json\/wp\/v2\/media?parent=3759"}],"wp:term":[{"taxonomy":"category","embeddable":true,"href":"http:\/\/csepelfc.hu\/index.php\/wp-json\/wp\/v2\/categories?post=3759"},{"taxonomy":"post_tag","embeddable":true,"href":"http:\/\/csepelfc.hu\/index.php\/wp-json\/wp\/v2\/tags?post=3759"}],"curies":[{"name":"wp","href":"https:\/\/api.w.org\/{rel}","templated":true}]}}