{"id":3655,"date":"2018-12-11T18:54:05","date_gmt":"2018-12-11T17:54:05","guid":{"rendered":"http:\/\/csepelfc.hu\/?p=3655"},"modified":"2018-12-12T07:50:36","modified_gmt":"2018-12-12T06:50:36","slug":"up-sikeres-szereples-az-ercsi-teremtornan","status":"publish","type":"post","link":"http:\/\/csepelfc.hu\/index.php\/2018\/12\/11\/up-sikeres-szereples-az-ercsi-teremtornan\/","title":{"rendered":"UP: sikeres szerepl\u00e9s az Ercsi teremtorn\u00e1n"},"content":{"rendered":"<p>A nagyp\u00e1ly\u00e1s bajnoks\u00e1g befejezt\u00e9vel a Csepel FC ut\u00e1np\u00f3tl\u00e1sa is teremben folytatta szerepl\u00e9s\u00e9t, az U17 \u00e9s U19 -es egy\u00fcttes\u00fcnk Ercsiben szerepelt a hagyom\u00e1nyos Ercsi T\u00e9li Kup\u00e1n.\u00a0A torn\u00e1t v\u00e9g\u00fcl\u00a0egy I. \u00e9s egy II. helyez\u00e9ssel z\u00e1rtuk.<!--more--><\/p>\n<p>&nbsp;<\/p>\n<p><strong>K<\/strong><strong>incses B\u00e9la szakvezet\u0151:<\/strong> &#8211; Sajnos nem minden j\u00e1t\u00e9kosunk vette megfelel\u0151 komolys\u00e1ggal ezt a megh\u00edv\u00e1st, n\u00e9h\u00e1nyan eg\u00e9szen abszurd indokok miatt maradtak t\u00e1vol&#8230; Ez\u00a0 m\u00e9g egy ilyen teremtorna alkalm\u00e1val is elfogadhatatlan szer\u00e9ny v\u00e9lem\u00e9nyem szerint, amit nem is fogok elfelejteni&#8230; Akik viszont elj\u00f6ttek, azok el\u0151tt le a kalappal! \u00d6sszess\u00e9g\u00e9ben \u00e9rt\u00e9keln\u00e9m a szombaton l\u00e1tottakat: Az U19-el \u00f6t meccset j\u00e1tszottunk, abb\u00f3l egy d\u00f6ntetlen, h\u00e1rom siker\u00a0sz\u00fcletett \u00e9s az utols\u00f3 meccset buktuk el 2:0- ra, amivel v\u00e9g\u00fcl a II. helyet szerezt\u00fck meg a 4+1- es \u00f6szze\u00e1ll\u00edt\u00e1sban. Rajtunk k\u00edv\u00fcl olyan csapatok vettek r\u00e9szt, mint a III. Ker\u00fcleti TVE, a Kelen SC, a Pestszentl\u0151rinc, vagy a Hegyvid\u00e9k,\u00a0\u0151k eg\u00e9szen otthonosan mozogtak futsalban ellent\u00e9tben vel\u00fcnk, akik szinte a nagyp\u00e1ly\u00e1r\u00f3l &#8220;est\u00fcnk be&#8221; a terembe. Ehhez k\u00e9pest nem sok hi\u00e1ny\u00e9rzetem volt! Eg\u00e9szen sz\u00e9p megold\u00e1sokat is l\u00e1ttam, n\u00e9h\u00e1ny j\u00e1t\u00e9kosom igencsak kitett mag\u00e1\u00e9rt, ami\u00a0kicsit az el\u0151zetes v\u00e1rakoz\u00e1saimat is fel\u00fclm\u00falta. J\u00f3 volt a hozz\u00e1\u00e1ll\u00e1s, nem volt gond a lelkesed\u00e9ssel sem!\u00a0Magam nem szeretek nagyon d\u00edcs\u00e9rni, de ez\u00fattal azt gondolom, hogy a szerepl\u00e9s\u00fcnk minden elismer\u00e9st megillet. A kapusokt\u00f3l kezdve a cser\u00e9kig az \u00f6sszes j\u00e1t\u00e9kos teljes\u00edtm\u00e9nye el\u0151tt le a kalappal, ezt nagyon j\u00f3 volna majd tavasszal \u00a0nagyp\u00e1ly\u00e1n is viszont l\u00e1tni! Sajnos egy teljesen felesleges, buta\u00a0fegyelmezetlens\u00e9g is el\u0151fordult, ami majdnem az U17-es csapatunk els\u0151 hely\u00e9be ker\u00fclt, de emberh\u00e1tr\u00e1nyban is h\u0151siesen k\u00fczdve tudtuk megszerezni a v\u00e9gs\u0151 sikert abban a koroszt\u00e1lyban. \u00c9rdekess\u00e9g, hogy az U17-ben mi nyert\u00fcnk a III. Ker\u00fclet el\u0151tt, m\u00edg az U19-ben a Ker\u00fclet v\u00e9gzett a mieink el\u0151tt. T\u00f6bb embert is ki tudn\u00e9k emelni a j\u00e1t\u00e9kosok k\u00f6z\u00fcl, de ett\u0151l most eltekintek,\u00a0ugyanis mindent \u00f6sszevetve sikeresnek \u00e9rt\u00e9kelem a szombati megm\u00e9rettet\u00e9st- z\u00e1rta \u00e9rt\u00e9kel\u00e9s\u00e9t Kincses B\u00e9la, aki egymaga ir\u00e1ny\u00edtotta mindk\u00e9t egy\u00fcttes\u00fcnket Ercsiben.<\/p>\n<p>&nbsp;<\/p>\n","protected":false},"excerpt":{"rendered":"<div class=\"mh-excerpt\"><p>A nagyp\u00e1ly\u00e1s bajnoks\u00e1g befejezt\u00e9vel a Csepel FC ut\u00e1np\u00f3tl\u00e1sa is teremben folytatta szerepl\u00e9s\u00e9t, az U17 \u00e9s U19 -es egy\u00fcttes\u00fcnk Ercsiben szerepelt a hagyom\u00e1nyos Ercsi T\u00e9li Kup\u00e1n.\u00a0A torn\u00e1t v\u00e9g\u00fcl\u00a0egy I. \u00e9s egy <a class=\"mh-excerpt-more\" href=\"http:\/\/csepelfc.hu\/index.php\/2018\/12\/11\/up-sikeres-szereples-az-ercsi-teremtornan\/\" title=\"UP: sikeres szerepl\u00e9s az Ercsi teremtorn\u00e1n\">[tov\u00e1bb&#8230;]<\/a><\/p>\n<\/div>","protected":false},"author":4,"featured_media":3659,"comment_status":"closed","ping_status":"open","sticky":false,"template":"","format":"standard","meta":{"jetpack_publicize_message":"","jetpack_is_tweetstorm":false,"jetpack_publicize_feature_enabled":true},"categories":[1,3],"tags":[],"jetpack_publicize_connections":[],"jetpack_featured_media_url":"http:\/\/csepelfc.hu\/wp-content\/uploads\/2018\/12\/Futsal.jpg","jetpack_sharing_enabled":true,"jetpack_shortlink":"https:\/\/wp.me\/p83FEU-WX","_links":{"self":[{"href":"http:\/\/csepelfc.hu\/index.php\/wp-json\/wp\/v2\/posts\/3655"}],"collection":[{"href":"http:\/\/csepelfc.hu\/index.php\/wp-json\/wp\/v2\/posts"}],"about":[{"href":"http:\/\/csepelfc.hu\/index.php\/wp-json\/wp\/v2\/types\/post"}],"author":[{"embeddable":true,"href":"http:\/\/csepelfc.hu\/index.php\/wp-json\/wp\/v2\/users\/4"}],"replies":[{"embeddable":true,"href":"http:\/\/csepelfc.hu\/index.php\/wp-json\/wp\/v2\/comments?post=3655"}],"version-history":[{"count":5,"href":"http:\/\/csepelfc.hu\/index.php\/wp-json\/wp\/v2\/posts\/3655\/revisions"}],"predecessor-version":[{"id":3661,"href":"http:\/\/csepelfc.hu\/index.php\/wp-json\/wp\/v2\/posts\/3655\/revisions\/3661"}],"wp:featuredmedia":[{"embeddable":true,"href":"http:\/\/csepelfc.hu\/index.php\/wp-json\/wp\/v2\/media\/3659"}],"wp:attachment":[{"href":"http:\/\/csepelfc.hu\/index.php\/wp-json\/wp\/v2\/media?parent=3655"}],"wp:term":[{"taxonomy":"category","embeddable":true,"href":"http:\/\/csepelfc.hu\/index.php\/wp-json\/wp\/v2\/categories?post=3655"},{"taxonomy":"post_tag","embeddable":true,"href":"http:\/\/csepelfc.hu\/index.php\/wp-json\/wp\/v2\/tags?post=3655"}],"curies":[{"name":"wp","href":"https:\/\/api.w.org\/{rel}","templated":true}]}}