{"id":3277,"date":"2018-09-13T21:35:35","date_gmt":"2018-09-13T20:35:35","guid":{"rendered":"http:\/\/csepelfc.hu\/?p=3277"},"modified":"2018-09-13T21:35:35","modified_gmt":"2018-09-13T20:35:35","slug":"up-sikeresebb-bajnoki-folytatas","status":"publish","type":"post","link":"http:\/\/csepelfc.hu\/index.php\/2018\/09\/13\/up-sikeresebb-bajnoki-folytatas\/","title":{"rendered":"UP: sikeresebb bajnoki folytat\u00e1s"},"content":{"rendered":"<p>Az els\u0151 j\u00e1t\u00e9knaphoz k\u00e9pest javul\u00f3 tendenci\u00e1t mutatott a Csepel FC ut\u00e1np\u00f3tl\u00e1s csapatainak szerepl\u00e9se. Az elm\u00falt fordul\u00f3t javar\u00e9szt k\u00e9k-piros sikerek jellemezt\u00e9k.<!--more--><\/p>\n<p>&nbsp;<\/p>\n<p><a id=\"set-post-thumbnail\" class=\"thickbox\" href=\"http:\/\/csepelfc.hu\/wp-admin\/media-upload.php?post_id=3277&amp;type=image&amp;TB_iframe=1\" aria-describedby=\"set-post-thumbnail-desc\"><img loading=\"lazy\" class=\"attachment-266x266 \" src=\"http:\/\/csepelfc.hu\/wp-content\/uploads\/2018\/09\/Csepel-BMTE.jpg\" sizes=\"(max-width: 257px) 100vw, 257px\" srcset=\"http:\/\/csepelfc.hu\/wp-content\/uploads\/2018\/09\/Csepel-BMTE.jpg 840w, http:\/\/csepelfc.hu\/wp-content\/uploads\/2018\/09\/Csepel-BMTE-290x300.jpg 290w, http:\/\/csepelfc.hu\/wp-content\/uploads\/2018\/09\/Csepel-BMTE-768x795.jpg 768w\" alt=\"\" width=\"675\" height=\"699\" \/><\/a><\/p>\n<p><strong>Borda Viktor:<\/strong> &#8211; Ismerve az ellenf\u00e9l edz\u0151j\u00e9t, Fut\u00f3 Tam\u00e1st, sejtettem, hogy milyen jelleg\u0171 felk\u00e9sz\u00edt\u00e9sben r\u00e9szes\u00fcltek ellenfel\u00fcnk j\u00e1t\u00e9kosai, egy\u00e1ltal\u00e1n nem sz\u00e1m\u00edtottam k\u00f6nny\u0171 m\u00e9rk\u0151z\u00e9sre. Ez azonban -mint kider\u00fclt- lehetett volna nem t\u00fals\u00e1gosan izzadts\u00e1gszag\u00fa tal\u00e1lkoz\u00f3 is, hogyha a meccs els\u0151 f\u00e9lidej\u00e9ben ad\u00f3d\u00f3 ziccereinket \u00e9rt\u00e9kes\u00edtj\u00fck&#8230;\u00a0Azok viszont\u00a0sajnos jobb\u00e1ra kimaradtak, \u00f6t ziccer\u00fcnkb\u0151l csup\u00e1n egyet siker\u00fclt \u00e9rt\u00e9kes\u00edten\u00fcnk, \u00edgy 1:0-val fordultunk. Mind ez a m\u00e1sodik f\u00e9lid\u0151ben meg is bosszulta mag\u00e1t, ellenfel\u00fcnk egy sz\u00f6gletet k\u00f6vet\u0151en egyenl\u00edteni tudott, amihez j\u00f3csk\u00e1n hozz\u00e1j\u00e1rult egy v\u00e9dekez\u00e9si hib\u00e1nk. Form\u00e1l\u00f3d\u00f3 kis csapatunk erej\u00e9t azonban j\u00f3l jellemzi, hogy ebb\u0151l a helyzetb\u0151l m\u00e9gis mi j\u00f6tt\u00fcnk ki gy\u0151ztesen egy gy\u00f6ny\u00f6r\u0171 g\u00f3llal. Rendk\u00edv\u00fcl \u00f6r\u00fcl\u00f6k neki, hogy ezt a tal\u00e1lkoz\u00f3t -ahol ellenfel\u00fcnk egy\u00e1ltal\u00e1n nem adta k\u00f6nnyen mag\u00e1t- siker\u00fclt abszolv\u00e1lnunk, de az igazs\u00e1ghoz hozz\u00e1tartozik, hogy mi is j\u00f3csk\u00e1n megnehez\u00edtett\u00fck a saj\u00e1t dolgunkat. Az ilyen gy\u0151zelmeknek nagy \u00e9rt\u00e9ke van.<\/p>\n<p><strong>J\u00f3k:<\/strong> V\u00e9gh Kriszti\u00e1n, Kaszab Ferenc, Sebesty\u00e9n L\u00e1szl\u00f3<\/p>\n<p><a id=\"set-post-thumbnail\" class=\"thickbox\" href=\"http:\/\/csepelfc.hu\/wp-admin\/media-upload.php?post_id=3277&amp;type=image&amp;TB_iframe=1\" aria-describedby=\"set-post-thumbnail-desc\"><img loading=\"lazy\" class=\"attachment-266x266 \" src=\"http:\/\/csepelfc.hu\/wp-content\/uploads\/2018\/09\/Csepel-Budafok.jpg\" sizes=\"(max-width: 208px) 100vw, 208px\" srcset=\"http:\/\/csepelfc.hu\/wp-content\/uploads\/2018\/09\/Csepel-Budafok.jpg 838w, http:\/\/csepelfc.hu\/wp-content\/uploads\/2018\/09\/Csepel-Budafok-234x300.jpg 234w, http:\/\/csepelfc.hu\/wp-content\/uploads\/2018\/09\/Csepel-Budafok-768x984.jpg 768w, http:\/\/csepelfc.hu\/wp-content\/uploads\/2018\/09\/Csepel-Budafok-799x1024.jpg 799w\" alt=\"\" width=\"670\" height=\"860\" \/><\/a><\/p>\n<p><strong>Pop Rich\u00e1rd:<\/strong> &#8211; Sajnos a meccs elej\u00e9n kimaradtak a helyzeteink, de id\u0151vel ki\u00fctk\u00f6z\u00f6tt a k\u00e9t csapat k\u00f6zti k\u00fcl\u00f6nbs\u00e9g. Szemre is tetszet\u0151sen j\u00e1tszottunk, sz\u00e9p g\u00f3lokat szerezt\u00fcnk, amihez persze kellett egy ilyen &#8220;kellemes ellenf\u00e9l&#8221; is. Pozit\u00edvumnak tartom az elm\u00falt k\u00e9t meccsen szerzett 20 g\u00f3lt. Term\u00e9szetesen van m\u00e9g min jav\u00edtani \u00e9s van hova fejl\u0151dni, \u00fagy t\u00e1mad\u00e1sban, mint v\u00e9dekez\u00e9sben, de \u00f6sszess\u00e9g\u00e9ben \u00f6r\u00fcl\u00f6k a gy\u0151zelemnek, amihez gratul\u00e1lok a csapatnak!<\/p>\n<p><strong>J\u00f3k:<\/strong> az eg\u00e9sz csapat<\/p>\n<p><a id=\"set-post-thumbnail\" class=\"thickbox\" href=\"http:\/\/csepelfc.hu\/wp-admin\/media-upload.php?post_id=3277&amp;type=image&amp;TB_iframe=1\" aria-describedby=\"set-post-thumbnail-desc\"><img loading=\"lazy\" class=\"attachment-266x266 \" src=\"http:\/\/csepelfc.hu\/wp-content\/uploads\/2018\/09\/Csepel-Szent-P\u00e1l.jpg\" sizes=\"(max-width: 216px) 100vw, 216px\" srcset=\"http:\/\/csepelfc.hu\/wp-content\/uploads\/2018\/09\/Csepel-Szent-P\u00e1l.jpg 838w, http:\/\/csepelfc.hu\/wp-content\/uploads\/2018\/09\/Csepel-Szent-P\u00e1l-243x300.jpg 243w, http:\/\/csepelfc.hu\/wp-content\/uploads\/2018\/09\/Csepel-Szent-P\u00e1l-768x947.jpg 768w, http:\/\/csepelfc.hu\/wp-content\/uploads\/2018\/09\/Csepel-Szent-P\u00e1l-831x1024.jpg 831w\" alt=\"\" width=\"667\" height=\"821\" \/><\/a><\/p>\n<p><strong>Kincses B\u00e9la:<\/strong> &#8211; Az idei els\u0151 bajnokink nem az elv\u00e1r\u00e1sok szerint alakult, annak ellen\u00e9re, hogy az els\u0151 f\u00e9lid\u0151ben rengeteg helyzetet dolgoztunk ki&#8230; Ez (term\u00e9szetesen) meg is bosszulta mag\u00e1t! El\u0151sz\u00f6r egy 11-essel, majd olyan g\u00f3lokkal, melyeket nagyobb odafigyel\u00e9ssel, koncentr\u00e1ci\u00f3val elker\u00fclhett\u00fcnk volna. Ezt a meccset sanszunk volt d\u00f6ntetlenre hozni, de sajnos nem \u00e9lt\u00fcnk vele.\u00a0 Negat\u00edvum, hogy h\u00e9t(!) cser\u00e9nk ellen\u00e9re sem tudtunk \u00faj sz\u00ednt vinni a j\u00e1t\u00e9kba, ami elgondolkodtat\u00f3. Ebben a csapatban enn\u00e9l l\u00e9nyegesen t\u00f6bb van, b\u00edzom benne, hogy a k\u00f6zelj\u00f6v\u0151ben ez jobban meg is nyilv\u00e1nul majd.<\/p>\n<p><strong>J\u00f3k<\/strong>: Horv\u00e1th \u00c1kos, Kiss M\u00e1rk, Hegyes M\u00e1rton, Nagy Andr\u00e1s<\/p>\n<p><a id=\"set-post-thumbnail\" class=\"thickbox\" href=\"http:\/\/csepelfc.hu\/wp-admin\/media-upload.php?post_id=3277&amp;type=image&amp;TB_iframe=1\" aria-describedby=\"set-post-thumbnail-desc\"><img loading=\"lazy\" class=\"attachment-266x266 \" src=\"http:\/\/csepelfc.hu\/wp-content\/uploads\/2018\/09\/Csepel-Grund-FC-.jpg\" sizes=\"(max-width: 197px) 100vw, 197px\" srcset=\"http:\/\/csepelfc.hu\/wp-content\/uploads\/2018\/09\/Csepel-Grund-FC-.jpg 838w, http:\/\/csepelfc.hu\/wp-content\/uploads\/2018\/09\/Csepel-Grund-FC--223x300.jpg 223w, http:\/\/csepelfc.hu\/wp-content\/uploads\/2018\/09\/Csepel-Grund-FC--768x1035.jpg 768w, http:\/\/csepelfc.hu\/wp-content\/uploads\/2018\/09\/Csepel-Grund-FC--760x1024.jpg 760w\" alt=\"\" width=\"665\" height=\"895\" \/><\/a><\/p>\n<p><strong>Elekes Zsolt:<\/strong> &#8211;<\/p>\n<p><a id=\"set-post-thumbnail\" class=\"thickbox\" href=\"http:\/\/csepelfc.hu\/wp-admin\/media-upload.php?post_id=3277&amp;type=image&amp;TB_iframe=1\" aria-describedby=\"set-post-thumbnail-desc\"><img loading=\"lazy\" class=\"attachment-266x266 \" src=\"http:\/\/csepelfc.hu\/wp-content\/uploads\/2018\/09\/Csepel-Grund-FC.jpg\" sizes=\"(max-width: 239px) 100vw, 239px\" srcset=\"http:\/\/csepelfc.hu\/wp-content\/uploads\/2018\/09\/Csepel-Grund-FC.jpg 836w, http:\/\/csepelfc.hu\/wp-content\/uploads\/2018\/09\/Csepel-Grund-FC-270x300.jpg 270w, http:\/\/csepelfc.hu\/wp-content\/uploads\/2018\/09\/Csepel-Grund-FC-768x853.jpg 768w\" alt=\"\" width=\"674\" height=\"750\" \/><\/a><\/p>\n<p>&nbsp;<\/p>\n","protected":false},"excerpt":{"rendered":"<div class=\"mh-excerpt\"><p>Az els\u0151 j\u00e1t\u00e9knaphoz k\u00e9pest javul\u00f3 tendenci\u00e1t mutatott a Csepel FC ut\u00e1np\u00f3tl\u00e1s csapatainak szerepl\u00e9se. Az elm\u00falt fordul\u00f3t javar\u00e9szt k\u00e9k-piros sikerek jellemezt\u00e9k.<\/p>\n<\/div>","protected":false},"author":4,"featured_media":2625,"comment_status":"closed","ping_status":"open","sticky":false,"template":"","format":"standard","meta":{"jetpack_publicize_message":"","jetpack_is_tweetstorm":false,"jetpack_publicize_feature_enabled":true},"categories":[1,3],"tags":[],"jetpack_publicize_connections":[],"jetpack_featured_media_url":"http:\/\/csepelfc.hu\/wp-content\/uploads\/2018\/04\/Csepel-Dunaujvaros-2.jpg","jetpack_sharing_enabled":true,"jetpack_shortlink":"https:\/\/wp.me\/p83FEU-QR","_links":{"self":[{"href":"http:\/\/csepelfc.hu\/index.php\/wp-json\/wp\/v2\/posts\/3277"}],"collection":[{"href":"http:\/\/csepelfc.hu\/index.php\/wp-json\/wp\/v2\/posts"}],"about":[{"href":"http:\/\/csepelfc.hu\/index.php\/wp-json\/wp\/v2\/types\/post"}],"author":[{"embeddable":true,"href":"http:\/\/csepelfc.hu\/index.php\/wp-json\/wp\/v2\/users\/4"}],"replies":[{"embeddable":true,"href":"http:\/\/csepelfc.hu\/index.php\/wp-json\/wp\/v2\/comments?post=3277"}],"version-history":[{"count":5,"href":"http:\/\/csepelfc.hu\/index.php\/wp-json\/wp\/v2\/posts\/3277\/revisions"}],"predecessor-version":[{"id":3287,"href":"http:\/\/csepelfc.hu\/index.php\/wp-json\/wp\/v2\/posts\/3277\/revisions\/3287"}],"wp:featuredmedia":[{"embeddable":true,"href":"http:\/\/csepelfc.hu\/index.php\/wp-json\/wp\/v2\/media\/2625"}],"wp:attachment":[{"href":"http:\/\/csepelfc.hu\/index.php\/wp-json\/wp\/v2\/media?parent=3277"}],"wp:term":[{"taxonomy":"category","embeddable":true,"href":"http:\/\/csepelfc.hu\/index.php\/wp-json\/wp\/v2\/categories?post=3277"},{"taxonomy":"post_tag","embeddable":true,"href":"http:\/\/csepelfc.hu\/index.php\/wp-json\/wp\/v2\/tags?post=3277"}],"curies":[{"name":"wp","href":"https:\/\/api.w.org\/{rel}","templated":true}]}}