{"id":3254,"date":"2018-09-09T20:47:01","date_gmt":"2018-09-09T19:47:01","guid":{"rendered":"http:\/\/csepelfc.hu\/?p=3254"},"modified":"2018-09-09T20:51:13","modified_gmt":"2018-09-09T19:51:13","slug":"nb-iii-gyozelem-az-andashida-ellen","status":"publish","type":"post","link":"http:\/\/csepelfc.hu\/index.php\/2018\/09\/09\/nb-iii-gyozelem-az-andashida-ellen\/","title":{"rendered":"NB III: gy\u0151zelem az And\u00e1shida ellen!"},"content":{"rendered":"<p>A Csepel FC folyamatosan form\u00e1l\u00f3d\u00f3 els\u0151 csapata nem n\u00e9zett k\u00f6nny\u0171 meccs el\u00e9 a Zala megyei Andr\u00e1shida ellen, akik kor\u00e1bban s\u0171r\u0171n t\u00f6rtek borsot a mieink orra al\u00e1. Ez \u00fattal 0:1-r\u0151l siker\u00fclt ford\u00edtanunk \u00e9s megszerezni a fontos 3 pontot.<!--more--><\/p>\n<p>Tam\u00e1si Zolt\u00e1n leg\u00e9nys\u00e9ge m\u00e1r a 16. percben h\u00e1tr\u00e1nyba ker\u00fclt egy figyelmetlens\u00e9get k\u00f6vet\u0151en \u00e9s eg\u00e9szen a m\u00e1sodik j\u00e1t\u00e9kr\u00e9sz derek\u00e1ig kellett v\u00e1rni arra, hogy minden energi\u00e1t mozg\u00f3s\u00edtva megkezdj\u00fck a felz\u00e1rk\u00f3z\u00e1st, majd kisv\u00e1rtatva az el\u0151ny is. Ezt m\u00e1r nem is engedt\u00fck ki a kez\u00fcnkb\u0151l a tal\u00e1lkoz\u00f3 v\u00e9g\u00e9ig, ami azt jelenti, hogy a 9. helyre l\u00e9pt\u00fcnk fel a tabell\u00e1n.<\/p>\n<p>&nbsp;<\/p>\n<p>A m\u00e9rk\u0151z\u00e9s ONLINE tud\u00f3s\u00edt\u00e1s\u00e1t id\u00e9zz\u00fck fel a Csepel FC Facebook oldal\u00e1r\u00f3l:<\/p>\n<p>Az \u00f6ssze\u00e1ll\u00edt\u00e1sok: Andr\u00e1shida: Czirj\u00e9k &#8211; Horvath T., T\u00f3th L., Simonfalvi, Szegleti, Tak\u00e1cs S., Bailo, Ferencz, Sz\u00ed-P\u00e9ter, B\u00edr\u00f3, Nagy Z. Csepel FC: Major Barnab\u00e1s &#8211; Fisli Andr\u00e1s, M\u00e9sz\u00e1ros Roland, Szab\u00f3 P\u00e9ter, M\u00e9sz\u00e1ros L\u00e1szl\u00f3, Mank\u00f3 D\u00e1vid, Balogh Mikl\u00f3s, Tepl\u00e1n J\u00e1nos, Kocsis D\u00e1vid, Tak\u00e1cs L\u00e1szl\u00f3, Torda Bence<\/p>\n<p>17. perc:v\u00e1ratlanul vezet\u00e9st szereznek a vend\u00e9gek Tak\u00e1cs Soma r\u00e9v\u00e9n&#8230; \u00a0<strong>0:1<\/strong><br \/>\n20. perc: Torda kap j\u00f3 labd\u00e1t a jobb sz\u00e9len sz\u00e9pen h\u00faz befel\u00e9, de sajnos ut\u00e1na a r\u00f6vid sarok mell\u00e9 l\u0151&#8230;<br \/>\n24. perc: Kocsis l\u00e9p el \u0151rz\u0151j\u00e9t\u0151l a bal sz\u00e9len befel\u00e9 cselez majd l\u0151, de j\u00f3csk\u00e1n c\u00e9lt t\u00e9veszt&#8230;.<br \/>\n30. perc: Egy sz\u00f6gletet k\u00f6vet\u0151en Bailo l\u0151 14 m\u00e9terr\u0151l, de szerencs\u00e9re pont Major kez\u00e9be<\/p>\n<p>33. perc : Jobbr\u00f3l beadott labda tal\u00e1lja meg az \u00f6t\u00f6s\u00f6n bel\u00fcl \u00f3l\u00e1lkod\u00f3 M\u00e9sz\u00e1ros L\u00e1szl\u00f3t aki nagy helyzetben f\u00f6l\u00e9 fejel&#8230;Hatalmas egyenl\u00edt\u00e9si lehet\u0151s\u00e9g volt!<br \/>\n35. perc: a kil\u00e9pni k\u00e9sz\u00fcl\u0151 Kocsis D\u00e1vidot akad\u00e1lyozz\u00e1k meg a f\u00e9lp\u00e1ly\u00e1n\u00e1l szab\u00e1lytalanul de a j\u00e1t\u00e9kvezet\u0151(n\u0151) s\u00edpja n\u00e9ma marad&#8230;.\u00c9rthetetlen&#8230;.<br \/>\n40. perc: Major v\u00e9d l\u00e1bbal brav\u00farosan egy 10 m\u00e9terr\u0151l ledaott l\u00f6v\u00e9st majd a felszabad\u00edt\u00e1s ut\u00e1n Ferencz Zolt\u00e1n szerel s\u00e1rga lapot \u00e9r\u0151en&#8230;<\/p>\n<p>V\u00e9ge az I. f\u00e9lid\u0151nek, Csepel FC -Andr\u00e1shida 0:1<\/p>\n<p>Elkezd\u0151d\u00f6tt a II. f\u00e9lid\u0151, egyel\u0151re egyik csapat sem v\u00e1ltoztatott a p\u00e1ly\u00e1ra l\u00e9p\u0151k tekintet\u00e9ben&#8230;<br \/>\n51. perc: csere n\u00e1lunk: V\u00f6r\u00f6s Bence j\u00f6n be Szab\u00f3 P\u00e9ter hely\u00e9re<br \/>\n60. perc: Mank\u00f3 D\u00e1vid hely\u00e9n Moln\u00e1r Kriszti\u00e1n<br \/>\n65. perc: \u00a0<strong>G\u00d3\u00d3\u00d3L!<\/strong> A nemr\u00e9giben be\u00e1llt Moln\u00e1r Kriszti\u00e1n egy lepattan\u00f3 labd\u00e1t mintegy 18 m\u00e9terr\u0151l ballal l\u0151 a jobb sarokba, gy\u00f6ny\u00f6r\u0171 g\u00f3l volt! <strong>1:1<\/strong><br \/>\n68. perc: \u00fajabb\u00a0<strong>G\u00d3\u00d3\u00d3\u00d3L!<\/strong> M\u00e9sz\u00e1ros L\u00e1szl\u00f3 \u00f3l\u00e1lkodik a vend\u00e9gkapu el\u0151tt \u00e9s egy bead\u00e1st k\u00f6vet\u0151en a vet\u0151d\u0151 kapus mellett juttatja a h\u00e1l\u00f3ba a labd\u00e1t! <strong>2:1<\/strong><\/p>\n<p>80. perc: csere a vend\u00e9gekn\u00e9l, B\u00edr\u00f3 helyett Bont\u00f3 a p\u00e1ly\u00e1n, majd nem sokkal k\u00e9s\u0151bb Tak\u00e1cs Soma s\u00e1rgul be&#8230;<br \/>\n87. perc: Bont\u00f3 h\u00fazza meg j\u00f3l a bal sz\u00e9len, el is l\u00f6vi \u00e9lesen de Major sz\u00e9pen v\u00e9d&#8230;<br \/>\n93. perc: V\u00c9GE: <strong>Csepel FC &#8211; Andr\u00e1shida 2:1<\/strong><\/p>\n","protected":false},"excerpt":{"rendered":"<div class=\"mh-excerpt\"><p>A Csepel FC folyamatosan form\u00e1l\u00f3d\u00f3 els\u0151 csapata nem n\u00e9zett k\u00f6nny\u0171 meccs el\u00e9 a Zala megyei Andr\u00e1shida ellen, akik kor\u00e1bban s\u0171r\u0171n t\u00f6rtek borsot a mieink orra al\u00e1. Ez \u00fattal 0:1-r\u0151l siker\u00fclt <a class=\"mh-excerpt-more\" href=\"http:\/\/csepelfc.hu\/index.php\/2018\/09\/09\/nb-iii-gyozelem-az-andashida-ellen\/\" title=\"NB III: gy\u0151zelem az And\u00e1shida ellen!\">[tov\u00e1bb&#8230;]<\/a><\/p>\n<\/div>","protected":false},"author":4,"featured_media":3255,"comment_status":"closed","ping_status":"open","sticky":false,"template":"","format":"standard","meta":{"jetpack_publicize_message":"","jetpack_is_tweetstorm":false,"jetpack_publicize_feature_enabled":true},"categories":[1,7],"tags":[],"jetpack_publicize_connections":[],"jetpack_featured_media_url":"http:\/\/csepelfc.hu\/wp-content\/uploads\/2018\/09\/Csepel-Andr\u00e1shida-SC.jpg","jetpack_sharing_enabled":true,"jetpack_shortlink":"https:\/\/wp.me\/p83FEU-Qu","_links":{"self":[{"href":"http:\/\/csepelfc.hu\/index.php\/wp-json\/wp\/v2\/posts\/3254"}],"collection":[{"href":"http:\/\/csepelfc.hu\/index.php\/wp-json\/wp\/v2\/posts"}],"about":[{"href":"http:\/\/csepelfc.hu\/index.php\/wp-json\/wp\/v2\/types\/post"}],"author":[{"embeddable":true,"href":"http:\/\/csepelfc.hu\/index.php\/wp-json\/wp\/v2\/users\/4"}],"replies":[{"embeddable":true,"href":"http:\/\/csepelfc.hu\/index.php\/wp-json\/wp\/v2\/comments?post=3254"}],"version-history":[{"count":2,"href":"http:\/\/csepelfc.hu\/index.php\/wp-json\/wp\/v2\/posts\/3254\/revisions"}],"predecessor-version":[{"id":3257,"href":"http:\/\/csepelfc.hu\/index.php\/wp-json\/wp\/v2\/posts\/3254\/revisions\/3257"}],"wp:featuredmedia":[{"embeddable":true,"href":"http:\/\/csepelfc.hu\/index.php\/wp-json\/wp\/v2\/media\/3255"}],"wp:attachment":[{"href":"http:\/\/csepelfc.hu\/index.php\/wp-json\/wp\/v2\/media?parent=3254"}],"wp:term":[{"taxonomy":"category","embeddable":true,"href":"http:\/\/csepelfc.hu\/index.php\/wp-json\/wp\/v2\/categories?post=3254"},{"taxonomy":"post_tag","embeddable":true,"href":"http:\/\/csepelfc.hu\/index.php\/wp-json\/wp\/v2\/tags?post=3254"}],"curies":[{"name":"wp","href":"https:\/\/api.w.org\/{rel}","templated":true}]}}