{"id":3221,"date":"2018-09-05T23:44:21","date_gmt":"2018-09-05T22:44:21","guid":{"rendered":"http:\/\/csepelfc.hu\/?p=3221"},"modified":"2018-09-05T23:45:56","modified_gmt":"2018-09-05T22:45:56","slug":"mestermerleg-megnyert-meccset-engedtunk-ki-a-kezunkbol","status":"publish","type":"post","link":"http:\/\/csepelfc.hu\/index.php\/2018\/09\/05\/mestermerleg-megnyert-meccset-engedtunk-ki-a-kezunkbol\/","title":{"rendered":"Mesterm\u00e9rleg: &#8220;Megnyert meccset engedt\u00fcnk ki a kez\u00fcnkb\u0151l&#8221;"},"content":{"rendered":"<p>Sajnos nem siker\u00fclt m\u00e9g megszerezni\u00a0 az els\u0151 idegenbeli siker\u00e9t a Csepel FC feln\u0151tt csapat\u00e1nak, ez \u00fattal a BKV El\u0151re babr\u00e1lt ki vel\u00fcnk, holott egy darabig nek\u00fcnk \u00e1llt a z\u00e1szl\u00f3&#8230; Szakvezet\u0151nk \u00e9rt\u00e9kelt.<!--more--><\/p>\n<p><strong>Tam\u00e1si Zolt\u00e1n:<\/strong> &#8211; Egy megnyert meccset engedt\u00fcnk ki a kez\u00fcnkb\u0151l, mert 60 percig az t\u00f6rt\u00e9nt a p\u00e1ly\u00e1n, amit mi szerett\u00fcnk volna&#8230; K\u00e9t perc alatt tett\u00fck t\u00f6nkre azt, ami\u00e9rt eg\u00e9sz h\u00e9ten dolgoztunk. Ilyen hib\u00e1kat h\u00e1tul nem lehet elk\u00f6vetni&#8230; Ellenfel\u00fcnk k\u00e9tszer j\u00f6tt \u00e1t a t\u00e9rfel\u00fcnkre, s mindkett\u0151b\u0151l g\u00f3lt szerzett, ami t\u00f6bb, mint elgondolkodtat\u00f3! Nem kellet volna eljutnunk id\u00e1ig, ha az els\u0151 f\u00e9lid\u0151ben ad\u00f3d\u00f3 sz\u00e1zsz\u00e1zal\u00e9kos ziccereinket bel\u0151j\u00fck, p\u00e9ld\u00e1ul azokat, ahol egy az egyben vezett\u00fck r\u00e1 az ellenf\u00e9l kapus\u00e1ra a labd\u00e1t, de egyszer sem tudtunk \u00e9lni vele. A m\u00e1sodik f\u00e9lid\u0151ben is voltak lehet\u0151s\u00e9geink de azokb\u00f3l sem l\u0151tt\u00fcnk g\u00f3lt,\u00a0b\u00e1r egy teljesen egy\u00e9rtelm\u0171 11-es szitu\u00e1ci\u00f3n\u00e1l a j\u00e1t\u00e9kvezet\u0151 s\u00edpja -\u00e9rthetetlen m\u00f3don- n\u00e9ma maradt&#8230;\u00a0A lef\u00faj\u00e1s el\u0151tt, hazai vezet\u00e9sn\u00e9l pedig\u00a019-re h\u00faztunk lapot, el\u0151rement a kapusunk is\u00a0g\u00f3lszerz\u00e9s rem\u00e9ny\u00e9ben, de sajnos ism\u00e9t a BKV j\u00f6tt ki j\u00f3l a szitu\u00e1ci\u00f3b\u00f3l.<\/p>\n<p>&nbsp;<\/p>\n<p>Eml\u00e9keztet\u0151\u00fcl:<\/p>\n<p><strong>BKV El\u0151re \u2013 Csepel FC 3:1 (0:1)<\/strong><\/p>\n<p>Budapest, Sport utca, BKV El\u0151re sporttelep<\/p>\n<p><strong>Jv:<\/strong> M\u00f3ri Tam\u00e1s (P\u00e9ntek Zsuzsanna, M\u00f3ri Viktor)<\/p>\n<p><strong>BKV El\u0151re:<\/strong> Pal\u00e1sthy D. \u2013 Irmes D., T\u00f3th K., Ferk\u00f3 \u00c1., Bata Cs., Csan\u00e1losi P.(Balogh B.), R\u00e1kos B., S\u00e1nta A.(Szedlacsek J.), Banai B.(Ihos \u00c1.), K\u00e1lm\u00e1n Zs., Mikl\u00f3sv\u00e1ri J. Edz\u0151: Menczeles Iv\u00e1n<\/p>\n<p><strong>Csepel FC:<\/strong> Major Barnab\u00e1s \u2013 Fisli Andr\u00e1s, M\u00e9sz\u00e1ros Roland, Szab\u00f3 P\u00e9ter (Moln\u00e1r Kriszti\u00e1n), M\u00e9sz\u00e1ros L\u00e1szl\u00f3, Mank\u00f3 D\u00e1vid (T\u00f3th M\u00e1rton), V\u00f6r\u00f6s Bence (Szab\u00f3 Erik), Tepl\u00e1n J\u00e1nos, Kocsis D\u00e1vid, Tak\u00e1cs L\u00e1szl\u00f3, Torda Bence Edz\u0151: Tam\u00e1si Zolt\u00e1n<\/p>\n<p><strong>G.:<\/strong> Bata Csongor \u201962, Balogh Bence \u201964, Balogh Bence \u201993, ill. <strong>Torda Bence \u201919<\/strong><\/p>\n","protected":false},"excerpt":{"rendered":"<div class=\"mh-excerpt\"><p>Sajnos nem siker\u00fclt m\u00e9g megszerezni\u00a0 az els\u0151 idegenbeli siker\u00e9t a Csepel FC feln\u0151tt csapat\u00e1nak, ez \u00fattal a BKV El\u0151re babr\u00e1lt ki vel\u00fcnk, holott egy darabig nek\u00fcnk \u00e1llt a z\u00e1szl\u00f3&#8230; Szakvezet\u0151nk <a class=\"mh-excerpt-more\" href=\"http:\/\/csepelfc.hu\/index.php\/2018\/09\/05\/mestermerleg-megnyert-meccset-engedtunk-ki-a-kezunkbol\/\" title=\"Mesterm\u00e9rleg: &#8220;Megnyert meccset engedt\u00fcnk ki a kez\u00fcnkb\u0151l&#8221;\">[tov\u00e1bb&#8230;]<\/a><\/p>\n<\/div>","protected":false},"author":4,"featured_media":3223,"comment_status":"closed","ping_status":"open","sticky":false,"template":"","format":"standard","meta":{"jetpack_publicize_message":"","jetpack_is_tweetstorm":false,"jetpack_publicize_feature_enabled":true},"categories":[1,7],"tags":[],"jetpack_publicize_connections":[],"jetpack_featured_media_url":"http:\/\/csepelfc.hu\/wp-content\/uploads\/2018\/09\/TamasiBKV-n.jpg","jetpack_sharing_enabled":true,"jetpack_shortlink":"https:\/\/wp.me\/p83FEU-PX","_links":{"self":[{"href":"http:\/\/csepelfc.hu\/index.php\/wp-json\/wp\/v2\/posts\/3221"}],"collection":[{"href":"http:\/\/csepelfc.hu\/index.php\/wp-json\/wp\/v2\/posts"}],"about":[{"href":"http:\/\/csepelfc.hu\/index.php\/wp-json\/wp\/v2\/types\/post"}],"author":[{"embeddable":true,"href":"http:\/\/csepelfc.hu\/index.php\/wp-json\/wp\/v2\/users\/4"}],"replies":[{"embeddable":true,"href":"http:\/\/csepelfc.hu\/index.php\/wp-json\/wp\/v2\/comments?post=3221"}],"version-history":[{"count":3,"href":"http:\/\/csepelfc.hu\/index.php\/wp-json\/wp\/v2\/posts\/3221\/revisions"}],"predecessor-version":[{"id":3225,"href":"http:\/\/csepelfc.hu\/index.php\/wp-json\/wp\/v2\/posts\/3221\/revisions\/3225"}],"wp:featuredmedia":[{"embeddable":true,"href":"http:\/\/csepelfc.hu\/index.php\/wp-json\/wp\/v2\/media\/3223"}],"wp:attachment":[{"href":"http:\/\/csepelfc.hu\/index.php\/wp-json\/wp\/v2\/media?parent=3221"}],"wp:term":[{"taxonomy":"category","embeddable":true,"href":"http:\/\/csepelfc.hu\/index.php\/wp-json\/wp\/v2\/categories?post=3221"},{"taxonomy":"post_tag","embeddable":true,"href":"http:\/\/csepelfc.hu\/index.php\/wp-json\/wp\/v2\/tags?post=3221"}],"curies":[{"name":"wp","href":"https:\/\/api.w.org\/{rel}","templated":true}]}}