{"id":3157,"date":"2018-08-24T17:25:10","date_gmt":"2018-08-24T16:25:10","guid":{"rendered":"http:\/\/csepelfc.hu\/?p=3157"},"modified":"2018-09-03T18:59:35","modified_gmt":"2018-09-03T17:59:35","slug":"futball-ejszakaja-csepelen-is-regisztracio","status":"publish","type":"post","link":"http:\/\/csepelfc.hu\/index.php\/2018\/08\/24\/futball-ejszakaja-csepelen-is-regisztracio\/","title":{"rendered":"Futball \u00c9jszak\u00e1ja Csepelen is! &#8211; Regisztr\u00e1ci\u00f3!"},"content":{"rendered":"<p>Nem kevesebb, mint k\u00e9t h\u00e9t m\u00falva p\u00e9nteken egy \u00faj, orsz\u00e1gos m\u00e9ret\u0171\u00a0program veszi kezdet\u00e9t labdar\u00fag\u00e1sban is, amihez NBI-es \u00e9s NBII-es egyes\u00fcleteken k\u00edv\u00fcl csatlakozott klubunk a Csepel FC is!<!--more--><br \/>\nA hazai labdar\u00fag\u00f3 egyes\u00fcletek \u00e9s a labdar\u00fag\u00e1s n\u00e9pszer\u0171s\u00edt\u00e9s\u00e9\u00e9rt rendezik meg els\u0151 alkalommal 2018. szeptember 7-\u00e9n, p\u00e9nteken &#8220;A Futball \u00c9jszak\u00e1ja&#8221; esem\u00e9nyt, amelyhez m\u00e1r 21 alakulat csatlakozott. Alapvet\u0151en NB1-es \u00e9s NB2-es csapatok k\u00e9sz\u00fclnek programokkal aznap, de t\u00f6bb NB3-as klub, k\u00f6zt\u00fck a Csepel FC\u00a0is jelezte r\u00e9szv\u00e9teli sz\u00e1nd\u00e9k\u00e1t, illetve olyan megyesz\u00e9khelyeken is lesznek foglalkoz\u00e1sok, ahol jelenleg nincs els\u0151-, vagy m\u00e1sodoszt\u00e1ly\u00fa t\u00e1rsas\u00e1g.<\/p>\n<p>Egyes\u00fclet\u00fcnk\u00a0klubt\u00f6rt\u00e9neti ki\u00e1ll\u00edt\u00e1ssal, kerekasztal besz\u00e9lget\u00e9sekkel k\u00e9sz\u00fcl, ahol a r\u00e9sztvev\u0151k fel is tehetik k\u00e9rd\u00e9seiket a klub nagy m\u00falt\u00fa j\u00e1t\u00e9kosainak. A csepeli rendezv\u00e9ny &#8220;arca&#8221; Fat\u00e9r K\u00e1roly olimpiai bajnok labdar\u00fag\u00f3 lesz, aki el is fogadta a megh\u00edv\u00e1sunkat \u00e9s rem\u00e9nyeink szerint szem\u00e9lyesen is jelen lesz a programon. \u00c9rdemes lesz ell\u00e1togatni a helysz\u00ednre, mert rajta k\u00edv\u00fcl is sz\u00e1mos olyan sportember kapott megh\u00edv\u00e1st, akik\u00a0a csepeli labdar\u00fag\u00e1s felejthetetlen\u00a0id\u0151szakainak r\u00e9sztvev\u0151i voltak ak\u00e1r labdar\u00fag\u00f3k\u00e9nt, ak\u00e1r szakvezet\u0151k\u00e9nt!<\/p>\n<p>A program:<\/p>\n<p><strong>17 \u00f3ra<\/strong> Kapunyit\u00e1s<\/p>\n<p>T\u00e1rlat a Csepel FC m\u00faltj\u00e1b\u00f3l \u00e9s E- Sport bemutat\u00f3 a rendezv\u00e9ny eg\u00e9sz ideje alatt<\/p>\n<p><strong>Helysz\u00edn:<\/strong> A jat\u00e9koskij\u00e1r\u00f3 el\u0151tti ter\u00fclet (Stadion)<\/p>\n<p><strong>K\u00f6sz\u00f6nt\u00f5<\/strong><\/p>\n<p><strong>17:15 \u00f3ra<\/strong> Kerekasztal besz\u00e9lget\u00e9s\u00a0<em>&#8221; A Csepeli labdar\u00fag\u00e1s dics\u0151 m\u00faltja&#8221;<\/em><\/p>\n<p><strong>18 \u00f3ra<\/strong> Csepel &#8220;All Stars&#8221; labdar\u00fag\u00f3 m\u00e9rk\u0151z\u00e9s ( a\u00a0Csepel SC\u00a0egykori meghat\u00e1roz\u00f3 labdar\u00fag\u00f3ib\u00f3l \u00f6ssze\u00e1ll\u00edtott csapatok\u00a0m\u00e9rk\u0151z\u00e9se)<\/p>\n<p><strong>19:30<\/strong> Z\u00e1r\u00f3-besz\u00e9lget\u00e9s<\/p>\n<p>&nbsp;<\/p>\n<p>A <strong>&#8220;Futball \u00c9jszak\u00e1ja&#8221;<\/strong> programjai r\u00e9szben el\u0151zetes <strong>regisztr\u00e1ci\u00f3hoz k\u00f6t\u00f6ttek<\/strong>, amit az \u00e9rdekl\u0151d\u0151k\u00a0<a href=\"https:\/\/futballejszakaja.hu\/\">https:\/\/futballejszakaja.hu\/<\/a> oldalon tehetnek meg. A rendezv\u00e9ny bel\u00e9p\u0151 d\u00edja gyermekek sz\u00e1m\u00e1ra 100, m\u00edg a feln\u0151ttek r\u00e9sz\u00e9re 500 forint. A karszalag a kiv\u00e1lasztott stadionn\u00e1l v\u00e1lthat\u00f3 meg, s az ott \u00e1tvett karpereccel az \u00f6sszes helysz\u00edn megl\u00e1togathat\u00f3.<\/p>\n<p>&nbsp;<\/p>\n<p>&nbsp;<\/p>\n<p>&nbsp;<\/p>\n<p>&nbsp;<\/p>\n<p class=\"western\" align=\"justify\">\n","protected":false},"excerpt":{"rendered":"<div class=\"mh-excerpt\"><p>Nem kevesebb, mint k\u00e9t h\u00e9t m\u00falva p\u00e9nteken egy \u00faj, orsz\u00e1gos m\u00e9ret\u0171\u00a0program veszi kezdet\u00e9t labdar\u00fag\u00e1sban is, amihez NBI-es \u00e9s NBII-es egyes\u00fcleteken k\u00edv\u00fcl csatlakozott klubunk a Csepel FC is!<\/p>\n<\/div>","protected":false},"author":4,"featured_media":3160,"comment_status":"closed","ping_status":"open","sticky":false,"template":"","format":"standard","meta":{"jetpack_publicize_message":"","jetpack_is_tweetstorm":false,"jetpack_publicize_feature_enabled":true},"categories":[1,10,7],"tags":[],"jetpack_publicize_connections":[],"jetpack_featured_media_url":"http:\/\/csepelfc.hu\/wp-content\/uploads\/2018\/08\/KSPLAKAT.jpg","jetpack_sharing_enabled":true,"jetpack_shortlink":"https:\/\/wp.me\/p83FEU-OV","_links":{"self":[{"href":"http:\/\/csepelfc.hu\/index.php\/wp-json\/wp\/v2\/posts\/3157"}],"collection":[{"href":"http:\/\/csepelfc.hu\/index.php\/wp-json\/wp\/v2\/posts"}],"about":[{"href":"http:\/\/csepelfc.hu\/index.php\/wp-json\/wp\/v2\/types\/post"}],"author":[{"embeddable":true,"href":"http:\/\/csepelfc.hu\/index.php\/wp-json\/wp\/v2\/users\/4"}],"replies":[{"embeddable":true,"href":"http:\/\/csepelfc.hu\/index.php\/wp-json\/wp\/v2\/comments?post=3157"}],"version-history":[{"count":7,"href":"http:\/\/csepelfc.hu\/index.php\/wp-json\/wp\/v2\/posts\/3157\/revisions"}],"predecessor-version":[{"id":3215,"href":"http:\/\/csepelfc.hu\/index.php\/wp-json\/wp\/v2\/posts\/3157\/revisions\/3215"}],"wp:featuredmedia":[{"embeddable":true,"href":"http:\/\/csepelfc.hu\/index.php\/wp-json\/wp\/v2\/media\/3160"}],"wp:attachment":[{"href":"http:\/\/csepelfc.hu\/index.php\/wp-json\/wp\/v2\/media?parent=3157"}],"wp:term":[{"taxonomy":"category","embeddable":true,"href":"http:\/\/csepelfc.hu\/index.php\/wp-json\/wp\/v2\/categories?post=3157"},{"taxonomy":"post_tag","embeddable":true,"href":"http:\/\/csepelfc.hu\/index.php\/wp-json\/wp\/v2\/tags?post=3157"}],"curies":[{"name":"wp","href":"https:\/\/api.w.org\/{rel}","templated":true}]}}