{"id":2918,"date":"2018-06-20T14:06:43","date_gmt":"2018-06-20T13:06:43","guid":{"rendered":"http:\/\/csepelfc.hu\/?p=2918"},"modified":"2018-06-21T05:37:31","modified_gmt":"2018-06-21T04:37:31","slug":"up-lellen-is-villantottunk-valamit-a-csepeli-virtusbol","status":"publish","type":"post","link":"http:\/\/csepelfc.hu\/index.php\/2018\/06\/20\/up-lellen-is-villantottunk-valamit-a-csepeli-virtusbol\/","title":{"rendered":"UP: Lell\u00e9n is villantottunk valamit a csepeli virtusb\u00f3l!"},"content":{"rendered":"<p>A Csepel FC ut\u00e1np\u00f3tl\u00e1s koroszt\u00e1lyai torn\u00e1r\u00f3l-torn\u00e1ra j\u00e1rnak az orsz\u00e1gban a ny\u00e1ri bajnoki sz\u00fcnetben. J\u00fanius 16-17- \u00e9n Balatonlell\u00e9n az I. Lelle Kup\u00e1n vett\u00fcnk r\u00e9szt \u00e9s egyik koroszt\u00e1lyban sem vallottunk sz\u00e9gyent. S\u0151t!<!--more--><\/p>\n<p>Akik nem voltak j\u00e1ratosak Lell\u00e9n, igencsak nehezen akadtak r\u00e1 szombat reggel a helyi sporttelepre, ami az \u00fczletsorok m\u00f6g\u00f6tt b\u00fajik meg, de amennyire neh\u00e9z volt\u00a0megtal\u00e1lni, olyan remek k\u00f6r\u00fclm\u00e9nyek fogadt\u00e1k a gyerekeket j\u00fanius harmadik h\u00e9tv\u00e9g\u00e9j\u00e9n. Az U7-t\u0151l az U12-es koroszt\u00e1lyig bez\u00e1r\u00f3lag meglehet\u0151sen sok csapat tette tisztelet\u00e9t a Balaton d\u00e9li partj\u00e1n, ahol el\u0151sz\u00f6r a legfiatalabbak m\u00e9rt\u00e9k \u00f6ssze tud\u00e1sukat. A Kincses \u00c1d\u00e1m,\u00a0Horv\u00e1th Csaba, Szab\u00f3 Zolt\u00e1n, Szab\u00f3 Tibor, Pop Rich\u00e1rd, B\u0151hm Zolt\u00e1n\u00a0\u00e9s Elekes Zsolt\u00a0szakmai team vezette\u00a0csepeli futball- pal\u00e1nt\u00e1k olyan csapatok t\u00e1rsas\u00e1g\u00e1ban versengtek, mint a RAFC, a III. Ker\u00fclet,\u00a0 a Tolna VFC, a Szigetv\u00e1r, a Kelen SC, a Sze-Fi, a Dunakanyar r\u00e9gi\u00f3 UFC, a Si\u00f3fok, a Szeged, az \u00dajpest FC, a Hal\u00e1szi Focisuli, a Csep- G\u00f3l FC, a Duna\u00fajv\u00e1ros, az ASI Dinamo, a V\u00e1rosgazda UA, az Ikarus, a P\u00e9csi MFC, a Nagyk\u00e1ta, a Magl\u00f3d, a Gy\u00f6ngy\u00f6s, a Borsod FC Miskolc vagy \u00e9ppen a \u00a0Gloriett SE.<\/p>\n<p>Fiataljaink nagy el\u00e1nnal vetett\u00e9k bele magukat a k\u00fczdelmekbe, a kicsikn\u00e9l \u00e9s a nagyobbakn\u00e1l is megalkuv\u00e1st nem t\u0171r\u0151en, lelkesen \u00e9s helyenk\u00e9nt magabiztos gy\u0151zelmeket aratva jutottak tov\u00e1bb szinte minden csoportb\u00f3l. A helyoszt\u00f3kon azt\u00e1n\u00a0kisebb koroszt\u00e1lyaink b\u0151ven az \u00e9lmez\u0151nyben v\u00e9geztek, bizony\u00edtva, hogy cseppet sem l\u00f3gnak ki ak\u00e1r az\u00a0I. &#8211; II. oszt\u00e1ly\u00fa egyletek ut\u00e1np\u00f3tl\u00e1scsapatai k\u00f6z\u00fcl.<\/p>\n<p>K\u00fcl\u00f6n\u00f6sen \u00e9rdekes volt l\u00e1tni az Elekes Zsolt vezette Csepel FC\u00a0U12 csapat\u00e1t, akik apait-anyait beleadva, n\u00e9ha kil\u00e1t\u00e1stalannak t\u0171n\u0151 helyzetekb\u0151l is talpra \u00e1llva szerezt\u00e9k meg a csoportgy\u0151zelmet, majd haladtak tov\u00e1bb egyre nehezebb \u00e9s nehezebb (s\u0151t nem egyszer korosabb&#8230; )\u00a0ellenfelekkel farkasszemet n\u00e9zve, s v\u00e9g\u00fcl s\u00e9r\u00fcl\u00e9sekt\u0151l is tizedelve az el\u0151kel\u0151 IV. helyet szerezt\u00e9k meg a 19 csapatos mez\u0151nyben. K\u00fcl\u00f6n dics\u00e9ret illeti a csapatot naps\u00fct\u00e9sben \u00e9s\u00a0es\u0151ben is folyamatosan\u00a0t\u00e1mogat\u00f3 (sz\u00fcl\u0151i)szurkol\u00f3t\u00e1bort, akik eg\u00e9szen a Csep- G\u00f3l FC elleni gig\u00e1szi bronzcsata v\u00e9g\u00e9ig \u0171zt\u00e9k-hajtott\u00e1k a sr\u00e1cokat. Ott v\u00e9g\u00fcl\u00a0hatalmas csat\u00e1ban, csup\u00e1n b\u00fcntet\u0151-p\u00e1rbajban maradtak alul a mieink, de \u00edgy is er\u0151n fel\u00fcl teljes\u00edtve, felemelt fejjel j\u00f6hettek le a p\u00e1ly\u00e1r\u00f3l.<\/p>\n<p><em>Cseppet sem\u00a0mindennapi, ugyanakkor felemel\u0151 momentuma volt ennek a meccsnek, hogy a Csep- G\u00f3l \u00e9s a Csepel FC szurkol\u00f3k k\u00f6zvetlen egym\u00e1s mellett buzd\u00edtott\u00e1k \u00f6v\u00e9iket, s tett\u00e9k mindezt a legsportszer\u0171bb m\u00f3don, \u00fagy ahogy az a &#8220;Nagyk\u00f6nyvben&#8221; meg vagyon \u00edrva. Nem meglep\u0151, hogy a k\u00e9t csepeli csapat k\u00f6z\u00f6s fot\u00f3t is k\u00e9sz\u00edtett az \u00f6sszecsap\u00e1st k\u00f6vet\u0151en. <\/em>L\u00e1m-l\u00e1m, bizony \u00edgy is lehet&#8230;<\/p>\n<p>A torna m\u00e1sodik napj\u00e1n a 2008 -as koroszt\u00e1lyunk l\u00e9pett p\u00e1ly\u00e1ra, akik k\u00e9t veres\u00e9ggel kezdtek, majd gy\u0151zelmeiket k\u00f6vet\u0151en csoportm\u00e1sodikk\u00e9nt mentek tov\u00e1bb. Ezt k\u00f6vet\u0151en 1:0-ra kikaptak a Si\u00f3fokt\u00f3l, ami azt jelentette, hogy az 5-8. hely\u00e9rt m\u00e9rk\u0151zhettek. Ott\u00a0k\u00e9t sikerrel megv\u00edvott tal\u00e1lkoz\u00f3t j\u00e1tszottak a sr\u00e1cok, \u00edgy az el\u0151kel\u0151 5. helyen fejezt\u00e9k be a torn\u00e1t.<\/p>\n<p><strong>Szab\u00f3 Tibor<\/strong> \u00edgy l\u00e1tta\u00a0 a t\u00f6rt\u00e9nteket: &#8211; Egyes\u00fclet\u00fcnk U7-U8-U9-es koroszt\u00e1lyai sz\u00ednvonalas, amolyan szezonz\u00e1r\u00f3 torn\u00e1n vehettek r\u00e9szt Balatonlell\u00e9n. A legkisebbek szerepl\u00e9se ez \u00fattal is &#8220;sz\u00e1rnypr\u00f3b\u00e1lgat\u00f3&#8221; jelleg\u0171 volt, ugyanis alakul\u00f3f\u00e9lben l\u00e9v\u0151 csapatr\u00f3l van sz\u00f3, akik r\u00e1ad\u00e1sul t\u00f6bbnyire id\u0151sebb gyerekek ellen l\u00e9ptek p\u00e1ly\u00e1ra. Mind ezek mellett l\u00e1thattunk remek egy\u00e9ni megmozdul\u00e1sokat, ami -b\u00e1r k\u00f6zhelyesnek t\u0171nhet-\u00a0biztat\u00f3 lehet a j\u00f6v\u0151re n\u00e9zve. A 2009-2010-es koroszt\u00e1ly m\u00e1r komolyabb es\u00e9lyekkel v\u00e1ghatott neki a k\u00fczdelmeknek a gyerekek kvalit\u00e1sa\u00a0\u00e9s az eddig\u00a0el\u00e9rt eredm\u00e9nyek ok\u00e1n. A 20 csapatos mez\u0151nyben k\u00e9t egy\u00fcttessel is k\u00e9pviseltett\u00fck magunkat, akik az el\u00e9rt 6. illetve 8. hely\u00fckkel ism\u00e9t bizony\u00edtott\u00e1k, hogy orsz\u00e1gos szinten is \u00fct\u0151k\u00e9pes alakulatr\u00f3l besz\u00e9lhet\u00fcnk. \u00d6sszess\u00e9g\u00e9ben el\u00e9gedettek lehet\u00fcnk legifjabb szekci\u00f3nk\u00a0mutatott j\u00e1t\u00e9k\u00e1val, csak\u00fagy mint eg\u00e9sz \u00e9ves szerepl\u00e9s\u00fckkel. Az edz\u00e9sek a vak\u00e1ci\u00f3 ideje alatt sz\u00fcnetelnek, a munk\u00e1t augusztus v\u00e9g\u00e9n folytatjuk, s b\u00edzunk benne, hogy\u00a0n\u00e9h\u00e1nyan m\u00e9g csatlakoznak majd a Csepel FC kis koroszt\u00e1lyaihoz a felk\u00e9sz\u00fcl\u00e9si id\u0151szakban is!<\/p>\n<p><strong>Pop Rich\u00e1rd<\/strong> \u00edgy \u00e9rt\u00e9kelt koroszt\u00e1lyos csapata\u00a0k\u00f6z\u00f6ss\u00e9gi oldal\u00e1n:- Elj\u00f6tt a csapat \u00e9let\u00e9be a nap, amikor egy h\u00fasz csapatos torn\u00e1n a 6. hellyel m\u00e1r el\u00e9gedetlen vagyok, ak\u00e1rcsak a m\u00falt heti (Hajd\u00fan\u00e1n\u00e1s) 4. helyez\u00e9ssel. Ez annak a munk\u00e1nak k\u00f6sz\u00f6nhet\u0151, amit eddig elv\u00e9gezt\u00fcnk. Nagyon nagy fejl\u0151d\u00e9sen ment \u00e1t a csapat, azt gondolom, hogy felz\u00e1rk\u00f3ztunk az els\u0151 oszt\u00e1ly\u00fa klubok m\u00f6g\u00e9, s b\u00e1r nem \u00e9rt\u00fck be \u0151ket, de egy j\u00f3l fel\u00e9ptett, egym\u00e1sra \u00e9p\u00fcl\u0151 k\u00e9pz\u00e9ssel m\u00e9g jobban felz\u00e1rk\u00f3zhatunk! B\u00fcszk\u00e9k lehet\u00fcnk a gyerekekre! J\u00f3 pihen\u00e9st, nyaral\u00e1st, felt\u00f6lt\u0151d\u00e9st k\u00edv\u00e1nok mindenkinek!<\/p>\n<p><strong>Kincses \u00c1d\u00e1m<\/strong> ut\u00e1np\u00f3tl\u00e1s vezet\u0151nk sem volt el\u00e9gedetlen: &#8211; Egym\u00e1st k\u00f6vet\u0151 m\u00e1sodik h\u00e9tv\u00e9g\u00e9n vett\u00fcnk r\u00e9szt k\u00e9t napos torn\u00e1n a csapatokkal, ez\u00fattal mintegy 70 f\u0151vel k\u00e9pviseltett\u00fck magunkat az I. Lelle Kup\u00e1n. \u00d6r\u00f6m volt l\u00e1tni, hogy a gyerekek javar\u00e9szt m\u00e1r hozz\u00e1szoktak a reggeli utaz\u00e1st k\u00f6vet\u0151 szinte azonnali j\u00e1t\u00e9khoz, \u00fagyhogy ezzel semmif\u00e9le probl\u00e9ma nem akadt. Szinte minden koroszt\u00e1lyunk a csoportban \u00e9s a helyoszt\u00f3 m\u00e9rk\u0151z\u00e9seken is elismer\u00e9sre m\u00e9lt\u00f3an szerepelt tartalmas, j\u00f3 futballt bemutatva minden koroszt\u00e1lyunk l\u00e9pett egyet el\u0151re \u00f6nmag\u00e1hoz k\u00e9pest, \u00e9s ism\u00e9t \u00f6r\u00f6mteli volt l\u00e1tni a lelkes, megalkuv\u00e1st nem t\u0171r\u0151 biztat\u00e1st, szurkol\u00e1st a sz\u00fcl\u0151k, kis\u00e9r\u0151k r\u00e9sz\u00e9r\u0151l. Azt hiszem, hogy ez a k\u00e9tnapos torna kit\u0171n\u0151 alkalmat biztos\u00edtott az idei szezon lez\u00e1r\u00e1s\u00e1nak, ami ism\u00e9t megmutatta, hogy j\u00f3 \u00faton j\u00e1runk a gyerekekkel, ezen kell tov\u00e1bb menni \u00e9s akkor a v\u00e9g\u00e9n meg lesz az elv\u00e9gzett munka gy\u00fcm\u00f6lcse! Tov\u00e1bbi nagy pozit\u00edvum, hogy fiataljaink a nagyobbak k\u00f6zt is meg\u00e1llt\u00e1k a hely\u00fcket (b\u00e1r ez olykor testmagass\u00e1gban nem l\u00e1tsz\u00f3dott meg), nem egyszer fel tudt\u00e1k venni a n\u00e1lukn\u00e1l j\u00f3val robosztusabb ellenfelekkel is a harcot. Sem a hangulatra, sem a k\u00f6z\u00f6ss\u00e9gi \u00e9lm\u00e9nyre, sem pedig\u00a0a mutatott j\u00e1t\u00e9kra nem lehet panaszunk Balatonlell\u00e9t illet\u0151en, gratul\u00e1lok minden j\u00e1t\u00e9kosnak \u00e9s koll\u00e9g\u00e1imnak is a szerepl\u00e9shez!<\/p>\n","protected":false},"excerpt":{"rendered":"<div class=\"mh-excerpt\"><p>A Csepel FC ut\u00e1np\u00f3tl\u00e1s koroszt\u00e1lyai torn\u00e1r\u00f3l-torn\u00e1ra j\u00e1rnak az orsz\u00e1gban a ny\u00e1ri bajnoki sz\u00fcnetben. J\u00fanius 16-17- \u00e9n Balatonlell\u00e9n az I. Lelle Kup\u00e1n vett\u00fcnk r\u00e9szt \u00e9s egyik koroszt\u00e1lyban sem vallottunk sz\u00e9gyent. S\u0151t!<\/p>\n<\/div>","protected":false},"author":4,"featured_media":2929,"comment_status":"closed","ping_status":"open","sticky":false,"template":"","format":"standard","meta":{"jetpack_publicize_message":"","jetpack_is_tweetstorm":false,"jetpack_publicize_feature_enabled":true},"categories":[1,11,3],"tags":[],"jetpack_publicize_connections":[],"jetpack_featured_media_url":"http:\/\/csepelfc.hu\/wp-content\/uploads\/2018\/06\/Csep-Gollal.jpg","jetpack_sharing_enabled":true,"jetpack_shortlink":"https:\/\/wp.me\/p83FEU-L4","_links":{"self":[{"href":"http:\/\/csepelfc.hu\/index.php\/wp-json\/wp\/v2\/posts\/2918"}],"collection":[{"href":"http:\/\/csepelfc.hu\/index.php\/wp-json\/wp\/v2\/posts"}],"about":[{"href":"http:\/\/csepelfc.hu\/index.php\/wp-json\/wp\/v2\/types\/post"}],"author":[{"embeddable":true,"href":"http:\/\/csepelfc.hu\/index.php\/wp-json\/wp\/v2\/users\/4"}],"replies":[{"embeddable":true,"href":"http:\/\/csepelfc.hu\/index.php\/wp-json\/wp\/v2\/comments?post=2918"}],"version-history":[{"count":13,"href":"http:\/\/csepelfc.hu\/index.php\/wp-json\/wp\/v2\/posts\/2918\/revisions"}],"predecessor-version":[{"id":2933,"href":"http:\/\/csepelfc.hu\/index.php\/wp-json\/wp\/v2\/posts\/2918\/revisions\/2933"}],"wp:featuredmedia":[{"embeddable":true,"href":"http:\/\/csepelfc.hu\/index.php\/wp-json\/wp\/v2\/media\/2929"}],"wp:attachment":[{"href":"http:\/\/csepelfc.hu\/index.php\/wp-json\/wp\/v2\/media?parent=2918"}],"wp:term":[{"taxonomy":"category","embeddable":true,"href":"http:\/\/csepelfc.hu\/index.php\/wp-json\/wp\/v2\/categories?post=2918"},{"taxonomy":"post_tag","embeddable":true,"href":"http:\/\/csepelfc.hu\/index.php\/wp-json\/wp\/v2\/tags?post=2918"}],"curies":[{"name":"wp","href":"https:\/\/api.w.org\/{rel}","templated":true}]}}