{"id":2798,"date":"2018-05-27T21:26:57","date_gmt":"2018-05-27T20:26:57","guid":{"rendered":"http:\/\/csepelfc.hu\/?p=2798"},"modified":"2018-05-27T21:44:45","modified_gmt":"2018-05-27T20:44:45","slug":"sikeres-volt-a-veszpremi-tura","status":"publish","type":"post","link":"http:\/\/csepelfc.hu\/index.php\/2018\/05\/27\/sikeres-volt-a-veszpremi-tura\/","title":{"rendered":"Sikeres volt a vas\u00e1rnapi veszpr\u00e9mi t\u00fara!"},"content":{"rendered":"<p>A Csepel FC feln\u0151tt labdar\u00fag\u00f3 csapata nem hi\u00e1ba utazott vas\u00e1rnap d\u00e9lut\u00e1n a Bakonyba!\u00a0A Gabala &#8211; leg\u00e9nys\u00e9g 3 egys\u00e9ggel a birtok\u00e1ban t\u00e9rt vissza Veszpr\u00e9mb\u0151l, ami egyben a hazaiak NB III -as b\u00facs\u00faj\u00e1t is jelentette.<!--more--><\/p>\n<p>&nbsp;<\/p>\n<p><strong>VLS Veszpr\u00e9m-Csepel FC 2:3 (1:0)<\/strong><br \/>\nVeszpr\u00e9m, 150 n\u00e9z\u0151. V.: Kov\u00e1cs G.<\/p>\n<p><strong>VLS Veszpr\u00e9m:<\/strong> Kis \u2013 Szab\u00f3 T., Dobsa, Guly\u00e1s, Gunther \u2013 K\u00f6b\u00f6l, N\u00e9meth P., (Bogn\u00e1r, 59.), Vass \u2013 Czimbalmos (Irmes, 46.) Bal\u00e1zs (Pr\u00e1gai, 46.), Szab\u00f3 B. <strong>Edz\u0151:<\/strong> V\u00e1g\u00f3 Attila.<br \/>\n<strong>Csepel FC:<\/strong> L\u0151rincz P\u00e9ter\u00a0\u2013 Fisli Andr\u00e1s, Hesz Oliv\u00e9r, T\u00f3th M\u00e1rton, Korozm\u00e1n Norbert, Haraszk\u00f3 S\u00e1ndor, Tepl\u00e1n J\u00e1nos, V\u00f6r\u00f6s Bence, Horv\u00e1th \u00c1d\u00e1m\u00a0, Simon Kriszti\u00e1n, (Torda Bence, 79.) Somodi \u00c1d\u00e1m. <strong>Edz\u0151:<\/strong> Gabala Kriszti\u00e1n<\/p>\n<p>A m\u00e9rk\u0151z\u00e9sr\u0151l a VEOL tud\u00f3s\u00edtott:<\/p>\n<p>A VLS rendk\u00edv\u00fcl fontos gy\u0151zelemre k\u00e9sz\u00fclt a Csepel ellen, ugyanis csak akkor \u0151rizhette meg az NB III-as tags\u00e1g\u00e1t, amennyiben az utols\u00f3 k\u00e9t fordul\u00f3t sikerrel veszi, r\u00e1ad\u00e1sul m\u00e1s meccsek is kedvez\u0151en alakulnak.<br \/>\nEnnek szellem\u00e9ben nagy iramot dikt\u00e1lva kezdett a VLS \u00e9s ak\u00e1r vezet\u00e9st is szerezhetett volna, mert L\u0151rincz kapus t\u00fal sokat teket\u00f3ri\u00e1zott egy oldalr\u00f3l \u00e9rkez\u0151 hazai l\u00f6v\u00e9st k\u00f6vet\u0151en, azonban az egyik v\u00e9d\u0151 a seg\u00edts\u00e9g\u00e9re sietett.<\/p>\n<p>Az 5. percben Kis kapus mentette meg g\u00f3lt\u00f3l a csapat\u00e1t, \u00f3ri\u00e1si brav\u00farral h\u00e1r\u00edtotta a vend\u00e9g t\u00e1mad\u00f3 l\u00f6ket\u00e9t.<br \/>\nEzt k\u00f6vet\u0151en egyik kapu sem forgott vesz\u00e9lyben, jobb\u00e1ra mez\u0151nyben folyt a a j\u00e1t\u00e9k.<\/p>\n<p>A 31. percben azt\u00e1n Szab\u00f3 Bence csapott le egy gyenge hazaad\u00e1sra, a kapust elfektetve az \u00fcres kapuba v\u00e1gta a j\u00e1t\u00e9kszert, 1:0.<\/p>\n<p>A Csepel a bekapott g\u00f3l ut\u00e1n \u00e1tvette az ir\u00e1ny\u00edt\u00e1st, nyom\u00e1s al\u00e1 helyezte a veszpr\u00e9mi kaput, f\u0151leg a baloldalon vezetett vesz\u00e9lyes t\u00e1mad\u00e1sokat, \u00e1m Kis kapus tette a dolg\u00e1t.<\/p>\n<p>A t\u00e9rf\u00e9lcser\u00e9t k\u00f6vet\u0151en a vend\u00e9gek kezdt\u00e9k jobban a m\u00e1sodik j\u00e1t\u00e9kr\u00e9szt, az 51. percben Kis szedte fel Hesz el\u0151l a lasztit az utols\u00f3 pillanatban.<\/p>\n<p>Az 53. percben azt\u00e1n g\u00f3ll\u00e1 \u00e9rett a csepeli f\u00f6l\u00e9ny: baloldali t\u00e1mad\u00e1s v\u00e9g\u00e9n T\u00f3th M. kapott remek labd\u00e1t, aki gondolkod\u00e1s n\u00e9lk\u00fcl, hatalmas er\u0151vel bomb\u00e1zott a veszpr\u00e9mi kapuba, 1:1.<\/p>\n<p>A j\u00e1t\u00e9k teljesen \u00e1ttev\u0151d\u00f6tt a hazaiak t\u00e9rfel\u00e9re, a Csepel sorra alak\u00edtotta ki vesz\u00e9lyesn\u00e9l, vesz\u00e9lyesebb akci\u00f3it, de a ziccereket nem siker\u00fclt g\u00f3lra v\u00e1ltani.<br \/>\nA 75. percben T\u00f3th M\u00e1rtont ugratt\u00e1k ki sokadszorra, aki veszpr\u00e9mi v\u00e9d\u0151vel a nyak\u00e1n a r\u00f6vid, fels\u0151 sarokba juttatta a j\u00e1t\u00e9kszert, 1:2.<br \/>\nA 82. percben j\u00f6tt a fekete leves: a hit\u00e9t vesztett VLS-n\u00e9l senki sem indult el a kil\u00e9p\u0151 N\u00e9meth Zolt\u00e1nnal, aki senkit\u0151l sem zavartatva szerzett g\u00f3lt csapat\u00e1nak, 1:3.<br \/>\nA 91. percben Szab\u00f3 Tibor sz\u00e9p\u00edtett egy nagyszer\u0171 l\u00f6v\u00e9ssel, de ez a pontszerz\u00e9shez m\u00e1r \u00e9des kev\u00e9s volt, 2:3.<\/p>\n<p>V\u00e1g\u00f3 Attila: \u2013 A m\u00e1sodik f\u00e9lid\u0151ben a Csepel jobban futballozott \u00e9s meg\u00e9rdemelten szerezte meg a h\u00e1rom pontot.<\/p>\n","protected":false},"excerpt":{"rendered":"<div class=\"mh-excerpt\"><p>A Csepel FC feln\u0151tt labdar\u00fag\u00f3 csapata nem hi\u00e1ba utazott vas\u00e1rnap d\u00e9lut\u00e1n a Bakonyba!\u00a0A Gabala &#8211; leg\u00e9nys\u00e9g 3 egys\u00e9ggel a birtok\u00e1ban t\u00e9rt vissza Veszpr\u00e9mb\u0151l, ami egyben a hazaiak NB III -as <a class=\"mh-excerpt-more\" href=\"http:\/\/csepelfc.hu\/index.php\/2018\/05\/27\/sikeres-volt-a-veszpremi-tura\/\" title=\"Sikeres volt a vas\u00e1rnapi veszpr\u00e9mi t\u00fara!\">[tov\u00e1bb&#8230;]<\/a><\/p>\n<\/div>","protected":false},"author":4,"featured_media":2800,"comment_status":"closed","ping_status":"open","sticky":false,"template":"","format":"standard","meta":{"jetpack_publicize_message":"","jetpack_is_tweetstorm":false,"jetpack_publicize_feature_enabled":true},"categories":[1,7],"tags":[],"jetpack_publicize_connections":[],"jetpack_featured_media_url":"http:\/\/csepelfc.hu\/wp-content\/uploads\/2018\/05\/Veszpr\u00e9m-Csepe.jpg","jetpack_sharing_enabled":true,"jetpack_shortlink":"https:\/\/wp.me\/p83FEU-J8","_links":{"self":[{"href":"http:\/\/csepelfc.hu\/index.php\/wp-json\/wp\/v2\/posts\/2798"}],"collection":[{"href":"http:\/\/csepelfc.hu\/index.php\/wp-json\/wp\/v2\/posts"}],"about":[{"href":"http:\/\/csepelfc.hu\/index.php\/wp-json\/wp\/v2\/types\/post"}],"author":[{"embeddable":true,"href":"http:\/\/csepelfc.hu\/index.php\/wp-json\/wp\/v2\/users\/4"}],"replies":[{"embeddable":true,"href":"http:\/\/csepelfc.hu\/index.php\/wp-json\/wp\/v2\/comments?post=2798"}],"version-history":[{"count":5,"href":"http:\/\/csepelfc.hu\/index.php\/wp-json\/wp\/v2\/posts\/2798\/revisions"}],"predecessor-version":[{"id":2804,"href":"http:\/\/csepelfc.hu\/index.php\/wp-json\/wp\/v2\/posts\/2798\/revisions\/2804"}],"wp:featuredmedia":[{"embeddable":true,"href":"http:\/\/csepelfc.hu\/index.php\/wp-json\/wp\/v2\/media\/2800"}],"wp:attachment":[{"href":"http:\/\/csepelfc.hu\/index.php\/wp-json\/wp\/v2\/media?parent=2798"}],"wp:term":[{"taxonomy":"category","embeddable":true,"href":"http:\/\/csepelfc.hu\/index.php\/wp-json\/wp\/v2\/categories?post=2798"},{"taxonomy":"post_tag","embeddable":true,"href":"http:\/\/csepelfc.hu\/index.php\/wp-json\/wp\/v2\/tags?post=2798"}],"curies":[{"name":"wp","href":"https:\/\/api.w.org\/{rel}","templated":true}]}}