{"id":2785,"date":"2018-05-24T20:41:54","date_gmt":"2018-05-24T19:41:54","guid":{"rendered":"http:\/\/csepelfc.hu\/?p=2785"},"modified":"2018-06-05T12:37:49","modified_gmt":"2018-06-05T11:37:49","slug":"unnepeljunk-egyutt","status":"publish","type":"post","link":"http:\/\/csepelfc.hu\/index.php\/2018\/05\/24\/unnepeljunk-egyutt\/","title":{"rendered":"\u00dcnnepelj\u00fcnk egy\u00fctt!"},"content":{"rendered":"<p>Ism\u00e9t orsz\u00e1gos labdar\u00fag\u00f3 bajnoki c\u00edmmel b\u00fcszk\u00e9lkedhet Csepel! A Csepel FC U19 -es egy\u00fcttese m\u00e1jus 26-\u00e1n, szombaton szeretn\u00e9 szurkol\u00f3ival, szimpatiz\u00e1nsaival, azaz a\u00a0csepeli futballcsal\u00e1ddal meg\u00fcnnepelni a bajnoki sikert a Csepel Sporttelepen!<!--more-->A csapat idei utols\u00f3 hazai bajnoki m\u00e9rk\u0151z\u00e9s\u00e9re szombaton pontban d\u00e9lben ker\u00fcl sor az Iv\u00e1ncsa KSE ellen, s mivel m\u00e1r megvan a h\u0151n \u00e1h\u00edtott bajnoki c\u00edm, a sr\u00e1cok \u00e9s a szakvezet\u00e9s is szeretne m\u00e9lt\u00f3 m\u00f3don b\u00facs\u00fazni azokt\u00f3l, akik eg\u00e9sz \u00e9vben biztatt\u00e1k \u0151ket, hittek benn\u00fck, vagy \u00e9ppen egy\u00fctt \u00f6r\u00fcln\u00e9nek vel\u00fck illetve\u00a0a Csepel FC st\u00e1bj\u00e1val!<\/p>\n<p>V\u00e1runk minden sportkedvel\u0151 Csepel szimpatiz\u00e1nst szombaton a B\u00e9ke t\u00e9rre, ahol \u00fajra k\u00f6z\u00f6sen \u00fcnnepelhet\u00fcnk egy orsz\u00e1gos k\u00e9k-piros sikert!<\/p>\n<p><strong>Csepel FC &#8211; Iv\u00e1ncsa KSE<\/strong><\/p>\n<p><strong>2018. m\u00e1jus 26. szombat, 12 \u00f3ra, B\u00e9ke t\u00e9ri sporttelep<\/strong><\/p>\n","protected":false},"excerpt":{"rendered":"<div class=\"mh-excerpt\"><p>Ism\u00e9t orsz\u00e1gos labdar\u00fag\u00f3 bajnoki c\u00edmmel b\u00fcszk\u00e9lkedhet Csepel! A Csepel FC U19 -es egy\u00fcttese m\u00e1jus 26-\u00e1n, szombaton szeretn\u00e9 szurkol\u00f3ival, szimpatiz\u00e1nsaival, azaz a\u00a0csepeli futballcsal\u00e1ddal meg\u00fcnnepelni a bajnoki sikert a Csepel Sporttelepen!<\/p>\n<\/div>","protected":false},"author":4,"featured_media":2786,"comment_status":"closed","ping_status":"open","sticky":false,"template":"","format":"standard","meta":{"jetpack_publicize_message":"","jetpack_is_tweetstorm":false,"jetpack_publicize_feature_enabled":true},"categories":[1,3],"tags":[],"jetpack_publicize_connections":[],"jetpack_featured_media_url":"http:\/\/csepelfc.hu\/wp-content\/uploads\/2018\/05\/BajnokTabl\u00f3k..jpg","jetpack_sharing_enabled":true,"jetpack_shortlink":"https:\/\/wp.me\/p83FEU-IV","_links":{"self":[{"href":"http:\/\/csepelfc.hu\/index.php\/wp-json\/wp\/v2\/posts\/2785"}],"collection":[{"href":"http:\/\/csepelfc.hu\/index.php\/wp-json\/wp\/v2\/posts"}],"about":[{"href":"http:\/\/csepelfc.hu\/index.php\/wp-json\/wp\/v2\/types\/post"}],"author":[{"embeddable":true,"href":"http:\/\/csepelfc.hu\/index.php\/wp-json\/wp\/v2\/users\/4"}],"replies":[{"embeddable":true,"href":"http:\/\/csepelfc.hu\/index.php\/wp-json\/wp\/v2\/comments?post=2785"}],"version-history":[{"count":2,"href":"http:\/\/csepelfc.hu\/index.php\/wp-json\/wp\/v2\/posts\/2785\/revisions"}],"predecessor-version":[{"id":2857,"href":"http:\/\/csepelfc.hu\/index.php\/wp-json\/wp\/v2\/posts\/2785\/revisions\/2857"}],"wp:featuredmedia":[{"embeddable":true,"href":"http:\/\/csepelfc.hu\/index.php\/wp-json\/wp\/v2\/media\/2786"}],"wp:attachment":[{"href":"http:\/\/csepelfc.hu\/index.php\/wp-json\/wp\/v2\/media?parent=2785"}],"wp:term":[{"taxonomy":"category","embeddable":true,"href":"http:\/\/csepelfc.hu\/index.php\/wp-json\/wp\/v2\/categories?post=2785"},{"taxonomy":"post_tag","embeddable":true,"href":"http:\/\/csepelfc.hu\/index.php\/wp-json\/wp\/v2\/tags?post=2785"}],"curies":[{"name":"wp","href":"https:\/\/api.w.org\/{rel}","templated":true}]}}