{"id":2769,"date":"2018-05-24T19:09:38","date_gmt":"2018-05-24T18:09:38","guid":{"rendered":"http:\/\/csepelfc.hu\/?p=2769"},"modified":"2018-05-24T19:18:41","modified_gmt":"2018-05-24T18:18:41","slug":"up-bajnoki-cim-es-pozitiv-merleg-a-forduloban","status":"publish","type":"post","link":"http:\/\/csepelfc.hu\/index.php\/2018\/05\/24\/up-bajnoki-cim-es-pozitiv-merleg-a-forduloban\/","title":{"rendered":"UP: bajnoki c\u00edm \u00e9s pozit\u00edv m\u00e9rleg a fordul\u00f3ban"},"content":{"rendered":"<p>A bajnoks\u00e1gb\u00f3l ut\u00e1np\u00f3tl\u00e1s csapataink sz\u00e1mra sem sok van m\u00e1r h\u00e1tra, \u00edgy\u00a0most \u00e9lesednek igaz\u00e1n a k\u00fczdelmek, ahonnan \u00fajabb csepeli \u00e9remmel j\u00f6tt\u00fcnk ki j\u00f3l! U19-es egy\u00fcttes\u00fcnk bajnoki c\u00edmet \u00fcnnepelhetett \u00c9rden, ahol az U17 is nyerni tudott, a h\u00e9tk\u00f6zi meccsen BLSZ-es egy\u00fcttes\u00fcnk is j\u00f3l szerepelt de a REAC kibabr\u00e1lt vel\u00fcnk U15 -ben \u00e9s U14 -ben is&#8230;<!--more--><\/p>\n<p><a id=\"set-post-thumbnail\" class=\"thickbox\" href=\"http:\/\/csepelfc.hu\/wp-admin\/media-upload.php?post_id=2769&amp;type=image&amp;TB_iframe=1\" aria-describedby=\"set-post-thumbnail-desc\"><img loading=\"lazy\" class=\"attachment-266x266 \" src=\"http:\/\/csepelfc.hu\/wp-content\/uploads\/2018\/05\/\u00c9rdU19-CsepelFC.jpg\" sizes=\"(max-width: 254px) 100vw, 254px\" alt=\"\" width=\"815\" height=\"854\" \/><\/a><\/p>\n<p><strong>Borda Viktor:<\/strong> &#8211; A legnagyobb neh\u00e9zs\u00e9get ez alkalommal az okozta, hogy\u00a0m\u00e1r j\u00f3 ideje l\u00e9tezik az\u00a0internet,\u00a0ez\u00e9rt a Duna\u00fajv\u00e1rost\u00f3l &#8220;kapott lehet\u0151s\u00e9gr\u0151l&#8221; minden j\u00e1t\u00e9kosom \u00e9rtes\u00fclt a meccs el\u0151tt, ami egy kicsit megnehez\u00edtette a dolgunkat. L\u00e1tszott rajtuk a g\u00f6rcs\u00f6ss\u00e9g, az, hogy minden \u00e1ron t\u00fal akarnak lenni a m\u00e9rk\u0151z\u00e9sen, minden \u00e1ron meg akarj\u00e1k nyerni,\u00a0ami alaposan r\u00e1nyomta b\u00e9lyeg\u00e9t a mutatott produkci\u00f3ra. Ehhez hozz\u00e1 j\u00f6tt, hogy egy meglehet\u0151sen kis m\u00e9ret\u0171, m\u0171f\u00fcves p\u00e1ly\u00e1n kellett j\u00e1tszanunk -ami abszol\u00fat nem kedvez a mi j\u00e1t\u00e9kst\u00edlusunknak- r\u00e1ad\u00e1sul ellenfel\u00fcnk is massz\u00edvan v\u00e9dekezett, \u00edgy a g\u00f6rcs\u00f6ss\u00e9g szemmel l\u00e1that\u00f3 volt a csapaton. Azonban a meccset, s vele egy\u00fctt a bajnoks\u00e1got is\u00a0megnyert\u00fck, \u00edgy okafogyott\u00e1 v\u00e1lik b\u00e1rmir\u0151l is besz\u00e9lni&#8230; Feltett\u00fck az i-re a pontot az eg\u00e9sz \u00e9ves teljes\u00edtm\u00e9ny\u00fcnk tekintet\u00e9ben, \u00edgy nem is pazaroln\u00e9k t\u00f6bb sz\u00f3t erre a meccsre. Ami\u00a0a legfontosabb: 2 fordul\u00f3val a befejez\u00e9s el\u0151tt a csapat m\u00e1r most fantasztikus eredm\u00e9nyt produk\u00e1lva biztos\u00edtotta be els\u0151 hely\u00e9t, amihez innen is tiszta sz\u00edvb\u0151l gratul\u00e1lok, maxim\u00e1lisan meg\u00e9rdemelt\u00e9k ezt a sikert! Mindenkit szeretettel v\u00e1runk az utols\u00f3 hazai bajnoki meccs\u00fcnkre szombaton d\u00e9lben, hogy a Csepel szurkol\u00f3kkal, sz\u00fcl\u0151kkel, szimpatiz\u00e1nsokkal is egy\u00fctt \u00fcnnepelhess\u00fcnk!<\/p>\n<p><strong>J\u00f3k:<\/strong> az eg\u00e9sz \u00e9ves teljes\u00edtm\u00e9ny alapj\u00e1n az eg\u00e9sz csapat<\/p>\n<p><a id=\"set-post-thumbnail\" class=\"thickbox\" href=\"http:\/\/csepelfc.hu\/wp-admin\/media-upload.php?post_id=2769&amp;type=image&amp;TB_iframe=1\" aria-describedby=\"set-post-thumbnail-desc\"><img loading=\"lazy\" class=\"attachment-266x266 \" src=\"http:\/\/csepelfc.hu\/wp-content\/uploads\/2018\/05\/\u00c9rdU17-CsepelFC.jpg\" sizes=\"(max-width: 244px) 100vw, 244px\" alt=\"\" width=\"811\" height=\"884\" \/><\/a><\/p>\n<p><strong>Pop Rich\u00e1rd:<\/strong> &#8211; A v\u00e1rtn\u00e1l tal\u00e1n nehezebb volt a tal\u00e1lkoz\u00f3, az els\u0151 f\u00e9l \u00f3r\u00e1ban lassabb volt a j\u00e1t\u00e9kunk a megszokottn\u00e1l, minek k\u00f6vetkezt\u00e9ben nem siker\u00fclt gyorsan eld\u00f6nten\u00fcnk a meccset. Ehhez t\u00e1rsult, hogy j\u00f3 n\u00e9h\u00e1ny helyzetet hagytunk kihaszn\u00e1latlanul, ami, ha nem \u00edgy van, akkor teljesen m\u00e1s mederbe terelte volna a meccs menet\u00e9t. A f\u00e9lid\u0151ben azt\u00e1n v\u00e1ltoztattam k\u00e9t poszton is,\u00a0\u00edgy a\u00a0m\u00e1sodik\u00a0j\u00e1t\u00e9kr\u00e9szben l\u00e1tottakkal m\u00e1r el\u00e9gedettebb is voltam, ugyanis a mez\u0151nyben min\u0151s\u00e9gi javul\u00e1s k\u00f6vetkezett be. Jobb volt a labdatart\u00e1s, az el\u0151re j\u00e1t\u00e9k \u00e9s a passzok is jobban siker\u00fcltek. Amiben tov\u00e1bbra is javulnunk kell, az nem m\u00e1s, mint, hogy\u00a0hogyan k\u00f6nny\u00edts\u00fck meg az ellenfel\u00fcnk 16 -os\u00e1ra val\u00f3 bejut\u00e1st&#8230; Ezen &#8220;rajta vagyunk&#8221;, \u00edgy ha ebben javulunk\u00a0 akkor m\u00e9g eredm\u00e9nyesebbek tudunk lenni.<\/p>\n<p><strong>J\u00f3k:<\/strong> Mondok Rich\u00e1rd, Strum Gerg\u0151, Hegyes M\u00e1rton<\/p>\n<p><a id=\"set-post-thumbnail\" class=\"thickbox\" href=\"http:\/\/csepelfc.hu\/wp-admin\/media-upload.php?post_id=2769&amp;type=image&amp;TB_iframe=1\" aria-describedby=\"set-post-thumbnail-desc\"><img loading=\"lazy\" class=\"attachment-266x266 \" src=\"http:\/\/csepelfc.hu\/wp-content\/uploads\/2018\/05\/BLSZU19Hidegk\u00fat-CsepelFC.jpg\" sizes=\"(max-width: 217px) 100vw, 217px\" alt=\"\" width=\"802\" height=\"983\" \/><\/a><\/p>\n<p><strong>Kincses B\u00e9la:<\/strong> &#8211; A m\u00e9rk\u0151z\u00e9s elej\u00e9n akadt n\u00e9mi kezdeti bizonytalans\u00e1g a j\u00e1t\u00e9kot illet\u0151en, de azt\u00e9n sz\u00e9pen, fokozatosan \u00e1thidaltuk a neh\u00e9zs\u00e9geket \u00e9s \u00e1tlend\u00fclt\u00fcnk a holtponton. Ennek megfelel\u0151en a m\u00e1sodik f\u00e9lid\u0151ben m\u00e1r egy\u00e9rtelm\u0171v\u00e9 v\u00e1lt a k\u00e9t csapat k\u00f6zti k\u00fcl\u00f6nbs\u00e9g, s ekkor m\u00e1r id\u0151nk\u00e9nt nagyon sz\u00e9p j\u00e1t\u00e9kot mutatott be a csapat.\u00a0 Minden elismer\u00e9s a sr\u00e1coknak , hogy ilyen kitart\u00f3an \u00e9s ilyen lelkesed\u00e9ssel siker\u00fclt a javunkra ford\u00edtani ezt a meccset is. A bajnoks\u00e1g(ok) v\u00e9ge fel\u00e9 j\u00e1rva nagy sz\u00fcks\u00e9g van a megfelel\u0151 hozz\u00e1\u00e1ll\u00e1sra, ami ez\u00fattal szinte kifog\u00e1stalan volt r\u00e9sz\u00fcnkr\u0151l. Nagyon \u00f6r\u00fcl\u00f6k a sikernek!<\/p>\n<p><strong>J\u00f3k:<\/strong> Kutika D\u00e1niel, Szab\u00f3 Rich\u00e1rd, Kaszab Ferenc<\/p>\n<p><a id=\"set-post-thumbnail\" class=\"thickbox\" href=\"http:\/\/csepelfc.hu\/wp-admin\/media-upload.php?post_id=2769&amp;type=image&amp;TB_iframe=1\" aria-describedby=\"set-post-thumbnail-desc\"><img loading=\"lazy\" class=\"attachment-266x266 \" src=\"http:\/\/csepelfc.hu\/wp-content\/uploads\/2018\/05\/REACU14-CsepelFC.jpg\" sizes=\"(max-width: 266px) 100vw, 266px\" alt=\"\" width=\"800\" height=\"758\" \/><\/a><\/p>\n<p><strong>Elekes Zsolt:<\/strong> &#8211;<\/p>\n<p><a id=\"set-post-thumbnail\" class=\"thickbox\" href=\"http:\/\/csepelfc.hu\/wp-admin\/media-upload.php?post_id=2769&amp;type=image&amp;TB_iframe=1\" aria-describedby=\"set-post-thumbnail-desc\"><img loading=\"lazy\" class=\"attachment-266x266 \" src=\"http:\/\/csepelfc.hu\/wp-content\/uploads\/2018\/05\/REACU15-CsepelFC.jpg\" sizes=\"(max-width: 260px) 100vw, 260px\" alt=\"\" width=\"799\" height=\"817\" \/><\/a><\/p>\n<p><strong>Elekes Zsolt:<\/strong> &#8211;<\/p>\n<p>&nbsp;<\/p>\n","protected":false},"excerpt":{"rendered":"<div class=\"mh-excerpt\"><p>A bajnoks\u00e1gb\u00f3l ut\u00e1np\u00f3tl\u00e1s csapataink sz\u00e1mra sem sok van m\u00e1r h\u00e1tra, \u00edgy\u00a0most \u00e9lesednek igaz\u00e1n a k\u00fczdelmek, ahonnan \u00fajabb csepeli \u00e9remmel j\u00f6tt\u00fcnk ki j\u00f3l! U19-es egy\u00fcttes\u00fcnk bajnoki c\u00edmet \u00fcnnepelhetett \u00c9rden, ahol az <a class=\"mh-excerpt-more\" href=\"http:\/\/csepelfc.hu\/index.php\/2018\/05\/24\/up-bajnoki-cim-es-pozitiv-merleg-a-forduloban\/\" title=\"UP: bajnoki c\u00edm \u00e9s pozit\u00edv m\u00e9rleg a fordul\u00f3ban\">[tov\u00e1bb&#8230;]<\/a><\/p>\n<\/div>","protected":false},"author":4,"featured_media":2781,"comment_status":"closed","ping_status":"open","sticky":false,"template":"","format":"standard","meta":{"jetpack_publicize_message":"","jetpack_is_tweetstorm":false,"jetpack_publicize_feature_enabled":true},"categories":[1,3],"tags":[],"jetpack_publicize_connections":[],"jetpack_featured_media_url":"http:\/\/csepelfc.hu\/wp-content\/uploads\/2018\/05\/ChampionU19.jpg","jetpack_sharing_enabled":true,"jetpack_shortlink":"https:\/\/wp.me\/p83FEU-IF","_links":{"self":[{"href":"http:\/\/csepelfc.hu\/index.php\/wp-json\/wp\/v2\/posts\/2769"}],"collection":[{"href":"http:\/\/csepelfc.hu\/index.php\/wp-json\/wp\/v2\/posts"}],"about":[{"href":"http:\/\/csepelfc.hu\/index.php\/wp-json\/wp\/v2\/types\/post"}],"author":[{"embeddable":true,"href":"http:\/\/csepelfc.hu\/index.php\/wp-json\/wp\/v2\/users\/4"}],"replies":[{"embeddable":true,"href":"http:\/\/csepelfc.hu\/index.php\/wp-json\/wp\/v2\/comments?post=2769"}],"version-history":[{"count":9,"href":"http:\/\/csepelfc.hu\/index.php\/wp-json\/wp\/v2\/posts\/2769\/revisions"}],"predecessor-version":[{"id":2784,"href":"http:\/\/csepelfc.hu\/index.php\/wp-json\/wp\/v2\/posts\/2769\/revisions\/2784"}],"wp:featuredmedia":[{"embeddable":true,"href":"http:\/\/csepelfc.hu\/index.php\/wp-json\/wp\/v2\/media\/2781"}],"wp:attachment":[{"href":"http:\/\/csepelfc.hu\/index.php\/wp-json\/wp\/v2\/media?parent=2769"}],"wp:term":[{"taxonomy":"category","embeddable":true,"href":"http:\/\/csepelfc.hu\/index.php\/wp-json\/wp\/v2\/categories?post=2769"},{"taxonomy":"post_tag","embeddable":true,"href":"http:\/\/csepelfc.hu\/index.php\/wp-json\/wp\/v2\/tags?post=2769"}],"curies":[{"name":"wp","href":"https:\/\/api.w.org\/{rel}","templated":true}]}}