{"id":2763,"date":"2018-05-23T16:35:18","date_gmt":"2018-05-23T15:35:18","guid":{"rendered":"http:\/\/csepelfc.hu\/?p=2763"},"modified":"2018-05-23T16:35:37","modified_gmt":"2018-05-23T15:35:37","slug":"metermerleg-a-kaosvar-meccs-utan","status":"publish","type":"post","link":"http:\/\/csepelfc.hu\/index.php\/2018\/05\/23\/metermerleg-a-kaosvar-meccs-utan\/","title":{"rendered":"Meterm\u00e9rleg a Kaposv\u00e1r meccs ut\u00e1n"},"content":{"rendered":"<p>A Csepel FC feln\u0151tt labdar\u00fag\u00f3i nem keltettek csal\u00f3d\u00e1st kaposv\u00e1ri fell\u00e9p\u00e9s\u00fck alkalm\u00e1val. Egy\u00fcttes\u00fcnk a bajnokaspir\u00e1ns oroszl\u00e1nbarlangj\u00e1ban remek\u00fcl helyt\u00e1llt.<!--more--><\/p>\n<p><strong>Gabala Kriszti\u00e1n szakmai vezet\u0151:<\/strong> &#8211; B\u00fcszke vagyok a csapatra, mert a leend\u0151 bajnok otthon\u00e1ban sem vallottak sz\u00e9gyent, s\u0151t! Nagyszer\u0171 iram\u00fa, v\u00e9gig ki\u00e9lezett tal\u00e1lkoz\u00f3t j\u00e1tszottunk. \u00d6r\u00fcl\u00f6k fiatal j\u00e1t\u00e9kosaink teljes\u00edtm\u00e9ny\u00e9nek \u00e9s ez \u00faton gratul\u00e1lok U-19 -es csapatunk bajnoki c\u00edm\u00e9hez! Most csak a k\u00f6vetkez\u0151 k\u00e9t tal\u00e1lkoz\u00f3 fontos sz\u00e1munkra, ahol sikeresen szeretn\u00e9nk szerepelni!<\/p>\n<p>Eml\u00e9keztet\u0151\u00fcl:<\/p>\n<p><span style=\"font-family: Thread-00000264-Id-00000022;\"><strong>Kaposv\u00e1ri R\u00e1k\u00f3czi FC \u2013 Csepel FC 1:0 (1:0)<\/strong><br \/>\n<\/span> Kaposv\u00e1r, R\u00e1k\u00f3czi-stadion, 350 n\u00e9z\u0151.<\/p>\n<p><strong><span style=\"font-family: Thread-00000264-Id-00000022;\">Jv.:<\/span><\/strong> Kubicsek (Gy\u00fcr\u00fcsi, R\u00f3zs\u00e1s).<\/p>\n<p><strong><span style=\"font-family: Thread-00000264-Id-00000022;\">Kaposv\u00e1ri R\u00e1k\u00f3czi:<\/span><\/strong> Slakta \u2013 Vachtler, Ur, Lakatos G. (Fodor M., a sz\u00fcnetben), Hadar\u00f3 \u2013 Szak\u00e1ly A., Nagy K. \u2013 Nagy J., Ivancsics (Godzsajev, 75. p.), Kollega K. (B\u00f6jte, 85. p.) \u2013 Rajczi. <strong><span style=\"font-family: Thread-00000264-Id-00000022;\">Vezet\u0151edz\u0151:<\/span><\/strong> De\u00e1kv\u00e1ri Antal<\/p>\n<p><strong><span style=\"font-family: Thread-00000264-Id-00000022;\">Csepel FC:<\/span><\/strong> L\u0151rincz \u2013 Somodi \u00c1., Hesz, Haraszk\u00f3, Tepl\u00e1n \u2013D\u00e9vai (Horv\u00e1th \u00c1., 52. p.), Szab\u00f3 \u00c1. \u2013 N\u00e9meth Z., Fisli, Simon K. \u2013 Korozm\u00e1n N. (V\u00f6r\u00f6s 70. p.). <strong><span style=\"font-family: Thread-00000264-Id-00000022;\">Vezet\u0151edz\u0151:<\/span><\/strong> Gabala Kriszti\u00e1n.<\/p>\n<p><strong><span style=\"font-family: Thread-00000264-Id-00000022;\">G.:<\/span><\/strong> Nagy J. (39. p.)<\/p>\n<p><strong><span style=\"font-family: Thread-00000264-Id-00000022;\">\u00a0S\u00e1rga lapok:<\/span><\/strong> Hadar\u00f3 (28. p.), Nagy K. (31. p.), Ur (42. p.), Rajczi (50. p.), Kollega K. (82. p.), B\u00f6jte (93. p.) illetve Szab\u00f3 \u00c1. (43. p.), N\u00e9meth Z. (73. p.), Tepl\u00e1n (82. p.).<\/p>\n","protected":false},"excerpt":{"rendered":"<div class=\"mh-excerpt\"><p>A Csepel FC feln\u0151tt labdar\u00fag\u00f3i nem keltettek csal\u00f3d\u00e1st kaposv\u00e1ri fell\u00e9p\u00e9s\u00fck alkalm\u00e1val. Egy\u00fcttes\u00fcnk a bajnokaspir\u00e1ns oroszl\u00e1nbarlangj\u00e1ban remek\u00fcl helyt\u00e1llt.<\/p>\n<\/div>","protected":false},"author":4,"featured_media":2766,"comment_status":"closed","ping_status":"open","sticky":false,"template":"","format":"standard","meta":{"jetpack_publicize_message":"","jetpack_is_tweetstorm":false,"jetpack_publicize_feature_enabled":true},"categories":[1,7],"tags":[],"jetpack_publicize_connections":[],"jetpack_featured_media_url":"http:\/\/csepelfc.hu\/wp-content\/uploads\/2018\/05\/GabalaKaposvarutan.jpg","jetpack_sharing_enabled":true,"jetpack_shortlink":"https:\/\/wp.me\/p83FEU-Iz","_links":{"self":[{"href":"http:\/\/csepelfc.hu\/index.php\/wp-json\/wp\/v2\/posts\/2763"}],"collection":[{"href":"http:\/\/csepelfc.hu\/index.php\/wp-json\/wp\/v2\/posts"}],"about":[{"href":"http:\/\/csepelfc.hu\/index.php\/wp-json\/wp\/v2\/types\/post"}],"author":[{"embeddable":true,"href":"http:\/\/csepelfc.hu\/index.php\/wp-json\/wp\/v2\/users\/4"}],"replies":[{"embeddable":true,"href":"http:\/\/csepelfc.hu\/index.php\/wp-json\/wp\/v2\/comments?post=2763"}],"version-history":[{"count":4,"href":"http:\/\/csepelfc.hu\/index.php\/wp-json\/wp\/v2\/posts\/2763\/revisions"}],"predecessor-version":[{"id":2768,"href":"http:\/\/csepelfc.hu\/index.php\/wp-json\/wp\/v2\/posts\/2763\/revisions\/2768"}],"wp:featuredmedia":[{"embeddable":true,"href":"http:\/\/csepelfc.hu\/index.php\/wp-json\/wp\/v2\/media\/2766"}],"wp:attachment":[{"href":"http:\/\/csepelfc.hu\/index.php\/wp-json\/wp\/v2\/media?parent=2763"}],"wp:term":[{"taxonomy":"category","embeddable":true,"href":"http:\/\/csepelfc.hu\/index.php\/wp-json\/wp\/v2\/categories?post=2763"},{"taxonomy":"post_tag","embeddable":true,"href":"http:\/\/csepelfc.hu\/index.php\/wp-json\/wp\/v2\/tags?post=2763"}],"curies":[{"name":"wp","href":"https:\/\/api.w.org\/{rel}","templated":true}]}}