{"id":2683,"date":"2018-05-10T15:24:05","date_gmt":"2018-05-10T14:24:05","guid":{"rendered":"http:\/\/csepelfc.hu\/?p=2683"},"modified":"2018-05-10T15:24:05","modified_gmt":"2018-05-10T14:24:05","slug":"up-csepeli-dontetlenek-forduloja","status":"publish","type":"post","link":"http:\/\/csepelfc.hu\/index.php\/2018\/05\/10\/up-csepeli-dontetlenek-forduloja\/","title":{"rendered":"UP: csepeli d\u00f6ntetlenek fordul\u00f3ja"},"content":{"rendered":"<p>Egyes\u00fclet\u00fcnk ut\u00e1np\u00f3tl\u00e1sa mindegyik koroszt\u00e1lyban szinte fut\u00f3szalagon j\u00e1tssza bajnoki m\u00e9rk\u0151z\u00e9seit, melyek k\u00f6z\u00fcl ebben a fordul\u00f3ban javar\u00e9szt meglepet\u00e9s eredm\u00e9nyek sz\u00fclettek. \u00c9s itt most nem a gy\u0151zelemre gondolunk&#8230;<!--more--><a id=\"set-post-thumbnail\" class=\"thickbox\" href=\"http:\/\/csepelfc.hu\/wp-admin\/media-upload.php?post_id=2683&amp;type=image&amp;TB_iframe=1\" aria-describedby=\"set-post-thumbnail-desc\"><img loading=\"lazy\" class=\"attachment-266x266 \" src=\"http:\/\/csepelfc.hu\/wp-content\/uploads\/2018\/05\/CsepelU19-Di\u00f3sd.jpg\" sizes=\"(max-width: 246px) 100vw, 246px\" alt=\"\" width=\"978\" height=\"1059\" \/><\/a><\/p>\n<p><strong>Borda Viktor:<\/strong> &#8211; Az el\u0151tt\u00fcnk \u00e1ll\u00f3 \u00f6t fordul\u00f3ban h\u00e1rom nehezebb \u00f6sszecsap\u00e1s \u00e1llt el\u0151tt\u00fcnk, k\u00f6zt\u00fck a Di\u00f3sd elleni is. Ez gyorsan be is bizonyosodott, ugyanis ellenfel\u00fcnk j\u00e1t\u00e9kfelfog\u00e1sa annyira deffenz\u00edvnek bizonyult, hogy gyakorlatilag 11 emberrel \u00e1lltak be v\u00e9dekezni ellen\u00fcnk. Ennek ok\u00e1n a 3. percben kialak\u00edtott zicceren k\u00edv\u00fcl az els\u0151 j\u00e1t\u00e9kr\u00e9szben nem is nagyon tudtunk helyzetbe ker\u00fclni&#8230; G\u00f3lunkat is egy szerencs\u00e9s szitu\u00e1ci\u00f3nak \u00e9s T\u00f3th Marci szemf\u00fcless\u00e9g\u00e9nek k\u00f6sz\u00f6nhetj\u00fck, \u00edgy legal\u00e1bb el\u0151nnyel mehett\u00fcnk a sz\u00fcnetre. Hi\u00e1ba \u00e1ll\u00edtottak ki ellenfel\u00fcnkt\u0151l (jogosan) egy j\u00e1t\u00e9kost, azzal az el\u0151nnyel sem nagyon tudtunk mit kezdeni. A m\u00e1sodik f\u00e9lid\u0151re kicsit friss\u00edtettem a csapatot \u00e9s j\u00e1t\u00e9kban is v\u00e1ltottunk, minek k\u00f6sz\u00f6nhet\u0151en sz\u00e1mos helyzetet alak\u00edtottunk ki, de csak kett\u0151t tudtunk g\u00f3lra v\u00e1ltani bel\u0151l\u00fck, melyek szemre is tetszet\u0151sek voltak. Gyakorlatilag a m\u00e1sodik f\u00e9lid\u0151ben is medd\u0151 f\u00f6l\u00e9nyben j\u00e1tszottunk, az akkor m\u00e1r t\u00edz f\u0151re fogyatkoz\u00f3 \u00e9s \u00edgy 10 emberrel v\u00e9dekez\u0151 di\u00f3sdiak ellen \u00e9s ha Torda Bence jobb napot fog ki, akkor bizony tov\u00e1bb is n\u00f6velhett\u00fck volna az el\u0151ny\u00fcnket. Gy\u0151zelm\u00fcnk meg\u00e9rdemelt, el\u00e9gedetten nyugt\u00e1ztam, hogy ism\u00e9t kapott g\u00f3l n\u00e9lk\u00fcl abszolv\u00e1ltunk egy neh\u00e9z meccset. Csapatomat dics\u00e9ret illeti.<\/p>\n<p><strong>J\u00f3k:<\/strong> Sebesty\u00e9n L\u00e1szl\u00f3, T\u00f3thM\u00e1rton , Szab\u00f3 Rich\u00e1rd<\/p>\n<p><a id=\"set-post-thumbnail\" class=\"thickbox\" href=\"http:\/\/csepelfc.hu\/wp-admin\/media-upload.php?post_id=2683&amp;type=image&amp;TB_iframe=1\" aria-describedby=\"set-post-thumbnail-desc\"><img loading=\"lazy\" class=\"attachment-266x266 \" src=\"http:\/\/csepelfc.hu\/wp-content\/uploads\/2018\/05\/CsepelFCU17-Di\u00f3sd.jpg\" sizes=\"(max-width: 243px) 100vw, 243px\" alt=\"\" width=\"968\" height=\"1060\" \/><\/a><\/p>\n<p><strong>Pop Rich\u00e1rd:<\/strong> &#8211; Sajnos nem \u00fagy alakult ez a meccs, ahogy azt el\u0151re eltervezt\u00fck. Ugyan kor\u00e1n megszerezt\u00fck a vezet\u00e9st, r\u00e1ad\u00e1sul az ellenf\u00e9lb\u0151l ki\u00e1ll\u00edtott j\u00e1t\u00e9kos miatt emberel\u0151nyben is j\u00e1tszhattunk, sajnos m\u00e9gsem tudtunk \u00e9lni a lehet\u0151s\u00e9ggel a szok\u00e1sosn\u00e1l is t\u00f6bb gyenge egy\u00e9ni teljes\u00edtm\u00e9ny ok\u00e1n. Nagyon nagy luxusnak tartom egy fontos m\u00e9rk\u0151z\u00e9sen, hogy legal\u00e1bb nyolcszor vezetj\u00fck r\u00e1 a kapusra a labd\u00e1t \u00e9s azokb\u00f3l egyszer sem siker\u00fcl g\u00f3lt szerezni. Ez egy ilyen nap volt, rem\u00e9lem a h\u00e1tral\u00e9v\u0151 meccseken m\u00e1r nem lesz hasonl\u00f3 \u00e9s el tudjuk \u00e9rni a bajnoks\u00e1gban a c\u00e9lunkat.<\/p>\n<p><strong>J\u00f3k<\/strong>: Hegyes M\u00e1rton, Feh\u00e9r D\u00e1niel<\/p>\n<p><a id=\"set-post-thumbnail\" class=\"thickbox\" href=\"http:\/\/csepelfc.hu\/wp-admin\/media-upload.php?post_id=2683&amp;type=image&amp;TB_iframe=1\" aria-describedby=\"set-post-thumbnail-desc\"><img loading=\"lazy\" class=\"attachment-266x266 \" src=\"http:\/\/csepelfc.hu\/wp-content\/uploads\/2018\/05\/CsepelFCBLSZU17-AirNergy.jpg\" sizes=\"(max-width: 254px) 100vw, 254px\" alt=\"\" width=\"961\" height=\"1006\" \/><\/a><\/p>\n<p><strong>Pop Rich\u00e1rd:<\/strong> &#8211; A preszt\u00edzsen k\u00edv\u00fcl ennek a meccsnek m\u00e1r nem volt m\u00e1s t\u00e9tje, tekintve, hogy ellenfel\u00fcnk m\u00e1r kor\u00e1bban beh\u00fazta a bajnoki c\u00edmet, mi pedig a m\u00e1sodik helyet. Er\u0151s csapattal j\u00e1tszottunk, \u00e9s nagyon megnehez\u00edtett\u00fck a dolgukat. Nem kaptunk g\u00f3lt, ami kifejezetten pozit\u00edv dolog egy ilyen meccsen, \u00e9s \u0151sszel sem siker\u00fclt a kapunkba tal\u00e1lniuk, ami az\u00e9rt nagy sz\u00f3, mert nem sok csapat mondhatja el mag\u00e1r\u00f3l, hogy a bajnoknak nem siker\u00fclt g\u00f3lt szereznie ellen\u00fck. Ugyanakkor a kontraj\u00e1t\u00e9kunk nem hordozott mag\u00e1ban akkora vesz\u00e9lyt, mint amire el\u0151zetesen sz\u00e1m\u00edtottam, \u00edgy -b\u00e1r lett volna r\u00e1 lehet\u0151s\u00e9g\u00fcnk &#8211; g\u00f3lt mi sem tudtunk r\u00fagni. Nagy mel\u00f3t v\u00e9gezt\u00fcnk, igazi csapatmunka folyt a p\u00e1ly\u00e1n, amit j\u00f3 volt n\u00e9zni\u00a0\u00e9s gratul\u00e1lok a v\u00e9d\u0151inknek valamint a k\u00f6z\u00e9pp\u00e1ly\u00e1sainknak, mert j\u00f3l v\u00e9gezt\u00e9k a dolgukat. Gratul\u00e1lok a csapatnak a m\u00e1sodik helyez\u00e9shez, ami abszol\u00fat meg\u00e9rdemelt, f\u0151leg a tavaszi szezonban ny\u00fajtott teljes\u00edtm\u00e9ny\u00fcnk miatt,\u00a0hiszen ezen az egy d\u00f6ntetlenen k\u00edv\u00fcl az \u00f6sszes idei m\u00e9rk\u0151z\u00e9s\u00fcnket meg tudtuk nyerni.<\/p>\n<p><strong>J\u00f3k:<\/strong> az eg\u00e9sz csapat<\/p>\n<p><a id=\"set-post-thumbnail\" class=\"thickbox\" href=\"http:\/\/csepelfc.hu\/wp-admin\/media-upload.php?post_id=2683&amp;type=image&amp;TB_iframe=1\" aria-describedby=\"set-post-thumbnail-desc\"><img loading=\"lazy\" class=\"attachment-266x266 \" src=\"http:\/\/csepelfc.hu\/wp-content\/uploads\/2018\/05\/CsepelFCU15-BVSC.jpg\" sizes=\"(max-width: 266px) 100vw, 266px\" alt=\"\" width=\"960\" height=\"935\" \/><\/a><\/p>\n<p><strong>Elekes Zsolt:<\/strong> &#8211;<\/p>\n<p><a id=\"set-post-thumbnail\" class=\"thickbox\" href=\"http:\/\/csepelfc.hu\/wp-admin\/media-upload.php?post_id=2683&amp;type=image&amp;TB_iframe=1\" aria-describedby=\"set-post-thumbnail-desc\"><img loading=\"lazy\" class=\"attachment-266x266 \" src=\"http:\/\/csepelfc.hu\/wp-content\/uploads\/2018\/05\/CsepelFCU15-BVSCU15.jpg\" sizes=\"(max-width: 250px) 100vw, 250px\" alt=\"\" width=\"957\" height=\"1022\" \/><\/a><\/p>\n<p><strong>Elekes Zsolt:<\/strong> &#8211;<\/p>\n<p><a id=\"set-post-thumbnail\" class=\"thickbox\" href=\"http:\/\/csepelfc.hu\/wp-admin\/media-upload.php?post_id=2683&amp;type=image&amp;TB_iframe=1\" aria-describedby=\"set-post-thumbnail-desc\"><img loading=\"lazy\" class=\"attachment-266x266 \" src=\"http:\/\/csepelfc.hu\/wp-content\/uploads\/2018\/05\/Femina-CsepelFCLe\u00e1ny.jpg\" sizes=\"(max-width: 266px) 100vw, 266px\" alt=\"\" width=\"950\" height=\"854\" \/><\/a><\/p>\n","protected":false},"excerpt":{"rendered":"<div class=\"mh-excerpt\"><p>Egyes\u00fclet\u00fcnk ut\u00e1np\u00f3tl\u00e1sa mindegyik koroszt\u00e1lyban szinte fut\u00f3szalagon j\u00e1tssza bajnoki m\u00e9rk\u0151z\u00e9seit, melyek k\u00f6z\u00fcl ebben a fordul\u00f3ban javar\u00e9szt meglepet\u00e9s eredm\u00e9nyek sz\u00fclettek. \u00c9s itt most nem a gy\u0151zelemre gondolunk&#8230;<\/p>\n<\/div>","protected":false},"author":4,"featured_media":2695,"comment_status":"closed","ping_status":"open","sticky":false,"template":"","format":"standard","meta":{"jetpack_publicize_message":"","jetpack_is_tweetstorm":false,"jetpack_publicize_feature_enabled":true},"categories":[1,3],"tags":[],"jetpack_publicize_connections":[],"jetpack_featured_media_url":"http:\/\/csepelfc.hu\/wp-content\/uploads\/2018\/05\/CsepelU14-BVSCFoto.jpg","jetpack_sharing_enabled":true,"jetpack_shortlink":"https:\/\/wp.me\/p83FEU-Hh","_links":{"self":[{"href":"http:\/\/csepelfc.hu\/index.php\/wp-json\/wp\/v2\/posts\/2683"}],"collection":[{"href":"http:\/\/csepelfc.hu\/index.php\/wp-json\/wp\/v2\/posts"}],"about":[{"href":"http:\/\/csepelfc.hu\/index.php\/wp-json\/wp\/v2\/types\/post"}],"author":[{"embeddable":true,"href":"http:\/\/csepelfc.hu\/index.php\/wp-json\/wp\/v2\/users\/4"}],"replies":[{"embeddable":true,"href":"http:\/\/csepelfc.hu\/index.php\/wp-json\/wp\/v2\/comments?post=2683"}],"version-history":[{"count":5,"href":"http:\/\/csepelfc.hu\/index.php\/wp-json\/wp\/v2\/posts\/2683\/revisions"}],"predecessor-version":[{"id":2694,"href":"http:\/\/csepelfc.hu\/index.php\/wp-json\/wp\/v2\/posts\/2683\/revisions\/2694"}],"wp:featuredmedia":[{"embeddable":true,"href":"http:\/\/csepelfc.hu\/index.php\/wp-json\/wp\/v2\/media\/2695"}],"wp:attachment":[{"href":"http:\/\/csepelfc.hu\/index.php\/wp-json\/wp\/v2\/media?parent=2683"}],"wp:term":[{"taxonomy":"category","embeddable":true,"href":"http:\/\/csepelfc.hu\/index.php\/wp-json\/wp\/v2\/categories?post=2683"},{"taxonomy":"post_tag","embeddable":true,"href":"http:\/\/csepelfc.hu\/index.php\/wp-json\/wp\/v2\/tags?post=2683"}],"curies":[{"name":"wp","href":"https:\/\/api.w.org\/{rel}","templated":true}]}}